{"id":34622,"date":"2023-11-17T11:05:21","date_gmt":"2023-11-17T10:05:21","guid":{"rendered":"https:\/\/sagavinaestartit.com\/festes-de-santa-llucia-2023-a-lestartit-agenda-dactivitats-2\/"},"modified":"2025-09-15T13:43:48","modified_gmt":"2025-09-15T11:43:48","slug":"festes-santa-llucia-estartit","status":"publish","type":"post","link":"https:\/\/sagavinaestartit.com\/ca\/festes-santa-llucia-estartit\/","title":{"rendered":"Festes de Santa Ll\u00facia 2023 a l\u2019Estartit: Agenda d\u2019activitats"},"content":{"rendered":"\r\n<p>Del 9 al 17 de desembre del 2023 es celebra la festa de Santa Ll\u00facia a Estartit, una festa que inaugura la temporada nadalenca, ja que moltes de les activitats estan relacionades amb Nadal.<\/p>\r\n\r\n\r\n\r\n<p>Durant aquestes festes hi haur\u00e0 Street Market, concerts i dinars. S\u2019hi respirar\u00e0 un ambient nadalenc, amb la inauguraci\u00f3 del pessebre, concursos i can\u00e7ons tradicionals. A m\u00e9s a m\u00e9s, per als m\u00e9s petits hi haur\u00e0 una fira d\u2019atraccions de Nadal.<\/p>\r\n\r\n\r\n\r\n<h2 class=\"wp-block-heading\"><strong>Programa d\u2019activitats de la Festa Major de Santa Ll\u00facia 2023 a l\u2019Estartit<\/strong><\/h2>\r\n\r\n\r\n\r\n<h3 class=\"wp-block-heading\"><strong>Dissabte 9 de desembre<\/strong><\/h3>\r\n\r\n\r\n\r\n<p><strong>Pla\u00e7a de l\u2019esgl\u00e9sia de l\u2019Estartit<\/strong><\/p>\r\n\r\n\r\n\r\n<p>10:00 \u2013 Inauguraci\u00f3 d\u2019activitat d\u2019orientaci\u00f3<\/p>\r\n\r\n\r\n\r\n<p>10:00 \u2013 Street Market: comer\u00e7 de l\u2019Estartit<\/p>\r\n\r\n\r\n\r\n<p>10:00 \u2013 Street Market: comer\u00e7 de l\u2019Estartit<\/p>\r\n\r\n\r\n\r\n<p>11:00 \u2013 Street Market: tasts i vermuts<\/p>\r\n\r\n\r\n\r\n<p>11:30 \u2013 Street Market actuaci\u00f3 musical<\/p>\r\n\r\n\r\n\r\n<p>&nbsp;<\/p>\r\n\r\n\r\n\r\n<h3 class=\"wp-block-heading\"><strong>Dimecres 13 de desembre<\/strong><\/h3>\r\n\r\n\r\n\r\n<p><strong>Esgl\u00e9sia de Santa Anna<\/strong><\/p>\r\n\r\n\r\n\r\n<p>10:00 \u2013 Inauguraci\u00f3 del Ti\u00f3 Solidari<\/p>\r\n\r\n\r\n\r\n<p>10:00 \u2013 Inauguraci\u00f3 del pessebre<\/p>\r\n\r\n\r\n\r\n<p>10:30 &#8211; Missa solemne amb l\u00b4orquestra Montgrins i la Coral de Veus de l\u00b4Estartit<\/p>\r\n\r\n\r\n\r\n<p>11:30 \u2013 Petit concert amb la Coral de Veus de l\u2019Estartit<\/p>\r\n\r\n\r\n\r\n<p><strong>Pla\u00e7a de l\u2019esgl\u00e9sia de l\u2019Estartit<\/strong><\/p>\r\n\r\n\r\n\r\n<p>12:00 \u2013 Presentaci\u00f3 del Llibre de Santa Ll\u00facia<\/p>\r\n\r\n\r\n\r\n<p>12:15 \u2013 Concurs Top Model i Dinosaures Llibreria Elias<\/p>\r\n\r\n\r\n\r\n<p>12:30 \u2013 Preg\u00f3 de Santa Ll\u00facia<\/p>\r\n\r\n\r\n\r\n<p>13:00 \u2013 Sardanes amb la cobla orquestra Montgrins<\/p>\r\n\r\n\r\n\r\n<p>13:30 \u2013 Vermut popular<\/p>\r\n\r\n\r\n\r\n<p><strong>Sala polivalent de l\u2019Estartit<\/strong><\/p>\r\n\r\n\r\n\r\n<p>18:00 \u2013 Caf\u00e8 Concert amb l\u2019orquestra Montgrins<\/p>\r\n\r\n\r\n\r\n<p>19:00 Ball de tarda amb l\u2019orquestra Montgrins<\/p>\r\n\r\n\r\n\r\n<p>&nbsp;<\/p>\r\n\r\n\r\n\r\n<h3 class=\"wp-block-heading\"><strong>Divendres 15 de desembre<\/strong><\/h3>\r\n\r\n\r\n\r\n<p><strong>Biblioteca Municipal Mar de Llibres de l\u2019Estartit<\/strong><\/p>\r\n\r\n\r\n\r\n<p>19:00 \u2013 Presentaci\u00f3 del llibre: L\u2019ombra dels Ocellots de Miquel Riera<\/p>\r\n\r\n\r\n\r\n<p>&nbsp;<\/p>\r\n\r\n\r\n\r\n<h3 class=\"wp-block-heading\"><strong>Dissabte 16 de desembre<\/strong><\/h3>\r\n\r\n\r\n\r\n<p><strong>Aparcament de sorra a l&#8217;entrada del poble<\/strong><\/p>\r\n\r\n\r\n\r\n<p>10:00 \u2013 Santa Ll\u00facia Jove: Excursi\u00f3 caminant al roc\u00f2drom Xerpa del Montgr\u00ed<\/p>\r\n\r\n\r\n\r\n<p><strong>Pla\u00e7a de l\u2019esgl\u00e9sia de l\u2019Estartit<\/strong><\/p>\r\n\r\n\r\n\r\n<p>10:00 \u2013 Street Market: comer\u00e7 de l\u2019Estartit<\/p>\r\n\r\n\r\n\r\n<p>11:00 \u2013 Showcooking amb Josep Brugu\u00e9s i Toni Cabrera<\/p>\r\n\r\n\r\n\r\n<p>19:00 \u2013 Festa Nadalenca: Versos, can\u00e7ons i batucades<\/p>\r\n\r\n\r\n\r\n<p>20:00 \u2013 Botifarrada popular<\/p>\r\n\r\n\r\n\r\n<p>&nbsp;<\/p>\r\n\r\n\r\n\r\n<h3 class=\"wp-block-heading\"><strong>Diumenge 17 de desembre<\/strong><\/h3>\r\n\r\n\r\n\r\n<p><strong>Camp municipal de futbol de l\u2019Estartit<\/strong><\/p>\r\n\r\n\r\n\r\n<p>09:00 \u2013 Santa Ll\u00facia Jove: Partit de futbol solidari i Picnic electr\u00f2nic<\/p>\r\n\r\n\r\n\r\n<p><strong>Pla\u00e7a de l\u2019esgl\u00e9sia de l\u2019Estartit<\/strong><\/p>\r\n\r\n\r\n\r\n<p>10:00 \u2013 Street Market: comer\u00e7 de l\u2019Estartit<\/p>\r\n","protected":false},"excerpt":{"rendered":"<p>Del 9 al 17 de desembre del 2023 es celebra la festa de Santa Ll\u00facia a Estartit, una festa que inaugura la temporada nadalenca, ja que moltes de les activitats estan relacionades amb Nadal. Durant aquestes festes hi haur\u00e0 Street  [&#8230;]<\/p>\n","protected":false},"author":1,"featured_media":34618,"comment_status":"closed","ping_status":"closed","sticky":false,"template":"","format":"standard","meta":{"footnotes":""},"categories":[116,675,676,677,600],"tags":[384,212,601,532,207,529,202,603,679],"class_list":["post-34622","post","type-post","status-publish","format-standard","has-post-thumbnail","hentry","category-activitats-a-lestartit","category-costa-brava","category-emporda","category-excursion-1-dia","category-que-fer-amb-nens-ca","tag-actividades-estartitestartitestartit-2023fiesta-estartitsanta-llucia-estartit","tag-activitats-a-lestartit","tag-activitats-familiars-ca","tag-costa-brava-ca","tag-espectacles","tag-fires-i-festes","tag-llocs-dinteres","tag-que-fer-amb-nens-ca","tag-que-hacer-en-lestartit"],"yoast_head":"<!-- This site is optimized with the Yoast SEO plugin v27.1.1 - https:\/\/yoast.com\/product\/yoast-seo-wordpress\/ -->\n<title>Festes de Santa Ll\u00facia 2023 a l\u2019Estartit: Agenda d\u2019activitats | Apartaments a l&#039;Estartit<\/title>\n<meta name=\"description\" content=\"Del 9 al 17 de desembre del 2023 es celebra la festa de Santa Ll\u00facia a Estartit, una festa que inaugura la temporada nadalenca.\" \/>\n<meta name=\"robots\" content=\"index, follow, max-snippet:-1, max-image-preview:large, max-video-preview:-1\" \/>\n<link rel=\"canonical\" href=\"https:\/\/sagavinaestartit.com\/ca\/festes-santa-llucia-estartit\/\" \/>\n<meta property=\"og:locale\" content=\"ca_ES\" \/>\n<meta property=\"og:type\" content=\"article\" \/>\n<meta property=\"og:title\" content=\"Festes de Santa Ll\u00facia 2023 a l\u2019Estartit: Agenda d\u2019activitats | Apartaments a l&#039;Estartit\" \/>\n<meta property=\"og:description\" content=\"Del 9 al 17 de desembre del 2023 es celebra la festa de Santa Ll\u00facia a Estartit, una festa que inaugura la temporada nadalenca.\" \/>\n<meta property=\"og:url\" content=\"https:\/\/sagavinaestartit.com\/ca\/festes-santa-llucia-estartit\/\" \/>\n<meta property=\"og:site_name\" content=\"Apartaments a l&#039;Estartit\" \/>\n<meta property=\"article:published_time\" content=\"2023-11-17T10:05:21+00:00\" \/>\n<meta property=\"article:modified_time\" content=\"2025-09-15T11:43:48+00:00\" \/>\n<meta property=\"og:image\" content=\"https:\/\/sagavinaestartit.com\/wp-content\/uploads\/2023\/11\/Sta.-LLucia-2023-scaled.webp\" \/>\n\t<meta property=\"og:image:width\" content=\"2560\" \/>\n\t<meta property=\"og:image:height\" content=\"1280\" \/>\n\t<meta property=\"og:image:type\" content=\"image\/webp\" \/>\n<meta name=\"author\" content=\"tecnico_alojapro\" \/>\n<meta name=\"twitter:card\" content=\"summary_large_image\" \/>\n<meta name=\"twitter:label1\" content=\"Escrit per\" \/>\n\t<meta name=\"twitter:data1\" content=\"tecnico_alojapro\" \/>\n\t<meta name=\"twitter:label2\" content=\"Temps estimat de lectura\" \/>\n\t<meta name=\"twitter:data2\" content=\"2 minuts\" \/>\n<script type=\"application\/ld+json\" class=\"yoast-schema-graph\">{\"@context\":\"https:\/\/schema.org\",\"@graph\":[{\"@type\":\"Article\",\"@id\":\"https:\/\/sagavinaestartit.com\/ca\/festes-santa-llucia-estartit\/#article\",\"isPartOf\":{\"@id\":\"https:\/\/sagavinaestartit.com\/ca\/festes-santa-llucia-estartit\/\"},\"author\":{\"name\":\"tecnico_alojapro\",\"@id\":\"https:\/\/sagavinaestartit.com\/ca\/#\/schema\/person\/72b3f9a420869474351007377bde83c0\"},\"headline\":\"Festes de Santa Ll\u00facia 2023 a l\u2019Estartit: Agenda d\u2019activitats\",\"datePublished\":\"2023-11-17T10:05:21+00:00\",\"dateModified\":\"2025-09-15T11:43:48+00:00\",\"mainEntityOfPage\":{\"@id\":\"https:\/\/sagavinaestartit.com\/ca\/festes-santa-llucia-estartit\/\"},\"wordCount\":351,\"publisher\":{\"@id\":\"https:\/\/sagavinaestartit.com\/ca\/#organization\"},\"image\":{\"@id\":\"https:\/\/sagavinaestartit.com\/ca\/festes-santa-llucia-estartit\/#primaryimage\"},\"thumbnailUrl\":\"https:\/\/sagavinaestartit.com\/wp-content\/uploads\/2023\/11\/Sta.-LLucia-2023-scaled.webp\",\"keywords\":[\"actividades estartit|estartit|estartit 2023|fiesta estartit|santa llucia estartit\",\"activitats a l'Estartit\",\"Activitats familiars\",\"Costa Brava\",\"espectacles\",\"fires i festes\",\"llocs d'inter\u00e8s\",\"Que fer amb nens\",\"qu\u00e9 hacer en l'Estartit\"],\"articleSection\":[\"Activitats a l'Estartit\",\"Costa Brava\",\"Empord\u00e0\",\"Excursi\u00f3n 1 d\u00eda\",\"Que fer amb nens\"],\"inLanguage\":\"ca\"},{\"@type\":\"WebPage\",\"@id\":\"https:\/\/sagavinaestartit.com\/ca\/festes-santa-llucia-estartit\/\",\"url\":\"https:\/\/sagavinaestartit.com\/ca\/festes-santa-llucia-estartit\/\",\"name\":\"Festes de Santa Ll\u00facia 2023 a l\u2019Estartit: Agenda d\u2019activitats | Apartaments a l'Estartit\",\"isPartOf\":{\"@id\":\"https:\/\/sagavinaestartit.com\/ca\/#website\"},\"primaryImageOfPage\":{\"@id\":\"https:\/\/sagavinaestartit.com\/ca\/festes-santa-llucia-estartit\/#primaryimage\"},\"image\":{\"@id\":\"https:\/\/sagavinaestartit.com\/ca\/festes-santa-llucia-estartit\/#primaryimage\"},\"thumbnailUrl\":\"https:\/\/sagavinaestartit.com\/wp-content\/uploads\/2023\/11\/Sta.-LLucia-2023-scaled.webp\",\"datePublished\":\"2023-11-17T10:05:21+00:00\",\"dateModified\":\"2025-09-15T11:43:48+00:00\",\"description\":\"Del 9 al 17 de desembre del 2023 es celebra la festa de Santa Ll\u00facia a Estartit, una festa que inaugura la temporada nadalenca.\",\"breadcrumb\":{\"@id\":\"https:\/\/sagavinaestartit.com\/ca\/festes-santa-llucia-estartit\/#breadcrumb\"},\"inLanguage\":\"ca\",\"potentialAction\":[{\"@type\":\"ReadAction\",\"target\":[\"https:\/\/sagavinaestartit.com\/ca\/festes-santa-llucia-estartit\/\"]}]},{\"@type\":\"ImageObject\",\"inLanguage\":\"ca\",\"@id\":\"https:\/\/sagavinaestartit.com\/ca\/festes-santa-llucia-estartit\/#primaryimage\",\"url\":\"https:\/\/sagavinaestartit.com\/wp-content\/uploads\/2023\/11\/Sta.-LLucia-2023-scaled.webp\",\"contentUrl\":\"https:\/\/sagavinaestartit.com\/wp-content\/uploads\/2023\/11\/Sta.-LLucia-2023-scaled.webp\",\"width\":2560,\"height\":1280,\"caption\":\"Sta. LLucia 2023 estartit\"},{\"@type\":\"BreadcrumbList\",\"@id\":\"https:\/\/sagavinaestartit.com\/ca\/festes-santa-llucia-estartit\/#breadcrumb\",\"itemListElement\":[{\"@type\":\"ListItem\",\"position\":1,\"name\":\"Portada\",\"item\":\"https:\/\/sagavinaestartit.com\/ca\/home\/\"},{\"@type\":\"ListItem\",\"position\":2,\"name\":\"Festes de Santa Ll\u00facia 2023 a l\u2019Estartit: Agenda d\u2019activitats\"}]},{\"@type\":\"WebSite\",\"@id\":\"https:\/\/sagavinaestartit.com\/ca\/#website\",\"url\":\"https:\/\/sagavinaestartit.com\/ca\/\",\"name\":\"Sa Gavina Apartaments\",\"description\":\"Sa Gavina Apartaments\",\"publisher\":{\"@id\":\"https:\/\/sagavinaestartit.com\/ca\/#organization\"},\"potentialAction\":[{\"@type\":\"SearchAction\",\"target\":{\"@type\":\"EntryPoint\",\"urlTemplate\":\"https:\/\/sagavinaestartit.com\/ca\/?s={search_term_string}\"},\"query-input\":{\"@type\":\"PropertyValueSpecification\",\"valueRequired\":true,\"valueName\":\"search_term_string\"}}],\"inLanguage\":\"ca\"},{\"@type\":\"Organization\",\"@id\":\"https:\/\/sagavinaestartit.com\/ca\/#organization\",\"name\":\"Sa Gavina Apartaments\",\"url\":\"https:\/\/sagavinaestartit.com\/ca\/\",\"logo\":{\"@type\":\"ImageObject\",\"inLanguage\":\"ca\",\"@id\":\"https:\/\/sagavinaestartit.com\/ca\/#\/schema\/logo\/image\/\",\"url\":\"https:\/\/sagavinaestartit.com\/wp-content\/uploads\/2024\/12\/3-1.png\",\"contentUrl\":\"https:\/\/sagavinaestartit.com\/wp-content\/uploads\/2024\/12\/3-1.png\",\"width\":500,\"height\":200,\"caption\":\"Sa Gavina Apartaments\"},\"image\":{\"@id\":\"https:\/\/sagavinaestartit.com\/ca\/#\/schema\/logo\/image\/\"}},{\"@type\":\"Person\",\"@id\":\"https:\/\/sagavinaestartit.com\/ca\/#\/schema\/person\/72b3f9a420869474351007377bde83c0\",\"name\":\"tecnico_alojapro\",\"sameAs\":[\"https:\/\/sagavinaestartit.com\"]}]}<\/script>\n<!-- \/ Yoast SEO plugin. -->","yoast_head_json":{"title":"Festes de Santa Ll\u00facia 2023 a l\u2019Estartit: Agenda d\u2019activitats | Apartaments a l'Estartit","description":"Del 9 al 17 de desembre del 2023 es celebra la festa de Santa Ll\u00facia a Estartit, una festa que inaugura la temporada nadalenca.","robots":{"index":"index","follow":"follow","max-snippet":"max-snippet:-1","max-image-preview":"max-image-preview:large","max-video-preview":"max-video-preview:-1"},"canonical":"https:\/\/sagavinaestartit.com\/ca\/festes-santa-llucia-estartit\/","og_locale":"ca_ES","og_type":"article","og_title":"Festes de Santa Ll\u00facia 2023 a l\u2019Estartit: Agenda d\u2019activitats | Apartaments a l'Estartit","og_description":"Del 9 al 17 de desembre del 2023 es celebra la festa de Santa Ll\u00facia a Estartit, una festa que inaugura la temporada nadalenca.","og_url":"https:\/\/sagavinaestartit.com\/ca\/festes-santa-llucia-estartit\/","og_site_name":"Apartaments a l'Estartit","article_published_time":"2023-11-17T10:05:21+00:00","article_modified_time":"2025-09-15T11:43:48+00:00","og_image":[{"width":2560,"height":1280,"url":"https:\/\/sagavinaestartit.com\/wp-content\/uploads\/2023\/11\/Sta.-LLucia-2023-scaled.webp","type":"image\/webp"}],"author":"tecnico_alojapro","twitter_card":"summary_large_image","twitter_misc":{"Escrit per":"tecnico_alojapro","Temps estimat de lectura":"2 minuts"},"schema":{"@context":"https:\/\/schema.org","@graph":[{"@type":"Article","@id":"https:\/\/sagavinaestartit.com\/ca\/festes-santa-llucia-estartit\/#article","isPartOf":{"@id":"https:\/\/sagavinaestartit.com\/ca\/festes-santa-llucia-estartit\/"},"author":{"name":"tecnico_alojapro","@id":"https:\/\/sagavinaestartit.com\/ca\/#\/schema\/person\/72b3f9a420869474351007377bde83c0"},"headline":"Festes de Santa Ll\u00facia 2023 a l\u2019Estartit: Agenda d\u2019activitats","datePublished":"2023-11-17T10:05:21+00:00","dateModified":"2025-09-15T11:43:48+00:00","mainEntityOfPage":{"@id":"https:\/\/sagavinaestartit.com\/ca\/festes-santa-llucia-estartit\/"},"wordCount":351,"publisher":{"@id":"https:\/\/sagavinaestartit.com\/ca\/#organization"},"image":{"@id":"https:\/\/sagavinaestartit.com\/ca\/festes-santa-llucia-estartit\/#primaryimage"},"thumbnailUrl":"https:\/\/sagavinaestartit.com\/wp-content\/uploads\/2023\/11\/Sta.-LLucia-2023-scaled.webp","keywords":["actividades estartit|estartit|estartit 2023|fiesta estartit|santa llucia estartit","activitats a l'Estartit","Activitats familiars","Costa Brava","espectacles","fires i festes","llocs d'inter\u00e8s","Que fer amb nens","qu\u00e9 hacer en l'Estartit"],"articleSection":["Activitats a l'Estartit","Costa Brava","Empord\u00e0","Excursi\u00f3n 1 d\u00eda","Que fer amb nens"],"inLanguage":"ca"},{"@type":"WebPage","@id":"https:\/\/sagavinaestartit.com\/ca\/festes-santa-llucia-estartit\/","url":"https:\/\/sagavinaestartit.com\/ca\/festes-santa-llucia-estartit\/","name":"Festes de Santa Ll\u00facia 2023 a l\u2019Estartit: Agenda d\u2019activitats | Apartaments a l'Estartit","isPartOf":{"@id":"https:\/\/sagavinaestartit.com\/ca\/#website"},"primaryImageOfPage":{"@id":"https:\/\/sagavinaestartit.com\/ca\/festes-santa-llucia-estartit\/#primaryimage"},"image":{"@id":"https:\/\/sagavinaestartit.com\/ca\/festes-santa-llucia-estartit\/#primaryimage"},"thumbnailUrl":"https:\/\/sagavinaestartit.com\/wp-content\/uploads\/2023\/11\/Sta.-LLucia-2023-scaled.webp","datePublished":"2023-11-17T10:05:21+00:00","dateModified":"2025-09-15T11:43:48+00:00","description":"Del 9 al 17 de desembre del 2023 es celebra la festa de Santa Ll\u00facia a Estartit, una festa que inaugura la temporada nadalenca.","breadcrumb":{"@id":"https:\/\/sagavinaestartit.com\/ca\/festes-santa-llucia-estartit\/#breadcrumb"},"inLanguage":"ca","potentialAction":[{"@type":"ReadAction","target":["https:\/\/sagavinaestartit.com\/ca\/festes-santa-llucia-estartit\/"]}]},{"@type":"ImageObject","inLanguage":"ca","@id":"https:\/\/sagavinaestartit.com\/ca\/festes-santa-llucia-estartit\/#primaryimage","url":"https:\/\/sagavinaestartit.com\/wp-content\/uploads\/2023\/11\/Sta.-LLucia-2023-scaled.webp","contentUrl":"https:\/\/sagavinaestartit.com\/wp-content\/uploads\/2023\/11\/Sta.-LLucia-2023-scaled.webp","width":2560,"height":1280,"caption":"Sta. LLucia 2023 estartit"},{"@type":"BreadcrumbList","@id":"https:\/\/sagavinaestartit.com\/ca\/festes-santa-llucia-estartit\/#breadcrumb","itemListElement":[{"@type":"ListItem","position":1,"name":"Portada","item":"https:\/\/sagavinaestartit.com\/ca\/home\/"},{"@type":"ListItem","position":2,"name":"Festes de Santa Ll\u00facia 2023 a l\u2019Estartit: Agenda d\u2019activitats"}]},{"@type":"WebSite","@id":"https:\/\/sagavinaestartit.com\/ca\/#website","url":"https:\/\/sagavinaestartit.com\/ca\/","name":"Sa Gavina Apartaments","description":"Sa Gavina Apartaments","publisher":{"@id":"https:\/\/sagavinaestartit.com\/ca\/#organization"},"potentialAction":[{"@type":"SearchAction","target":{"@type":"EntryPoint","urlTemplate":"https:\/\/sagavinaestartit.com\/ca\/?s={search_term_string}"},"query-input":{"@type":"PropertyValueSpecification","valueRequired":true,"valueName":"search_term_string"}}],"inLanguage":"ca"},{"@type":"Organization","@id":"https:\/\/sagavinaestartit.com\/ca\/#organization","name":"Sa Gavina Apartaments","url":"https:\/\/sagavinaestartit.com\/ca\/","logo":{"@type":"ImageObject","inLanguage":"ca","@id":"https:\/\/sagavinaestartit.com\/ca\/#\/schema\/logo\/image\/","url":"https:\/\/sagavinaestartit.com\/wp-content\/uploads\/2024\/12\/3-1.png","contentUrl":"https:\/\/sagavinaestartit.com\/wp-content\/uploads\/2024\/12\/3-1.png","width":500,"height":200,"caption":"Sa Gavina Apartaments"},"image":{"@id":"https:\/\/sagavinaestartit.com\/ca\/#\/schema\/logo\/image\/"}},{"@type":"Person","@id":"https:\/\/sagavinaestartit.com\/ca\/#\/schema\/person\/72b3f9a420869474351007377bde83c0","name":"tecnico_alojapro","sameAs":["https:\/\/sagavinaestartit.com"]}]}},"_links":{"self":[{"href":"https:\/\/sagavinaestartit.com\/ca\/wp-json\/wp\/v2\/posts\/34622","targetHints":{"allow":["GET"]}}],"collection":[{"href":"https:\/\/sagavinaestartit.com\/ca\/wp-json\/wp\/v2\/posts"}],"about":[{"href":"https:\/\/sagavinaestartit.com\/ca\/wp-json\/wp\/v2\/types\/post"}],"author":[{"embeddable":true,"href":"https:\/\/sagavinaestartit.com\/ca\/wp-json\/wp\/v2\/users\/1"}],"replies":[{"embeddable":true,"href":"https:\/\/sagavinaestartit.com\/ca\/wp-json\/wp\/v2\/comments?post=34622"}],"version-history":[{"count":3,"href":"https:\/\/sagavinaestartit.com\/ca\/wp-json\/wp\/v2\/posts\/34622\/revisions"}],"predecessor-version":[{"id":34631,"href":"https:\/\/sagavinaestartit.com\/ca\/wp-json\/wp\/v2\/posts\/34622\/revisions\/34631"}],"wp:featuredmedia":[{"embeddable":true,"href":"https:\/\/sagavinaestartit.com\/ca\/wp-json\/wp\/v2\/media\/34618"}],"wp:attachment":[{"href":"https:\/\/sagavinaestartit.com\/ca\/wp-json\/wp\/v2\/media?parent=34622"}],"wp:term":[{"taxonomy":"category","embeddable":true,"href":"https:\/\/sagavinaestartit.com\/ca\/wp-json\/wp\/v2\/categories?post=34622"},{"taxonomy":"post_tag","embeddable":true,"href":"https:\/\/sagavinaestartit.com\/ca\/wp-json\/wp\/v2\/tags?post=34622"}],"curies":[{"name":"wp","href":"https:\/\/api.w.org\/{rel}","templated":true}]}}