{"id":34515,"date":"2024-04-18T07:28:37","date_gmt":"2024-04-18T05:28:37","guid":{"rendered":"https:\/\/sagavinaestartit.com\/mirador-de-lestartit-cap-de-la-barra\/"},"modified":"2025-09-03T16:18:56","modified_gmt":"2025-09-03T14:18:56","slug":"mirador-estartit-cap-de-la-barra","status":"publish","type":"post","link":"https:\/\/sagavinaestartit.com\/ca\/mirador-estartit-cap-de-la-barra\/","title":{"rendered":"Mirador de l&#8217;Estartit: Cap de la Barra"},"content":{"rendered":"\r\n<p>Si est\u00e0s buscant un mirador en l\u2019Estartit amb vistes espectaculars, no et pots perdre el <strong>Mirador del Cap de la Barra. <\/strong> Situat a 85 metres sobre el nivell del mar i dins del Parc Natural del Montgr\u00ed, les Illes Medes i el Baix Ter, aquest espai natural protegit \u00e9s un dels imprescindibles de la Costa Brava.<\/p>\r\n<h3><strong>Vistas \u00fanicas al mar y las Islas Medes<\/strong><\/h3>\r\n<p>Des del mirador gaudir\u00e0s d\u2019una panor\u00e0mica impressionant del Mediterrani i les Illes Medes, un dels paratges m\u00e9s emblem\u00e0tics de la zona. \u00c9s un lloc ideal per fer fotos, relaxar-te i connectar amb la natura mentre respires aire pur.<\/p>\r\n\r\n\r\n\r\n<h2 class=\"wp-block-heading\"><strong>Com arribar al mirador del Cap de la Barra<\/strong><\/h2>\r\n\r\n\r\n\r\n<p>Arribar-hi \u00e9s molt senzill.<\/p>\r\n<ul>\r\n<li>El punto de inicio es la <strong>calle Cap de Barra<\/strong>, al final del puerto de l\u2019Estartit.<\/li>\r\n<li>Solo tendr\u00e1s que seguir el camino y subir unos 800 metros.<\/li>\r\n<\/ul>\r\n<p>Es tracta d\u2019una ruta curta i de dificultat baixa, perfecta per fer amb fam\u00edlies i nens.<\/p>\r\n\r\n\r\n\r\n<p><strong><a href=\"https:\/\/maps.app.goo.gl\/Htf8McDgXmGk29r2A\">Com arribar al Mirador del Cap de la Barra<\/a><\/strong><\/p>\r\n\r\n\r\n\r\n\r\n\r\n<h2 class=\"wp-block-heading\"><strong>Dist\u00e0ncia des dels nostres Apartaments<\/strong><\/h2>\r\n\r\n\r\n\r\n<p>Si t\u2019allotges als nostres <a href=\"https:\/\/sagavinaestartit.com\/ca\/\">apartaments a l\u2019Estartit<\/a>, est\u00e0s de sort: el Mirador del Cabo de la Barra es troba a menys de 30 minuts a peu. Aix\u00f2 el converteix en una excursi\u00f3 ideal per completar el teu dia de platja o natura.<\/p>\r\n\r\n\r\n\r\n<p>Gaudir\u00e0s d\u00b4unes magn\u00edfiques vistes a les Illes Medes, amb una perspectiva \u00fanica en un entorn privilegiat.&#8221;<\/p>\r\n<h2><strong>Planifica les teves vacances a l\u2019Estartit<\/strong><\/h2>\r\n\r\n\r\n\r\n<p>Encara que falti una mica per a les teves vacances, mai \u00e9s massa d\u2019hora per comen\u00e7ar a organitzar-les. <strong data-start=\"185\" data-end=\"248\">Els nostres apartaments a l\u2019Estartit <\/strong>estan oberts de maig a octubre. Reserva ara i gaudeix d\u2019uns dies de relaxaci\u00f3 en un entorn privilegiat.<\/p>\r\n<p><a href=\"https:\/\/sagavinaestartit.com\/ca\/\"><strong>Reserva ara els teus apartaments a l\u2019Estartit<\/strong><\/a> i descobreix el Mirador del Cabo de la Barra, una experi\u00e8ncia que recordar\u00e0s sempre.<\/p>\r\n\r\n\r\n","protected":false},"excerpt":{"rendered":"<p>Si est\u00e0s buscant un mirador en l\u2019Estartit amb vistes espectaculars, no et pots perdre el Mirador del Cap de la Barra. Situat a 85 metres sobre el nivell del mar i dins del Parc Natural del Montgr\u00ed, les Illes Medes  [&#8230;]<\/p>\n","protected":false},"author":1,"featured_media":33129,"comment_status":"closed","ping_status":"closed","sticky":false,"template":"","format":"standard","meta":{"footnotes":""},"categories":[116,675,676,677,439],"tags":[212,532,746,202,378,226,563,630,505],"class_list":["post-34515","post","type-post","status-publish","format-standard","has-post-thumbnail","hentry","category-activitats-a-lestartit","category-costa-brava","category-emporda","category-excursion-1-dia","category-imprescindibles","tag-activitats-a-lestartit","tag-costa-brava-ca","tag-kayak-estartit-ca","tag-llocs-dinteres","tag-mirador-cabo-de-la-barramirador-estartitmiradores-estartit","tag-platges-estartit","tag-ruta-estartit-ca","tag-snorkel-costa-brava-ca","tag-turisme-de-proximitat"],"yoast_head":"<!-- This site is optimized with the Yoast SEO plugin v27.1.1 - https:\/\/yoast.com\/product\/yoast-seo-wordpress\/ -->\n<title>Mirador de l&#039;Estartit: Cap de la Barra | Apartaments a l&#039;Estartit<\/title>\n<meta name=\"description\" content=\"Descobreix un dels millors miradors a l&#039;Estartit, Costa Brava. Gaudeix de les millors vistes al mar des del Mirador Cap de la Barra.\" \/>\n<meta name=\"robots\" content=\"index, follow, max-snippet:-1, max-image-preview:large, max-video-preview:-1\" \/>\n<link rel=\"canonical\" href=\"https:\/\/sagavinaestartit.com\/ca\/mirador-estartit-cap-de-la-barra\/\" \/>\n<meta property=\"og:locale\" content=\"ca_ES\" \/>\n<meta property=\"og:type\" content=\"article\" \/>\n<meta property=\"og:title\" content=\"Mirador de l&#039;Estartit: Cap de la Barra | Apartaments a l&#039;Estartit\" \/>\n<meta property=\"og:description\" content=\"Descobreix un dels millors miradors a l&#039;Estartit, Costa Brava. Gaudeix de les millors vistes al mar des del Mirador Cap de la Barra.\" \/>\n<meta property=\"og:url\" content=\"https:\/\/sagavinaestartit.com\/ca\/mirador-estartit-cap-de-la-barra\/\" \/>\n<meta property=\"og:site_name\" content=\"Apartaments a l&#039;Estartit\" \/>\n<meta property=\"article:published_time\" content=\"2024-04-18T05:28:37+00:00\" \/>\n<meta property=\"article:modified_time\" content=\"2025-09-03T14:18:56+00:00\" \/>\n<meta property=\"og:image\" content=\"https:\/\/sagavinaestartit.com\/wp-content\/uploads\/2024\/04\/mirador-estartit-1200x900-1.webp\" \/>\n\t<meta property=\"og:image:width\" content=\"1200\" \/>\n\t<meta property=\"og:image:height\" content=\"900\" \/>\n\t<meta property=\"og:image:type\" content=\"image\/webp\" \/>\n<meta name=\"author\" content=\"tecnico_alojapro\" \/>\n<meta name=\"twitter:card\" content=\"summary_large_image\" \/>\n<meta name=\"twitter:label1\" content=\"Escrit per\" \/>\n\t<meta name=\"twitter:data1\" content=\"tecnico_alojapro\" \/>\n\t<meta name=\"twitter:label2\" content=\"Temps estimat de lectura\" \/>\n\t<meta name=\"twitter:data2\" content=\"2 minuts\" \/>\n<script type=\"application\/ld+json\" class=\"yoast-schema-graph\">{\"@context\":\"https:\/\/schema.org\",\"@graph\":[{\"@type\":\"Article\",\"@id\":\"https:\/\/sagavinaestartit.com\/ca\/mirador-estartit-cap-de-la-barra\/#article\",\"isPartOf\":{\"@id\":\"https:\/\/sagavinaestartit.com\/ca\/mirador-estartit-cap-de-la-barra\/\"},\"author\":{\"name\":\"tecnico_alojapro\",\"@id\":\"https:\/\/sagavinaestartit.com\/ca\/#\/schema\/person\/72b3f9a420869474351007377bde83c0\"},\"headline\":\"Mirador de l&#8217;Estartit: Cap de la Barra\",\"datePublished\":\"2024-04-18T05:28:37+00:00\",\"dateModified\":\"2025-09-03T14:18:56+00:00\",\"mainEntityOfPage\":{\"@id\":\"https:\/\/sagavinaestartit.com\/ca\/mirador-estartit-cap-de-la-barra\/\"},\"wordCount\":329,\"publisher\":{\"@id\":\"https:\/\/sagavinaestartit.com\/ca\/#organization\"},\"image\":{\"@id\":\"https:\/\/sagavinaestartit.com\/ca\/mirador-estartit-cap-de-la-barra\/#primaryimage\"},\"thumbnailUrl\":\"https:\/\/sagavinaestartit.com\/wp-content\/uploads\/2024\/04\/mirador-estartit-1200x900-1.webp\",\"keywords\":[\"activitats a l'Estartit\",\"Costa Brava\",\"kayak estartit\",\"llocs d'inter\u00e8s\",\"mirador cabo de la barra|mirador estartit|miradores estartit\",\"platges estartit\",\"ruta estartit\",\"snorkel costa brava\",\"turisme de proximitat\"],\"articleSection\":[\"Activitats a l'Estartit\",\"Costa Brava\",\"Empord\u00e0\",\"Excursi\u00f3n 1 d\u00eda\",\"Imprescindibles\"],\"inLanguage\":\"ca\"},{\"@type\":\"WebPage\",\"@id\":\"https:\/\/sagavinaestartit.com\/ca\/mirador-estartit-cap-de-la-barra\/\",\"url\":\"https:\/\/sagavinaestartit.com\/ca\/mirador-estartit-cap-de-la-barra\/\",\"name\":\"Mirador de l'Estartit: Cap de la Barra | Apartaments a l'Estartit\",\"isPartOf\":{\"@id\":\"https:\/\/sagavinaestartit.com\/ca\/#website\"},\"primaryImageOfPage\":{\"@id\":\"https:\/\/sagavinaestartit.com\/ca\/mirador-estartit-cap-de-la-barra\/#primaryimage\"},\"image\":{\"@id\":\"https:\/\/sagavinaestartit.com\/ca\/mirador-estartit-cap-de-la-barra\/#primaryimage\"},\"thumbnailUrl\":\"https:\/\/sagavinaestartit.com\/wp-content\/uploads\/2024\/04\/mirador-estartit-1200x900-1.webp\",\"datePublished\":\"2024-04-18T05:28:37+00:00\",\"dateModified\":\"2025-09-03T14:18:56+00:00\",\"description\":\"Descobreix un dels millors miradors a l'Estartit, Costa Brava. Gaudeix de les millors vistes al mar des del Mirador Cap de la Barra.\",\"breadcrumb\":{\"@id\":\"https:\/\/sagavinaestartit.com\/ca\/mirador-estartit-cap-de-la-barra\/#breadcrumb\"},\"inLanguage\":\"ca\",\"potentialAction\":[{\"@type\":\"ReadAction\",\"target\":[\"https:\/\/sagavinaestartit.com\/ca\/mirador-estartit-cap-de-la-barra\/\"]}]},{\"@type\":\"ImageObject\",\"inLanguage\":\"ca\",\"@id\":\"https:\/\/sagavinaestartit.com\/ca\/mirador-estartit-cap-de-la-barra\/#primaryimage\",\"url\":\"https:\/\/sagavinaestartit.com\/wp-content\/uploads\/2024\/04\/mirador-estartit-1200x900-1.webp\",\"contentUrl\":\"https:\/\/sagavinaestartit.com\/wp-content\/uploads\/2024\/04\/mirador-estartit-1200x900-1.webp\",\"width\":1200,\"height\":900,\"caption\":\"mirador cap de barra Estartit\"},{\"@type\":\"BreadcrumbList\",\"@id\":\"https:\/\/sagavinaestartit.com\/ca\/mirador-estartit-cap-de-la-barra\/#breadcrumb\",\"itemListElement\":[{\"@type\":\"ListItem\",\"position\":1,\"name\":\"Portada\",\"item\":\"https:\/\/sagavinaestartit.com\/ca\/home\/\"},{\"@type\":\"ListItem\",\"position\":2,\"name\":\"Mirador de l&#8217;Estartit: Cap de la Barra\"}]},{\"@type\":\"WebSite\",\"@id\":\"https:\/\/sagavinaestartit.com\/ca\/#website\",\"url\":\"https:\/\/sagavinaestartit.com\/ca\/\",\"name\":\"Sa Gavina Apartaments\",\"description\":\"Sa Gavina Apartaments\",\"publisher\":{\"@id\":\"https:\/\/sagavinaestartit.com\/ca\/#organization\"},\"potentialAction\":[{\"@type\":\"SearchAction\",\"target\":{\"@type\":\"EntryPoint\",\"urlTemplate\":\"https:\/\/sagavinaestartit.com\/ca\/?s={search_term_string}\"},\"query-input\":{\"@type\":\"PropertyValueSpecification\",\"valueRequired\":true,\"valueName\":\"search_term_string\"}}],\"inLanguage\":\"ca\"},{\"@type\":\"Organization\",\"@id\":\"https:\/\/sagavinaestartit.com\/ca\/#organization\",\"name\":\"Sa Gavina Apartaments\",\"url\":\"https:\/\/sagavinaestartit.com\/ca\/\",\"logo\":{\"@type\":\"ImageObject\",\"inLanguage\":\"ca\",\"@id\":\"https:\/\/sagavinaestartit.com\/ca\/#\/schema\/logo\/image\/\",\"url\":\"https:\/\/sagavinaestartit.com\/wp-content\/uploads\/2024\/12\/3-1.png\",\"contentUrl\":\"https:\/\/sagavinaestartit.com\/wp-content\/uploads\/2024\/12\/3-1.png\",\"width\":500,\"height\":200,\"caption\":\"Sa Gavina Apartaments\"},\"image\":{\"@id\":\"https:\/\/sagavinaestartit.com\/ca\/#\/schema\/logo\/image\/\"}},{\"@type\":\"Person\",\"@id\":\"https:\/\/sagavinaestartit.com\/ca\/#\/schema\/person\/72b3f9a420869474351007377bde83c0\",\"name\":\"tecnico_alojapro\",\"sameAs\":[\"https:\/\/sagavinaestartit.com\"]}]}<\/script>\n<!-- \/ Yoast SEO plugin. -->","yoast_head_json":{"title":"Mirador de l'Estartit: Cap de la Barra | Apartaments a l'Estartit","description":"Descobreix un dels millors miradors a l'Estartit, Costa Brava. Gaudeix de les millors vistes al mar des del Mirador Cap de la Barra.","robots":{"index":"index","follow":"follow","max-snippet":"max-snippet:-1","max-image-preview":"max-image-preview:large","max-video-preview":"max-video-preview:-1"},"canonical":"https:\/\/sagavinaestartit.com\/ca\/mirador-estartit-cap-de-la-barra\/","og_locale":"ca_ES","og_type":"article","og_title":"Mirador de l'Estartit: Cap de la Barra | Apartaments a l'Estartit","og_description":"Descobreix un dels millors miradors a l'Estartit, Costa Brava. Gaudeix de les millors vistes al mar des del Mirador Cap de la Barra.","og_url":"https:\/\/sagavinaestartit.com\/ca\/mirador-estartit-cap-de-la-barra\/","og_site_name":"Apartaments a l'Estartit","article_published_time":"2024-04-18T05:28:37+00:00","article_modified_time":"2025-09-03T14:18:56+00:00","og_image":[{"width":1200,"height":900,"url":"https:\/\/sagavinaestartit.com\/wp-content\/uploads\/2024\/04\/mirador-estartit-1200x900-1.webp","type":"image\/webp"}],"author":"tecnico_alojapro","twitter_card":"summary_large_image","twitter_misc":{"Escrit per":"tecnico_alojapro","Temps estimat de lectura":"2 minuts"},"schema":{"@context":"https:\/\/schema.org","@graph":[{"@type":"Article","@id":"https:\/\/sagavinaestartit.com\/ca\/mirador-estartit-cap-de-la-barra\/#article","isPartOf":{"@id":"https:\/\/sagavinaestartit.com\/ca\/mirador-estartit-cap-de-la-barra\/"},"author":{"name":"tecnico_alojapro","@id":"https:\/\/sagavinaestartit.com\/ca\/#\/schema\/person\/72b3f9a420869474351007377bde83c0"},"headline":"Mirador de l&#8217;Estartit: Cap de la Barra","datePublished":"2024-04-18T05:28:37+00:00","dateModified":"2025-09-03T14:18:56+00:00","mainEntityOfPage":{"@id":"https:\/\/sagavinaestartit.com\/ca\/mirador-estartit-cap-de-la-barra\/"},"wordCount":329,"publisher":{"@id":"https:\/\/sagavinaestartit.com\/ca\/#organization"},"image":{"@id":"https:\/\/sagavinaestartit.com\/ca\/mirador-estartit-cap-de-la-barra\/#primaryimage"},"thumbnailUrl":"https:\/\/sagavinaestartit.com\/wp-content\/uploads\/2024\/04\/mirador-estartit-1200x900-1.webp","keywords":["activitats a l'Estartit","Costa Brava","kayak estartit","llocs d'inter\u00e8s","mirador cabo de la barra|mirador estartit|miradores estartit","platges estartit","ruta estartit","snorkel costa brava","turisme de proximitat"],"articleSection":["Activitats a l'Estartit","Costa Brava","Empord\u00e0","Excursi\u00f3n 1 d\u00eda","Imprescindibles"],"inLanguage":"ca"},{"@type":"WebPage","@id":"https:\/\/sagavinaestartit.com\/ca\/mirador-estartit-cap-de-la-barra\/","url":"https:\/\/sagavinaestartit.com\/ca\/mirador-estartit-cap-de-la-barra\/","name":"Mirador de l'Estartit: Cap de la Barra | Apartaments a l'Estartit","isPartOf":{"@id":"https:\/\/sagavinaestartit.com\/ca\/#website"},"primaryImageOfPage":{"@id":"https:\/\/sagavinaestartit.com\/ca\/mirador-estartit-cap-de-la-barra\/#primaryimage"},"image":{"@id":"https:\/\/sagavinaestartit.com\/ca\/mirador-estartit-cap-de-la-barra\/#primaryimage"},"thumbnailUrl":"https:\/\/sagavinaestartit.com\/wp-content\/uploads\/2024\/04\/mirador-estartit-1200x900-1.webp","datePublished":"2024-04-18T05:28:37+00:00","dateModified":"2025-09-03T14:18:56+00:00","description":"Descobreix un dels millors miradors a l'Estartit, Costa Brava. Gaudeix de les millors vistes al mar des del Mirador Cap de la Barra.","breadcrumb":{"@id":"https:\/\/sagavinaestartit.com\/ca\/mirador-estartit-cap-de-la-barra\/#breadcrumb"},"inLanguage":"ca","potentialAction":[{"@type":"ReadAction","target":["https:\/\/sagavinaestartit.com\/ca\/mirador-estartit-cap-de-la-barra\/"]}]},{"@type":"ImageObject","inLanguage":"ca","@id":"https:\/\/sagavinaestartit.com\/ca\/mirador-estartit-cap-de-la-barra\/#primaryimage","url":"https:\/\/sagavinaestartit.com\/wp-content\/uploads\/2024\/04\/mirador-estartit-1200x900-1.webp","contentUrl":"https:\/\/sagavinaestartit.com\/wp-content\/uploads\/2024\/04\/mirador-estartit-1200x900-1.webp","width":1200,"height":900,"caption":"mirador cap de barra Estartit"},{"@type":"BreadcrumbList","@id":"https:\/\/sagavinaestartit.com\/ca\/mirador-estartit-cap-de-la-barra\/#breadcrumb","itemListElement":[{"@type":"ListItem","position":1,"name":"Portada","item":"https:\/\/sagavinaestartit.com\/ca\/home\/"},{"@type":"ListItem","position":2,"name":"Mirador de l&#8217;Estartit: Cap de la Barra"}]},{"@type":"WebSite","@id":"https:\/\/sagavinaestartit.com\/ca\/#website","url":"https:\/\/sagavinaestartit.com\/ca\/","name":"Sa Gavina Apartaments","description":"Sa Gavina Apartaments","publisher":{"@id":"https:\/\/sagavinaestartit.com\/ca\/#organization"},"potentialAction":[{"@type":"SearchAction","target":{"@type":"EntryPoint","urlTemplate":"https:\/\/sagavinaestartit.com\/ca\/?s={search_term_string}"},"query-input":{"@type":"PropertyValueSpecification","valueRequired":true,"valueName":"search_term_string"}}],"inLanguage":"ca"},{"@type":"Organization","@id":"https:\/\/sagavinaestartit.com\/ca\/#organization","name":"Sa Gavina Apartaments","url":"https:\/\/sagavinaestartit.com\/ca\/","logo":{"@type":"ImageObject","inLanguage":"ca","@id":"https:\/\/sagavinaestartit.com\/ca\/#\/schema\/logo\/image\/","url":"https:\/\/sagavinaestartit.com\/wp-content\/uploads\/2024\/12\/3-1.png","contentUrl":"https:\/\/sagavinaestartit.com\/wp-content\/uploads\/2024\/12\/3-1.png","width":500,"height":200,"caption":"Sa Gavina Apartaments"},"image":{"@id":"https:\/\/sagavinaestartit.com\/ca\/#\/schema\/logo\/image\/"}},{"@type":"Person","@id":"https:\/\/sagavinaestartit.com\/ca\/#\/schema\/person\/72b3f9a420869474351007377bde83c0","name":"tecnico_alojapro","sameAs":["https:\/\/sagavinaestartit.com"]}]}},"_links":{"self":[{"href":"https:\/\/sagavinaestartit.com\/ca\/wp-json\/wp\/v2\/posts\/34515","targetHints":{"allow":["GET"]}}],"collection":[{"href":"https:\/\/sagavinaestartit.com\/ca\/wp-json\/wp\/v2\/posts"}],"about":[{"href":"https:\/\/sagavinaestartit.com\/ca\/wp-json\/wp\/v2\/types\/post"}],"author":[{"embeddable":true,"href":"https:\/\/sagavinaestartit.com\/ca\/wp-json\/wp\/v2\/users\/1"}],"replies":[{"embeddable":true,"href":"https:\/\/sagavinaestartit.com\/ca\/wp-json\/wp\/v2\/comments?post=34515"}],"version-history":[{"count":3,"href":"https:\/\/sagavinaestartit.com\/ca\/wp-json\/wp\/v2\/posts\/34515\/revisions"}],"predecessor-version":[{"id":34519,"href":"https:\/\/sagavinaestartit.com\/ca\/wp-json\/wp\/v2\/posts\/34515\/revisions\/34519"}],"wp:featuredmedia":[{"embeddable":true,"href":"https:\/\/sagavinaestartit.com\/ca\/wp-json\/wp\/v2\/media\/33129"}],"wp:attachment":[{"href":"https:\/\/sagavinaestartit.com\/ca\/wp-json\/wp\/v2\/media?parent=34515"}],"wp:term":[{"taxonomy":"category","embeddable":true,"href":"https:\/\/sagavinaestartit.com\/ca\/wp-json\/wp\/v2\/categories?post=34515"},{"taxonomy":"post_tag","embeddable":true,"href":"https:\/\/sagavinaestartit.com\/ca\/wp-json\/wp\/v2\/tags?post=34515"}],"curies":[{"name":"wp","href":"https:\/\/api.w.org\/{rel}","templated":true}]}}