{"id":34500,"date":"2024-04-22T11:07:22","date_gmt":"2024-04-22T09:07:22","guid":{"rendered":"https:\/\/sagavinaestartit.com\/la-foradada-a-lestartit\/"},"modified":"2025-09-03T13:38:37","modified_gmt":"2025-09-03T11:38:37","slug":"la-foradada-estartit","status":"publish","type":"post","link":"https:\/\/sagavinaestartit.com\/ca\/la-foradada-estartit\/","title":{"rendered":"La Foradada a l&#8217;Estartit"},"content":{"rendered":"\r\n<p>L&#8217;Estartit est\u00e0 ple de racons que mereixen ser observats en primera persona. Un d&#8217;ells \u00e9s <strong>La Foradada,<\/strong> una cova marina oberta que es troba en la costa del <strong>Parc Natural del Montgr\u00ed.<\/strong><\/p>\r\n\r\n\r\n\r\n<p>La Foradada \u00e9s una espectacular <strong>cova a l&#8217;Estartit<\/strong> que gr\u00e0cies a la seva ubicaci\u00f3 pot ser observada des de dins de la mar o des de terra.<\/p>\r\n\r\n\r\n\r\n<h2 class=\"wp-block-heading\">La Foradada des del mar<\/h2>\r\n\r\n\r\n\r\n<p>Per a accedir a la Foradada des del mar pot fer-ho de diverses maneres:<strong> en caiac, paddle surf o amb una embarcaci\u00f3 petita. <\/strong> Com \u00e9s una cova ampla, es pot travessar sense dificultat, per la qual cosa es converteix en una fant\u00e0stica activitat per als i les amants de l&#8217;esport aqu\u00e0tic.<\/p>\r\n\r\n\r\n\r\n<p>Existeixen empreses que organitzen <a href=\"https:\/\/visitestartit.com\/es\/categoria-item\/actividades\/\" target=\"_blank\" rel=\"noopener\"><strong>tours, visites guiades i excursion<\/strong><\/a>s en aquesta cova perqu\u00e8 pugui con\u00e8ixer-la millor. Optar per aquestes opcions \u00e9s ideal si viatja amb nens\/es petits\/es, ja que podr\u00e0 fer-ho amb m\u00e9s tranquil\u00b7litat. L&#8217;aigua que l&#8217;envolta \u00e9s cristal\u00b7lina i de color turquesa, cosa que la fa una cova espectacular per visitar.<\/p>\r\n\r\n\r\n\r\n<figure class=\"wp-block-image size-full is-resized\"><img decoding=\"async\" class=\"lazyload alignnone  wp-image-33116\" src=\"https:\/\/sagavinaestartit.com\/wp-content\/uploads\/2024\/04\/kayak-en-la-foradada.webp\" data-orig-src=\"https:\/\/sagavinaestartit.com\/wp-content\/uploads\/2024\/04\/kayak-en-la-foradada.webp\" alt=\"kayak-a-la-foradada\" width=\"524\" height=\"275\" srcset=\"data:image\/svg+xml,%3Csvg%20xmlns%3D%27http%3A%2F%2Fwww.w3.org%2F2000%2Fsvg%27%20width%3D%27524%27%20height%3D%27275%27%20viewBox%3D%270%200%20524%20275%27%3E%3Crect%20width%3D%27524%27%20height%3D%27275%27%20fill-opacity%3D%220%22%2F%3E%3C%2Fsvg%3E\" data-srcset=\"https:\/\/sagavinaestartit.com\/wp-content\/uploads\/2024\/04\/kayak-en-la-foradada-200x105.webp 200w, https:\/\/sagavinaestartit.com\/wp-content\/uploads\/2024\/04\/kayak-en-la-foradada-300x158.webp 300w, https:\/\/sagavinaestartit.com\/wp-content\/uploads\/2024\/04\/kayak-en-la-foradada-400x210.webp 400w, https:\/\/sagavinaestartit.com\/wp-content\/uploads\/2024\/04\/kayak-en-la-foradada.webp 600w\" data-sizes=\"auto\" data-orig-sizes=\"(max-width: 524px) 100vw, 524px\" \/><\/figure>\r\n\r\n\r\n\r\n<h2 class=\"wp-block-heading\">La Foradada des de terra<\/h2>\r\n\r\n\r\n\r\n<p>Li agrada m\u00e9s practicar <strong>senderisme<\/strong>? Llavors, ha de seguir el cam\u00ed de ronda <a href=\"https:\/\/https:\/\/sagavinaestartit.com\/de-lestartit-a-cala-ferriol\/\" target=\"_blank\" rel=\"noreferrer noopener\"><strong>de l&#8217;Estartit a Cala Ferriol.<\/strong><\/a><\/p>\r\n\r\n\r\n\r\n<p>Podr\u00e0 contemplar la roca Foradada des de terra, on gaudir\u00e0 d&#8217;unes excel\u00b7lents vistes panor\u00e0miques que li deixaran sense paraules. Aix\u00f2 s\u00ed, si ho fa a l&#8217;estiu no oblidi vestir-se amb roba c\u00f2moda, emportar-se una ampolla d&#8217;aigua i utilitzar protecci\u00f3 solar.<\/p>\r\n\r\n\r\n\r\n<figure class=\"wp-block-image size-full is-resized\"><img decoding=\"async\" class=\"lazyload alignnone  wp-image-33111\" src=\"https:\/\/sagavinaestartit.com\/wp-content\/uploads\/2024\/04\/image8-600x401-1.webp\" data-orig-src=\"https:\/\/sagavinaestartit.com\/wp-content\/uploads\/2024\/04\/image8-600x401-1.webp\" alt=\"estartit\" width=\"503\" height=\"336\" srcset=\"data:image\/svg+xml,%3Csvg%20xmlns%3D%27http%3A%2F%2Fwww.w3.org%2F2000%2Fsvg%27%20width%3D%27503%27%20height%3D%27336%27%20viewBox%3D%270%200%20503%20336%27%3E%3Crect%20width%3D%27503%27%20height%3D%27336%27%20fill-opacity%3D%220%22%2F%3E%3C%2Fsvg%3E\" data-srcset=\"https:\/\/sagavinaestartit.com\/wp-content\/uploads\/2024\/04\/image8-600x401-1-200x134.webp 200w, https:\/\/sagavinaestartit.com\/wp-content\/uploads\/2024\/04\/image8-600x401-1-300x201.webp 300w, https:\/\/sagavinaestartit.com\/wp-content\/uploads\/2024\/04\/image8-600x401-1-400x267.webp 400w, https:\/\/sagavinaestartit.com\/wp-content\/uploads\/2024\/04\/image8-600x401-1.webp 600w\" data-sizes=\"auto\" data-orig-sizes=\"(max-width: 503px) 100vw, 503px\" \/><\/figure>\r\n\r\n\r\n\r\n<h2 class=\"wp-block-heading\">Apartaments Sa Gavina<\/h2>\r\n\r\n\r\n\r\n<p>Encara no t\u00e9 plans per a aquest estiu? Vingui a passar uns dies als nostres apartaments!<\/p>\r\n\r\n\r\n\r\n<p>Als nostres <a href=\"https:\/\/sagavinaestartit.com\/ca\/\" target=\"_blank\" rel=\"noreferrer noopener\"><strong>Apartaments de l&#8217;Estartit<\/strong><\/a>, Sa Gavina oferim: allotjaments amb servei de WIFI gratu\u00eft, aire condicionat, balc\u00f3 o terrassa, llen\u00e7ols i tovalloles incloses, ascensor en cada edifici, piscina exterior amb escales romanes, etc.<\/p>\r\n\r\n\r\n\r\n<figure class=\"wp-block-image size-large is-resized\"><img decoding=\"async\" class=\"lazyload wp-image-21875\" style=\"aspect-ratio: 1.499267935578331; width: 428px; height: auto;\" src=\"data:image\/gif;base64,R0lGODlhAQABAAAAACH5BAEKAAEALAAAAAABAAEAAAICTAEAOw==\" data-orig-src=\"https:\/\/sagavinaestartit.com\/wp-content\/uploads\/2023\/05\/DSC_2866-2-1024x683.jpg\" alt=\"apartaments l'estartit\" \/><\/figure>\r\n\r\n\r\n<hr class=\"wp-block-separator has-alpha-channel-opacity\" \/>\r\n\r\n\r\n<p>Fotografia: es.blog.costabravas.com<\/p>\r\n","protected":false},"excerpt":{"rendered":"<p>L&#8217;Estartit est\u00e0 ple de racons que mereixen ser observats en primera persona. Un d&#8217;ells \u00e9s La Foradada, una cova marina oberta que es troba en la costa del Parc Natural del Montgr\u00ed. La Foradada \u00e9s una espectacular cova a l&#8217;Estartit  [&#8230;]<\/p>\n","protected":false},"author":1,"featured_media":33122,"comment_status":"closed","ping_status":"closed","sticky":false,"template":"","format":"standard","meta":{"footnotes":""},"categories":[116,675,676,677,439],"tags":[212,564,532,379,202,508,630,604,505],"class_list":["post-34500","post","type-post","status-publish","format-standard","has-post-thumbnail","hentry","category-activitats-a-lestartit","category-costa-brava","category-emporda","category-excursion-1-dia","category-imprescindibles","tag-activitats-a-lestartit","tag-cami-de-ronda-ca","tag-costa-brava-ca","tag-cueva-estartitforadada-estartitla-foradada","tag-llocs-dinteres","tag-sa-gavina-ca","tag-snorkel-costa-brava-ca","tag-sortir-en-familia-ca","tag-turisme-de-proximitat"],"yoast_head":"<!-- This site is optimized with the Yoast SEO plugin v27.1.1 - https:\/\/yoast.com\/product\/yoast-seo-wordpress\/ -->\n<title>La Foradada a l&#039;Estartit | Apartaments a l&#039;Estartit<\/title>\n<meta name=\"description\" content=\"Visita la Foradada, una cova marina oberta que es troba a la costa del Parc Natural del Montgr\u00ed a l&#039;Estartit\" \/>\n<meta name=\"robots\" content=\"index, follow, max-snippet:-1, max-image-preview:large, max-video-preview:-1\" \/>\n<link rel=\"canonical\" href=\"https:\/\/sagavinaestartit.com\/ca\/la-foradada-estartit\/\" \/>\n<meta property=\"og:locale\" content=\"ca_ES\" \/>\n<meta property=\"og:type\" content=\"article\" \/>\n<meta property=\"og:title\" content=\"La Foradada a l&#039;Estartit | Apartaments a l&#039;Estartit\" \/>\n<meta property=\"og:description\" content=\"Visita la Foradada, una cova marina oberta que es troba a la costa del Parc Natural del Montgr\u00ed a l&#039;Estartit\" \/>\n<meta property=\"og:url\" content=\"https:\/\/sagavinaestartit.com\/ca\/la-foradada-estartit\/\" \/>\n<meta property=\"og:site_name\" content=\"Apartaments a l&#039;Estartit\" \/>\n<meta property=\"article:published_time\" content=\"2024-04-22T09:07:22+00:00\" \/>\n<meta property=\"article:modified_time\" content=\"2025-09-03T11:38:37+00:00\" \/>\n<meta property=\"og:image\" content=\"https:\/\/sagavinaestartit.com\/wp-content\/uploads\/2024\/04\/la-foradada-800x518-1.webp\" \/>\n\t<meta property=\"og:image:width\" content=\"800\" \/>\n\t<meta property=\"og:image:height\" content=\"518\" \/>\n\t<meta property=\"og:image:type\" content=\"image\/webp\" \/>\n<meta name=\"author\" content=\"tecnico_alojapro\" \/>\n<meta name=\"twitter:card\" content=\"summary_large_image\" \/>\n<meta name=\"twitter:label1\" content=\"Escrit per\" \/>\n\t<meta name=\"twitter:data1\" content=\"tecnico_alojapro\" \/>\n\t<meta name=\"twitter:label2\" content=\"Temps estimat de lectura\" \/>\n\t<meta name=\"twitter:data2\" content=\"3 minuts\" \/>\n<script type=\"application\/ld+json\" class=\"yoast-schema-graph\">{\"@context\":\"https:\/\/schema.org\",\"@graph\":[{\"@type\":\"Article\",\"@id\":\"https:\/\/sagavinaestartit.com\/ca\/la-foradada-estartit\/#article\",\"isPartOf\":{\"@id\":\"https:\/\/sagavinaestartit.com\/ca\/la-foradada-estartit\/\"},\"author\":{\"name\":\"tecnico_alojapro\",\"@id\":\"https:\/\/sagavinaestartit.com\/ca\/#\/schema\/person\/72b3f9a420869474351007377bde83c0\"},\"headline\":\"La Foradada a l&#8217;Estartit\",\"datePublished\":\"2024-04-22T09:07:22+00:00\",\"dateModified\":\"2025-09-03T11:38:37+00:00\",\"mainEntityOfPage\":{\"@id\":\"https:\/\/sagavinaestartit.com\/ca\/la-foradada-estartit\/\"},\"wordCount\":319,\"publisher\":{\"@id\":\"https:\/\/sagavinaestartit.com\/ca\/#organization\"},\"image\":{\"@id\":\"https:\/\/sagavinaestartit.com\/ca\/la-foradada-estartit\/#primaryimage\"},\"thumbnailUrl\":\"https:\/\/sagavinaestartit.com\/wp-content\/uploads\/2024\/04\/la-foradada-800x518-1.webp\",\"keywords\":[\"activitats a l'Estartit\",\"Cami de Ronda\",\"Costa Brava\",\"cueva estartit|foradada estartit|la foradada\",\"llocs d'inter\u00e8s\",\"Sa gavina\",\"snorkel costa brava\",\"sortir en familia\",\"turisme de proximitat\"],\"articleSection\":[\"Activitats a l'Estartit\",\"Costa Brava\",\"Empord\u00e0\",\"Excursi\u00f3n 1 d\u00eda\",\"Imprescindibles\"],\"inLanguage\":\"ca\"},{\"@type\":\"WebPage\",\"@id\":\"https:\/\/sagavinaestartit.com\/ca\/la-foradada-estartit\/\",\"url\":\"https:\/\/sagavinaestartit.com\/ca\/la-foradada-estartit\/\",\"name\":\"La Foradada a l'Estartit | Apartaments a l'Estartit\",\"isPartOf\":{\"@id\":\"https:\/\/sagavinaestartit.com\/ca\/#website\"},\"primaryImageOfPage\":{\"@id\":\"https:\/\/sagavinaestartit.com\/ca\/la-foradada-estartit\/#primaryimage\"},\"image\":{\"@id\":\"https:\/\/sagavinaestartit.com\/ca\/la-foradada-estartit\/#primaryimage\"},\"thumbnailUrl\":\"https:\/\/sagavinaestartit.com\/wp-content\/uploads\/2024\/04\/la-foradada-800x518-1.webp\",\"datePublished\":\"2024-04-22T09:07:22+00:00\",\"dateModified\":\"2025-09-03T11:38:37+00:00\",\"description\":\"Visita la Foradada, una cova marina oberta que es troba a la costa del Parc Natural del Montgr\u00ed a l'Estartit\",\"breadcrumb\":{\"@id\":\"https:\/\/sagavinaestartit.com\/ca\/la-foradada-estartit\/#breadcrumb\"},\"inLanguage\":\"ca\",\"potentialAction\":[{\"@type\":\"ReadAction\",\"target\":[\"https:\/\/sagavinaestartit.com\/ca\/la-foradada-estartit\/\"]}]},{\"@type\":\"ImageObject\",\"inLanguage\":\"ca\",\"@id\":\"https:\/\/sagavinaestartit.com\/ca\/la-foradada-estartit\/#primaryimage\",\"url\":\"https:\/\/sagavinaestartit.com\/wp-content\/uploads\/2024\/04\/la-foradada-800x518-1.webp\",\"contentUrl\":\"https:\/\/sagavinaestartit.com\/wp-content\/uploads\/2024\/04\/la-foradada-800x518-1.webp\",\"width\":800,\"height\":518,\"caption\":\"la-foradada- estartit\"},{\"@type\":\"BreadcrumbList\",\"@id\":\"https:\/\/sagavinaestartit.com\/ca\/la-foradada-estartit\/#breadcrumb\",\"itemListElement\":[{\"@type\":\"ListItem\",\"position\":1,\"name\":\"Portada\",\"item\":\"https:\/\/sagavinaestartit.com\/ca\/home\/\"},{\"@type\":\"ListItem\",\"position\":2,\"name\":\"La Foradada a l&#8217;Estartit\"}]},{\"@type\":\"WebSite\",\"@id\":\"https:\/\/sagavinaestartit.com\/ca\/#website\",\"url\":\"https:\/\/sagavinaestartit.com\/ca\/\",\"name\":\"Sa Gavina Apartaments\",\"description\":\"Sa Gavina Apartaments\",\"publisher\":{\"@id\":\"https:\/\/sagavinaestartit.com\/ca\/#organization\"},\"potentialAction\":[{\"@type\":\"SearchAction\",\"target\":{\"@type\":\"EntryPoint\",\"urlTemplate\":\"https:\/\/sagavinaestartit.com\/ca\/?s={search_term_string}\"},\"query-input\":{\"@type\":\"PropertyValueSpecification\",\"valueRequired\":true,\"valueName\":\"search_term_string\"}}],\"inLanguage\":\"ca\"},{\"@type\":\"Organization\",\"@id\":\"https:\/\/sagavinaestartit.com\/ca\/#organization\",\"name\":\"Sa Gavina Apartaments\",\"url\":\"https:\/\/sagavinaestartit.com\/ca\/\",\"logo\":{\"@type\":\"ImageObject\",\"inLanguage\":\"ca\",\"@id\":\"https:\/\/sagavinaestartit.com\/ca\/#\/schema\/logo\/image\/\",\"url\":\"https:\/\/sagavinaestartit.com\/wp-content\/uploads\/2024\/12\/3-1.png\",\"contentUrl\":\"https:\/\/sagavinaestartit.com\/wp-content\/uploads\/2024\/12\/3-1.png\",\"width\":500,\"height\":200,\"caption\":\"Sa Gavina Apartaments\"},\"image\":{\"@id\":\"https:\/\/sagavinaestartit.com\/ca\/#\/schema\/logo\/image\/\"}},{\"@type\":\"Person\",\"@id\":\"https:\/\/sagavinaestartit.com\/ca\/#\/schema\/person\/72b3f9a420869474351007377bde83c0\",\"name\":\"tecnico_alojapro\",\"sameAs\":[\"https:\/\/sagavinaestartit.com\"]}]}<\/script>\n<!-- \/ Yoast SEO plugin. -->","yoast_head_json":{"title":"La Foradada a l'Estartit | Apartaments a l'Estartit","description":"Visita la Foradada, una cova marina oberta que es troba a la costa del Parc Natural del Montgr\u00ed a l'Estartit","robots":{"index":"index","follow":"follow","max-snippet":"max-snippet:-1","max-image-preview":"max-image-preview:large","max-video-preview":"max-video-preview:-1"},"canonical":"https:\/\/sagavinaestartit.com\/ca\/la-foradada-estartit\/","og_locale":"ca_ES","og_type":"article","og_title":"La Foradada a l'Estartit | Apartaments a l'Estartit","og_description":"Visita la Foradada, una cova marina oberta que es troba a la costa del Parc Natural del Montgr\u00ed a l'Estartit","og_url":"https:\/\/sagavinaestartit.com\/ca\/la-foradada-estartit\/","og_site_name":"Apartaments a l'Estartit","article_published_time":"2024-04-22T09:07:22+00:00","article_modified_time":"2025-09-03T11:38:37+00:00","og_image":[{"width":800,"height":518,"url":"https:\/\/sagavinaestartit.com\/wp-content\/uploads\/2024\/04\/la-foradada-800x518-1.webp","type":"image\/webp"}],"author":"tecnico_alojapro","twitter_card":"summary_large_image","twitter_misc":{"Escrit per":"tecnico_alojapro","Temps estimat de lectura":"3 minuts"},"schema":{"@context":"https:\/\/schema.org","@graph":[{"@type":"Article","@id":"https:\/\/sagavinaestartit.com\/ca\/la-foradada-estartit\/#article","isPartOf":{"@id":"https:\/\/sagavinaestartit.com\/ca\/la-foradada-estartit\/"},"author":{"name":"tecnico_alojapro","@id":"https:\/\/sagavinaestartit.com\/ca\/#\/schema\/person\/72b3f9a420869474351007377bde83c0"},"headline":"La Foradada a l&#8217;Estartit","datePublished":"2024-04-22T09:07:22+00:00","dateModified":"2025-09-03T11:38:37+00:00","mainEntityOfPage":{"@id":"https:\/\/sagavinaestartit.com\/ca\/la-foradada-estartit\/"},"wordCount":319,"publisher":{"@id":"https:\/\/sagavinaestartit.com\/ca\/#organization"},"image":{"@id":"https:\/\/sagavinaestartit.com\/ca\/la-foradada-estartit\/#primaryimage"},"thumbnailUrl":"https:\/\/sagavinaestartit.com\/wp-content\/uploads\/2024\/04\/la-foradada-800x518-1.webp","keywords":["activitats a l'Estartit","Cami de Ronda","Costa Brava","cueva estartit|foradada estartit|la foradada","llocs d'inter\u00e8s","Sa gavina","snorkel costa brava","sortir en familia","turisme de proximitat"],"articleSection":["Activitats a l'Estartit","Costa Brava","Empord\u00e0","Excursi\u00f3n 1 d\u00eda","Imprescindibles"],"inLanguage":"ca"},{"@type":"WebPage","@id":"https:\/\/sagavinaestartit.com\/ca\/la-foradada-estartit\/","url":"https:\/\/sagavinaestartit.com\/ca\/la-foradada-estartit\/","name":"La Foradada a l'Estartit | Apartaments a l'Estartit","isPartOf":{"@id":"https:\/\/sagavinaestartit.com\/ca\/#website"},"primaryImageOfPage":{"@id":"https:\/\/sagavinaestartit.com\/ca\/la-foradada-estartit\/#primaryimage"},"image":{"@id":"https:\/\/sagavinaestartit.com\/ca\/la-foradada-estartit\/#primaryimage"},"thumbnailUrl":"https:\/\/sagavinaestartit.com\/wp-content\/uploads\/2024\/04\/la-foradada-800x518-1.webp","datePublished":"2024-04-22T09:07:22+00:00","dateModified":"2025-09-03T11:38:37+00:00","description":"Visita la Foradada, una cova marina oberta que es troba a la costa del Parc Natural del Montgr\u00ed a l'Estartit","breadcrumb":{"@id":"https:\/\/sagavinaestartit.com\/ca\/la-foradada-estartit\/#breadcrumb"},"inLanguage":"ca","potentialAction":[{"@type":"ReadAction","target":["https:\/\/sagavinaestartit.com\/ca\/la-foradada-estartit\/"]}]},{"@type":"ImageObject","inLanguage":"ca","@id":"https:\/\/sagavinaestartit.com\/ca\/la-foradada-estartit\/#primaryimage","url":"https:\/\/sagavinaestartit.com\/wp-content\/uploads\/2024\/04\/la-foradada-800x518-1.webp","contentUrl":"https:\/\/sagavinaestartit.com\/wp-content\/uploads\/2024\/04\/la-foradada-800x518-1.webp","width":800,"height":518,"caption":"la-foradada- estartit"},{"@type":"BreadcrumbList","@id":"https:\/\/sagavinaestartit.com\/ca\/la-foradada-estartit\/#breadcrumb","itemListElement":[{"@type":"ListItem","position":1,"name":"Portada","item":"https:\/\/sagavinaestartit.com\/ca\/home\/"},{"@type":"ListItem","position":2,"name":"La Foradada a l&#8217;Estartit"}]},{"@type":"WebSite","@id":"https:\/\/sagavinaestartit.com\/ca\/#website","url":"https:\/\/sagavinaestartit.com\/ca\/","name":"Sa Gavina Apartaments","description":"Sa Gavina Apartaments","publisher":{"@id":"https:\/\/sagavinaestartit.com\/ca\/#organization"},"potentialAction":[{"@type":"SearchAction","target":{"@type":"EntryPoint","urlTemplate":"https:\/\/sagavinaestartit.com\/ca\/?s={search_term_string}"},"query-input":{"@type":"PropertyValueSpecification","valueRequired":true,"valueName":"search_term_string"}}],"inLanguage":"ca"},{"@type":"Organization","@id":"https:\/\/sagavinaestartit.com\/ca\/#organization","name":"Sa Gavina Apartaments","url":"https:\/\/sagavinaestartit.com\/ca\/","logo":{"@type":"ImageObject","inLanguage":"ca","@id":"https:\/\/sagavinaestartit.com\/ca\/#\/schema\/logo\/image\/","url":"https:\/\/sagavinaestartit.com\/wp-content\/uploads\/2024\/12\/3-1.png","contentUrl":"https:\/\/sagavinaestartit.com\/wp-content\/uploads\/2024\/12\/3-1.png","width":500,"height":200,"caption":"Sa Gavina Apartaments"},"image":{"@id":"https:\/\/sagavinaestartit.com\/ca\/#\/schema\/logo\/image\/"}},{"@type":"Person","@id":"https:\/\/sagavinaestartit.com\/ca\/#\/schema\/person\/72b3f9a420869474351007377bde83c0","name":"tecnico_alojapro","sameAs":["https:\/\/sagavinaestartit.com"]}]}},"_links":{"self":[{"href":"https:\/\/sagavinaestartit.com\/ca\/wp-json\/wp\/v2\/posts\/34500","targetHints":{"allow":["GET"]}}],"collection":[{"href":"https:\/\/sagavinaestartit.com\/ca\/wp-json\/wp\/v2\/posts"}],"about":[{"href":"https:\/\/sagavinaestartit.com\/ca\/wp-json\/wp\/v2\/types\/post"}],"author":[{"embeddable":true,"href":"https:\/\/sagavinaestartit.com\/ca\/wp-json\/wp\/v2\/users\/1"}],"replies":[{"embeddable":true,"href":"https:\/\/sagavinaestartit.com\/ca\/wp-json\/wp\/v2\/comments?post=34500"}],"version-history":[{"count":2,"href":"https:\/\/sagavinaestartit.com\/ca\/wp-json\/wp\/v2\/posts\/34500\/revisions"}],"predecessor-version":[{"id":34506,"href":"https:\/\/sagavinaestartit.com\/ca\/wp-json\/wp\/v2\/posts\/34500\/revisions\/34506"}],"wp:featuredmedia":[{"embeddable":true,"href":"https:\/\/sagavinaestartit.com\/ca\/wp-json\/wp\/v2\/media\/33122"}],"wp:attachment":[{"href":"https:\/\/sagavinaestartit.com\/ca\/wp-json\/wp\/v2\/media?parent=34500"}],"wp:term":[{"taxonomy":"category","embeddable":true,"href":"https:\/\/sagavinaestartit.com\/ca\/wp-json\/wp\/v2\/categories?post=34500"},{"taxonomy":"post_tag","embeddable":true,"href":"https:\/\/sagavinaestartit.com\/ca\/wp-json\/wp\/v2\/tags?post=34500"}],"curies":[{"name":"wp","href":"https:\/\/api.w.org\/{rel}","templated":true}]}}