{"id":34395,"date":"2024-05-28T14:23:28","date_gmt":"2024-05-28T12:23:28","guid":{"rendered":"https:\/\/sagavinaestartit.com\/?p=34395"},"modified":"2025-08-28T18:35:01","modified_gmt":"2025-08-28T16:35:01","slug":"visita-el-castell-gala-dali-de-pubol","status":"publish","type":"post","link":"https:\/\/sagavinaestartit.com\/ca\/visita-el-castell-gala-dali-de-pubol\/","title":{"rendered":"Visita el Castell Gala Dal\u00ed de P\u00fabol"},"content":{"rendered":"<p>Enclavat al pintoresc municipi de P\u00fabol, a la comarca del Baix Empord\u00e0 (Girona, Catalunya), el Castell Gala Dal\u00ed de P\u00fabol \u00e9s una aut\u00e8ntica joia hist\u00f2rica i art\u00edstica que reflecteix la passi\u00f3 i el geni del c\u00e8lebre pintor surrealista Salvador Dal\u00ed i la seva musa eterna, Gala.<\/p>\n<p>Aquest castell no \u00e9s nom\u00e9s un testimoni del seu amor, sin\u00f3 tamb\u00e9 un monument a la creativitat i l\u2019extravag\u00e0ncia que caracteritzen tota l\u2019obra daliniana.<\/p>\n<p>Si vols viure unes vacances completes, allotja\u2019t als nostres <strong>apartaments a l\u2019Estartit<\/strong>, amb piscina comunit\u00e0ria, gandules gratu\u00eftes, ascensor, terrassa o balc\u00f3 i totes les comoditats que necessites.<\/p>\n<h3><strong>Hist\u00f2ria del Castell Gala Dal\u00ed de P\u00fabol<\/strong><\/h3>\n<p>El castell t\u00e9 el seu origen a l\u2019Edat Mitjana, constru\u00eft al segle XI com a fortalesa. La seva etapa m\u00e9s emblem\u00e0tica comen\u00e7a el 1969, quan Salvador Dal\u00ed el va adquirir i restaurar com a regal exclusiu per a Gala, convertint-lo en un refugi \u00edntim i ple d\u2019art.<\/p>\n<p>Dal\u00ed va redecorar cada espai amb obres, mobles i detalls \u00fanics que reflecteixen el seu estil inconfusible. Gala hi va viure fins al seu trasp\u00e0s el 1982, i segons els seus desitjos, est\u00e0 enterrada a la cripta del mateix castell.<\/p>\n<p><img decoding=\"async\" class=\"lazyload alignnone size-full wp-image-32976\" src=\"https:\/\/sagavinaestartit.com\/wp-content\/uploads\/2024\/05\/sa-gavina-castell-gala-3-pubol-400x466-1.webp\" data-orig-src=\"https:\/\/sagavinaestartit.com\/wp-content\/uploads\/2024\/05\/sa-gavina-castell-gala-3-pubol-400x466-1.webp\" alt=\"sa-gavina-castell-gala-3-pubol\" width=\"400\" height=\"466\" srcset=\"data:image\/svg+xml,%3Csvg%20xmlns%3D%27http%3A%2F%2Fwww.w3.org%2F2000%2Fsvg%27%20width%3D%27400%27%20height%3D%27466%27%20viewBox%3D%270%200%20400%20466%27%3E%3Crect%20width%3D%27400%27%20height%3D%27466%27%20fill-opacity%3D%220%22%2F%3E%3C%2Fsvg%3E\" data-srcset=\"https:\/\/sagavinaestartit.com\/wp-content\/uploads\/2024\/05\/sa-gavina-castell-gala-3-pubol-400x466-1-200x233.webp 200w, https:\/\/sagavinaestartit.com\/wp-content\/uploads\/2024\/05\/sa-gavina-castell-gala-3-pubol-400x466-1-258x300.webp 258w, https:\/\/sagavinaestartit.com\/wp-content\/uploads\/2024\/05\/sa-gavina-castell-gala-3-pubol-400x466-1.webp 400w\" data-sizes=\"auto\" data-orig-sizes=\"(max-width: 400px) 100vw, 400px\" \/><\/p>\n<h3><strong>El llegat de Gala i Dal\u00ed<\/strong><\/h3>\n<p>El Castell Gala Dal\u00ed de P\u00fabol \u00e9s avui un museu viu que permet endinsar-se en la relaci\u00f3 i l\u2019univers surrealista de la parella.<\/p>\n<ul>\n<li>Sales i estances decorades amb mobles antics i obres de Dal\u00ed.<\/li>\n<li>Jardins amb escultures i fonts que evoquen la m\u00e0gia daliniana.<\/li>\n<li>La impressionant Sala dels Caps, amb bustos femenins que representen Gala com a musa eterna.<\/li>\n<li>La cripta subterr\u00e0nia, on descansa Gala, un espai ple de simbolisme i emoci\u00f3.<\/li>\n<\/ul>\n<h3><strong>Com arribar al Castell Gala Dal\u00ed de P\u00fabol<\/strong><\/h3>\n<p>El castell es troba al poble de P\u00fabol, a uns 40 km de Girona i a uns 150 km de Barcelona, dins la Costa Brava interior.<\/p>\n<ul>\n<li>En cotxe: acc\u00e9s f\u00e0cil i amb aparcament a prop.<\/li>\n<li>Transport p\u00fablic: hi ha autobusos des de Girona que connecten amb P\u00fabol.<\/li>\n<\/ul>\n<h3><strong>Visites i entrades<\/strong><\/h3>\n<p>El Castell Gala Dal\u00ed \u00e9s gestionat per la Fundaci\u00f3 Gala-Salvador Dal\u00ed i est\u00e0 obert al p\u00fablic durant tot l\u2019any.<\/p>\n<ul>\n<li>Les entrades es poden comprar al web oficial o a la taquilla.<\/li>\n<li>Els horaris varien segons la temporada, per aix\u00f2 conv\u00e9 consultar-los abans de la visita.<\/li>\n<li>Tamb\u00e9 hi ha visites guiades que ofereixen una experi\u00e8ncia m\u00e9s completa sobre la hist\u00f2ria i el llegat de Dal\u00ed i Gala.<\/li>\n<\/ul>\n","protected":false},"excerpt":{"rendered":"<p>Enclavat al pintoresc municipi de P\u00fabol, a la comarca del Baix Empord\u00e0 (Girona, Catalunya), el Castell Gala Dal\u00ed de P\u00fabol \u00e9s una aut\u00e8ntica joia hist\u00f2rica i art\u00edstica que reflecteix la passi\u00f3 i el geni del c\u00e8lebre pintor surrealista Salvador Dal\u00ed  [&#8230;]<\/p>\n","protected":false},"author":1,"featured_media":31364,"comment_status":"closed","ping_status":"closed","sticky":false,"template":"","format":"standard","meta":{"footnotes":""},"categories":[675,677,439],"tags":[601,629,532,202,505],"class_list":["post-34395","post","type-post","status-publish","format-standard","has-post-thumbnail","hentry","category-costa-brava","category-excursion-1-dia","category-imprescindibles","tag-activitats-familiars-ca","tag-apartament-mascotes-estartit","tag-costa-brava-ca","tag-llocs-dinteres","tag-turisme-de-proximitat"],"yoast_head":"<!-- This site is optimized with the Yoast SEO plugin v27.1.1 - https:\/\/yoast.com\/product\/yoast-seo-wordpress\/ -->\n<title>Visita el Castell Gala Dal\u00ed de P\u00fabol | Apartaments a l&#039;Estartit<\/title>\n<meta name=\"description\" content=\"Visita el Castell Gala Dal\u00ed de P\u00fabol, a la Costa Brava. Un regal de Salvador Dal\u00ed a Gala, ple d\u2019art, misteri i surrealitat.\" \/>\n<meta name=\"robots\" content=\"index, follow, max-snippet:-1, max-image-preview:large, max-video-preview:-1\" \/>\n<link rel=\"canonical\" href=\"https:\/\/sagavinaestartit.com\/ca\/visita-el-castell-gala-dali-de-pubol\/\" \/>\n<meta property=\"og:locale\" content=\"ca_ES\" \/>\n<meta property=\"og:type\" content=\"article\" \/>\n<meta property=\"og:title\" content=\"Visita el Castell Gala Dal\u00ed de P\u00fabol | Apartaments a l&#039;Estartit\" \/>\n<meta property=\"og:description\" content=\"Visita el Castell Gala Dal\u00ed de P\u00fabol, a la Costa Brava. Un regal de Salvador Dal\u00ed a Gala, ple d\u2019art, misteri i surrealitat.\" \/>\n<meta property=\"og:url\" content=\"https:\/\/sagavinaestartit.com\/ca\/visita-el-castell-gala-dali-de-pubol\/\" \/>\n<meta property=\"og:site_name\" content=\"Apartaments a l&#039;Estartit\" \/>\n<meta property=\"article:published_time\" content=\"2024-05-28T12:23:28+00:00\" \/>\n<meta property=\"article:modified_time\" content=\"2025-08-28T16:35:01+00:00\" \/>\n<meta property=\"og:image\" content=\"https:\/\/sagavinaestartit.com\/wp-content\/uploads\/2024\/05\/castillo-gala-dali-pubol.webp\" \/>\n\t<meta property=\"og:image:width\" content=\"680\" \/>\n\t<meta property=\"og:image:height\" content=\"383\" \/>\n\t<meta property=\"og:image:type\" content=\"image\/webp\" \/>\n<meta name=\"author\" content=\"tecnico_alojapro\" \/>\n<meta name=\"twitter:card\" content=\"summary_large_image\" \/>\n<meta name=\"twitter:label1\" content=\"Escrit per\" \/>\n\t<meta name=\"twitter:data1\" content=\"tecnico_alojapro\" \/>\n\t<meta name=\"twitter:label2\" content=\"Temps estimat de lectura\" \/>\n\t<meta name=\"twitter:data2\" content=\"3 minuts\" \/>\n<script type=\"application\/ld+json\" class=\"yoast-schema-graph\">{\"@context\":\"https:\/\/schema.org\",\"@graph\":[{\"@type\":\"Article\",\"@id\":\"https:\/\/sagavinaestartit.com\/ca\/visita-el-castell-gala-dali-de-pubol\/#article\",\"isPartOf\":{\"@id\":\"https:\/\/sagavinaestartit.com\/ca\/visita-el-castell-gala-dali-de-pubol\/\"},\"author\":{\"name\":\"tecnico_alojapro\",\"@id\":\"https:\/\/sagavinaestartit.com\/ca\/#\/schema\/person\/72b3f9a420869474351007377bde83c0\"},\"headline\":\"Visita el Castell Gala Dal\u00ed de P\u00fabol\",\"datePublished\":\"2024-05-28T12:23:28+00:00\",\"dateModified\":\"2025-08-28T16:35:01+00:00\",\"mainEntityOfPage\":{\"@id\":\"https:\/\/sagavinaestartit.com\/ca\/visita-el-castell-gala-dali-de-pubol\/\"},\"wordCount\":435,\"publisher\":{\"@id\":\"https:\/\/sagavinaestartit.com\/ca\/#organization\"},\"image\":{\"@id\":\"https:\/\/sagavinaestartit.com\/ca\/visita-el-castell-gala-dali-de-pubol\/#primaryimage\"},\"thumbnailUrl\":\"https:\/\/sagavinaestartit.com\/wp-content\/uploads\/2024\/05\/castillo-gala-dali-pubol.webp\",\"keywords\":[\"Activitats familiars\",\"apartament mascotes estartit\",\"Costa Brava\",\"llocs d'inter\u00e8s\",\"turisme de proximitat\"],\"articleSection\":[\"Costa Brava\",\"Excursi\u00f3n 1 d\u00eda\",\"Imprescindibles\"],\"inLanguage\":\"ca\"},{\"@type\":\"WebPage\",\"@id\":\"https:\/\/sagavinaestartit.com\/ca\/visita-el-castell-gala-dali-de-pubol\/\",\"url\":\"https:\/\/sagavinaestartit.com\/ca\/visita-el-castell-gala-dali-de-pubol\/\",\"name\":\"Visita el Castell Gala Dal\u00ed de P\u00fabol | Apartaments a l'Estartit\",\"isPartOf\":{\"@id\":\"https:\/\/sagavinaestartit.com\/ca\/#website\"},\"primaryImageOfPage\":{\"@id\":\"https:\/\/sagavinaestartit.com\/ca\/visita-el-castell-gala-dali-de-pubol\/#primaryimage\"},\"image\":{\"@id\":\"https:\/\/sagavinaestartit.com\/ca\/visita-el-castell-gala-dali-de-pubol\/#primaryimage\"},\"thumbnailUrl\":\"https:\/\/sagavinaestartit.com\/wp-content\/uploads\/2024\/05\/castillo-gala-dali-pubol.webp\",\"datePublished\":\"2024-05-28T12:23:28+00:00\",\"dateModified\":\"2025-08-28T16:35:01+00:00\",\"description\":\"Visita el Castell Gala Dal\u00ed de P\u00fabol, a la Costa Brava. Un regal de Salvador Dal\u00ed a Gala, ple d\u2019art, misteri i surrealitat.\",\"breadcrumb\":{\"@id\":\"https:\/\/sagavinaestartit.com\/ca\/visita-el-castell-gala-dali-de-pubol\/#breadcrumb\"},\"inLanguage\":\"ca\",\"potentialAction\":[{\"@type\":\"ReadAction\",\"target\":[\"https:\/\/sagavinaestartit.com\/ca\/visita-el-castell-gala-dali-de-pubol\/\"]}]},{\"@type\":\"ImageObject\",\"inLanguage\":\"ca\",\"@id\":\"https:\/\/sagavinaestartit.com\/ca\/visita-el-castell-gala-dali-de-pubol\/#primaryimage\",\"url\":\"https:\/\/sagavinaestartit.com\/wp-content\/uploads\/2024\/05\/castillo-gala-dali-pubol.webp\",\"contentUrl\":\"https:\/\/sagavinaestartit.com\/wp-content\/uploads\/2024\/05\/castillo-gala-dali-pubol.webp\",\"width\":680,\"height\":383,\"caption\":\"castillo gala dali pubol\"},{\"@type\":\"BreadcrumbList\",\"@id\":\"https:\/\/sagavinaestartit.com\/ca\/visita-el-castell-gala-dali-de-pubol\/#breadcrumb\",\"itemListElement\":[{\"@type\":\"ListItem\",\"position\":1,\"name\":\"Portada\",\"item\":\"https:\/\/sagavinaestartit.com\/ca\/home\/\"},{\"@type\":\"ListItem\",\"position\":2,\"name\":\"Visita el Castell Gala Dal\u00ed de P\u00fabol\"}]},{\"@type\":\"WebSite\",\"@id\":\"https:\/\/sagavinaestartit.com\/ca\/#website\",\"url\":\"https:\/\/sagavinaestartit.com\/ca\/\",\"name\":\"Sa Gavina Apartaments\",\"description\":\"Sa Gavina Apartaments\",\"publisher\":{\"@id\":\"https:\/\/sagavinaestartit.com\/ca\/#organization\"},\"potentialAction\":[{\"@type\":\"SearchAction\",\"target\":{\"@type\":\"EntryPoint\",\"urlTemplate\":\"https:\/\/sagavinaestartit.com\/ca\/?s={search_term_string}\"},\"query-input\":{\"@type\":\"PropertyValueSpecification\",\"valueRequired\":true,\"valueName\":\"search_term_string\"}}],\"inLanguage\":\"ca\"},{\"@type\":\"Organization\",\"@id\":\"https:\/\/sagavinaestartit.com\/ca\/#organization\",\"name\":\"Sa Gavina Apartaments\",\"url\":\"https:\/\/sagavinaestartit.com\/ca\/\",\"logo\":{\"@type\":\"ImageObject\",\"inLanguage\":\"ca\",\"@id\":\"https:\/\/sagavinaestartit.com\/ca\/#\/schema\/logo\/image\/\",\"url\":\"https:\/\/sagavinaestartit.com\/wp-content\/uploads\/2024\/12\/3-1.png\",\"contentUrl\":\"https:\/\/sagavinaestartit.com\/wp-content\/uploads\/2024\/12\/3-1.png\",\"width\":500,\"height\":200,\"caption\":\"Sa Gavina Apartaments\"},\"image\":{\"@id\":\"https:\/\/sagavinaestartit.com\/ca\/#\/schema\/logo\/image\/\"}},{\"@type\":\"Person\",\"@id\":\"https:\/\/sagavinaestartit.com\/ca\/#\/schema\/person\/72b3f9a420869474351007377bde83c0\",\"name\":\"tecnico_alojapro\",\"sameAs\":[\"https:\/\/sagavinaestartit.com\"]}]}<\/script>\n<!-- \/ Yoast SEO plugin. -->","yoast_head_json":{"title":"Visita el Castell Gala Dal\u00ed de P\u00fabol | Apartaments a l'Estartit","description":"Visita el Castell Gala Dal\u00ed de P\u00fabol, a la Costa Brava. Un regal de Salvador Dal\u00ed a Gala, ple d\u2019art, misteri i surrealitat.","robots":{"index":"index","follow":"follow","max-snippet":"max-snippet:-1","max-image-preview":"max-image-preview:large","max-video-preview":"max-video-preview:-1"},"canonical":"https:\/\/sagavinaestartit.com\/ca\/visita-el-castell-gala-dali-de-pubol\/","og_locale":"ca_ES","og_type":"article","og_title":"Visita el Castell Gala Dal\u00ed de P\u00fabol | Apartaments a l'Estartit","og_description":"Visita el Castell Gala Dal\u00ed de P\u00fabol, a la Costa Brava. Un regal de Salvador Dal\u00ed a Gala, ple d\u2019art, misteri i surrealitat.","og_url":"https:\/\/sagavinaestartit.com\/ca\/visita-el-castell-gala-dali-de-pubol\/","og_site_name":"Apartaments a l'Estartit","article_published_time":"2024-05-28T12:23:28+00:00","article_modified_time":"2025-08-28T16:35:01+00:00","og_image":[{"width":680,"height":383,"url":"https:\/\/sagavinaestartit.com\/wp-content\/uploads\/2024\/05\/castillo-gala-dali-pubol.webp","type":"image\/webp"}],"author":"tecnico_alojapro","twitter_card":"summary_large_image","twitter_misc":{"Escrit per":"tecnico_alojapro","Temps estimat de lectura":"3 minuts"},"schema":{"@context":"https:\/\/schema.org","@graph":[{"@type":"Article","@id":"https:\/\/sagavinaestartit.com\/ca\/visita-el-castell-gala-dali-de-pubol\/#article","isPartOf":{"@id":"https:\/\/sagavinaestartit.com\/ca\/visita-el-castell-gala-dali-de-pubol\/"},"author":{"name":"tecnico_alojapro","@id":"https:\/\/sagavinaestartit.com\/ca\/#\/schema\/person\/72b3f9a420869474351007377bde83c0"},"headline":"Visita el Castell Gala Dal\u00ed de P\u00fabol","datePublished":"2024-05-28T12:23:28+00:00","dateModified":"2025-08-28T16:35:01+00:00","mainEntityOfPage":{"@id":"https:\/\/sagavinaestartit.com\/ca\/visita-el-castell-gala-dali-de-pubol\/"},"wordCount":435,"publisher":{"@id":"https:\/\/sagavinaestartit.com\/ca\/#organization"},"image":{"@id":"https:\/\/sagavinaestartit.com\/ca\/visita-el-castell-gala-dali-de-pubol\/#primaryimage"},"thumbnailUrl":"https:\/\/sagavinaestartit.com\/wp-content\/uploads\/2024\/05\/castillo-gala-dali-pubol.webp","keywords":["Activitats familiars","apartament mascotes estartit","Costa Brava","llocs d'inter\u00e8s","turisme de proximitat"],"articleSection":["Costa Brava","Excursi\u00f3n 1 d\u00eda","Imprescindibles"],"inLanguage":"ca"},{"@type":"WebPage","@id":"https:\/\/sagavinaestartit.com\/ca\/visita-el-castell-gala-dali-de-pubol\/","url":"https:\/\/sagavinaestartit.com\/ca\/visita-el-castell-gala-dali-de-pubol\/","name":"Visita el Castell Gala Dal\u00ed de P\u00fabol | Apartaments a l'Estartit","isPartOf":{"@id":"https:\/\/sagavinaestartit.com\/ca\/#website"},"primaryImageOfPage":{"@id":"https:\/\/sagavinaestartit.com\/ca\/visita-el-castell-gala-dali-de-pubol\/#primaryimage"},"image":{"@id":"https:\/\/sagavinaestartit.com\/ca\/visita-el-castell-gala-dali-de-pubol\/#primaryimage"},"thumbnailUrl":"https:\/\/sagavinaestartit.com\/wp-content\/uploads\/2024\/05\/castillo-gala-dali-pubol.webp","datePublished":"2024-05-28T12:23:28+00:00","dateModified":"2025-08-28T16:35:01+00:00","description":"Visita el Castell Gala Dal\u00ed de P\u00fabol, a la Costa Brava. Un regal de Salvador Dal\u00ed a Gala, ple d\u2019art, misteri i surrealitat.","breadcrumb":{"@id":"https:\/\/sagavinaestartit.com\/ca\/visita-el-castell-gala-dali-de-pubol\/#breadcrumb"},"inLanguage":"ca","potentialAction":[{"@type":"ReadAction","target":["https:\/\/sagavinaestartit.com\/ca\/visita-el-castell-gala-dali-de-pubol\/"]}]},{"@type":"ImageObject","inLanguage":"ca","@id":"https:\/\/sagavinaestartit.com\/ca\/visita-el-castell-gala-dali-de-pubol\/#primaryimage","url":"https:\/\/sagavinaestartit.com\/wp-content\/uploads\/2024\/05\/castillo-gala-dali-pubol.webp","contentUrl":"https:\/\/sagavinaestartit.com\/wp-content\/uploads\/2024\/05\/castillo-gala-dali-pubol.webp","width":680,"height":383,"caption":"castillo gala dali pubol"},{"@type":"BreadcrumbList","@id":"https:\/\/sagavinaestartit.com\/ca\/visita-el-castell-gala-dali-de-pubol\/#breadcrumb","itemListElement":[{"@type":"ListItem","position":1,"name":"Portada","item":"https:\/\/sagavinaestartit.com\/ca\/home\/"},{"@type":"ListItem","position":2,"name":"Visita el Castell Gala Dal\u00ed de P\u00fabol"}]},{"@type":"WebSite","@id":"https:\/\/sagavinaestartit.com\/ca\/#website","url":"https:\/\/sagavinaestartit.com\/ca\/","name":"Sa Gavina Apartaments","description":"Sa Gavina Apartaments","publisher":{"@id":"https:\/\/sagavinaestartit.com\/ca\/#organization"},"potentialAction":[{"@type":"SearchAction","target":{"@type":"EntryPoint","urlTemplate":"https:\/\/sagavinaestartit.com\/ca\/?s={search_term_string}"},"query-input":{"@type":"PropertyValueSpecification","valueRequired":true,"valueName":"search_term_string"}}],"inLanguage":"ca"},{"@type":"Organization","@id":"https:\/\/sagavinaestartit.com\/ca\/#organization","name":"Sa Gavina Apartaments","url":"https:\/\/sagavinaestartit.com\/ca\/","logo":{"@type":"ImageObject","inLanguage":"ca","@id":"https:\/\/sagavinaestartit.com\/ca\/#\/schema\/logo\/image\/","url":"https:\/\/sagavinaestartit.com\/wp-content\/uploads\/2024\/12\/3-1.png","contentUrl":"https:\/\/sagavinaestartit.com\/wp-content\/uploads\/2024\/12\/3-1.png","width":500,"height":200,"caption":"Sa Gavina Apartaments"},"image":{"@id":"https:\/\/sagavinaestartit.com\/ca\/#\/schema\/logo\/image\/"}},{"@type":"Person","@id":"https:\/\/sagavinaestartit.com\/ca\/#\/schema\/person\/72b3f9a420869474351007377bde83c0","name":"tecnico_alojapro","sameAs":["https:\/\/sagavinaestartit.com"]}]}},"_links":{"self":[{"href":"https:\/\/sagavinaestartit.com\/ca\/wp-json\/wp\/v2\/posts\/34395","targetHints":{"allow":["GET"]}}],"collection":[{"href":"https:\/\/sagavinaestartit.com\/ca\/wp-json\/wp\/v2\/posts"}],"about":[{"href":"https:\/\/sagavinaestartit.com\/ca\/wp-json\/wp\/v2\/types\/post"}],"author":[{"embeddable":true,"href":"https:\/\/sagavinaestartit.com\/ca\/wp-json\/wp\/v2\/users\/1"}],"replies":[{"embeddable":true,"href":"https:\/\/sagavinaestartit.com\/ca\/wp-json\/wp\/v2\/comments?post=34395"}],"version-history":[{"count":0,"href":"https:\/\/sagavinaestartit.com\/ca\/wp-json\/wp\/v2\/posts\/34395\/revisions"}],"wp:featuredmedia":[{"embeddable":true,"href":"https:\/\/sagavinaestartit.com\/ca\/wp-json\/wp\/v2\/media\/31364"}],"wp:attachment":[{"href":"https:\/\/sagavinaestartit.com\/ca\/wp-json\/wp\/v2\/media?parent=34395"}],"wp:term":[{"taxonomy":"category","embeddable":true,"href":"https:\/\/sagavinaestartit.com\/ca\/wp-json\/wp\/v2\/categories?post=34395"},{"taxonomy":"post_tag","embeddable":true,"href":"https:\/\/sagavinaestartit.com\/ca\/wp-json\/wp\/v2\/tags?post=34395"}],"curies":[{"name":"wp","href":"https:\/\/api.w.org\/{rel}","templated":true}]}}