{"id":32299,"date":"2025-06-10T10:55:29","date_gmt":"2025-06-10T08:55:29","guid":{"rendered":"https:\/\/sagavinaestartit.com\/?p=32299"},"modified":"2025-06-19T15:23:12","modified_gmt":"2025-06-19T13:23:12","slug":"festa-de-la-mare-de-deu-del-carme-a-lestartit","status":"publish","type":"post","link":"https:\/\/sagavinaestartit.com\/ca\/festa-de-la-mare-de-deu-del-carme-a-lestartit\/","title":{"rendered":"Festa de la Mare de D\u00e9u del Carme a l\u2019Estartit"},"content":{"rendered":"<div class=\"fusion-fullwidth fullwidth-box fusion-builder-row-1 fusion-flex-container has-pattern-background has-mask-background nonhundred-percent-fullwidth non-hundred-percent-height-scrolling\" style=\"--awb-border-radius-top-left:0px;--awb-border-radius-top-right:0px;--awb-border-radius-bottom-right:0px;--awb-border-radius-bottom-left:0px;--awb-flex-wrap:wrap;\" ><div class=\"fusion-builder-row fusion-row fusion-flex-align-items-flex-start fusion-flex-content-wrap\" style=\"max-width:1216.8px;margin-left: calc(-4% \/ 2 );margin-right: calc(-4% \/ 2 );\"><div class=\"fusion-layout-column fusion_builder_column fusion-builder-column-0 fusion_builder_column_1_1 1_1 fusion-flex-column\" style=\"--awb-bg-size:cover;--awb-width-large:100%;--awb-margin-top-large:0px;--awb-spacing-right-large:1.92%;--awb-margin-bottom-large:20px;--awb-spacing-left-large:1.92%;--awb-width-medium:100%;--awb-order-medium:0;--awb-spacing-right-medium:1.92%;--awb-spacing-left-medium:1.92%;--awb-width-small:100%;--awb-order-small:0;--awb-spacing-right-small:1.92%;--awb-spacing-left-small:1.92%;\"><div class=\"fusion-column-wrapper fusion-column-has-shadow fusion-flex-justify-content-flex-start fusion-content-layout-column\"><div class=\"fusion-text fusion-text-1\"><h2><strong>Festa de la Mare de D\u00e9u del Carme a l\u2019Estartit<\/strong><\/h2>\n<p>El pr\u00f2xim 16 de juliol, se celebra la Festa de la Mare de D\u00e9u del Carme a l\u2019Estartit. Aquesta festivitat, que honra la patrona dels mariners i pescadors, combina tradicions religioses, activitats culturals i entreteniment per a tota la fam\u00edlia. \u00c9s una tradici\u00f3 de tots els pobles costaners.<\/p>\n<p>Si no tens allotjament a la Costa Brava per aquest estiu, allotja&#8217;t als Apartaments Sa Gavina, a pocs metres de la platja de l&#8217;Estartit.Tradici\u00f3 i devoci\u00f3 a la Mare de D\u00e9u del Carme<\/p>\n<\/div><div class=\"fusion-text fusion-text-2\"><h2><strong>Or\u00edgens i Significat de la Festa de la Mare de D\u00e9u del Carme<\/strong><\/h2>\n<p>La Festa de la Mare de D\u00e9u del Carme t\u00e9 les arrels en la profunda devoci\u00f3 dels mariners i pescadors cap a la Mare de D\u00e9u del Carme. Aquesta \u00e9s coneguda com la protectora dels que naveguen pels mars.<\/p>\n<p>La tradici\u00f3 es remunta a segles enrere, quan els pescadors de la regi\u00f3 demanaven la protecci\u00f3 de la Mare de D\u00e9u per enfrontar-se als perills del mar. Aquesta devoci\u00f3 s&#8217;ha mantingut viva al llarg dels anys, i cada 16 de juliol, l&#8217;Estartit ret homenatge a la patrona amb una s\u00e8rie de celebracions i activitats.<\/p>\n<\/div><div class=\"fusion-text fusion-text-3\"><h2>Process\u00f3 Mar\u00edtima a l\u2019Estartit<\/h2>\n<p>L&#8217;esdeveniment central de la Festa de la Mare de D\u00e9u del Carme \u00e9s, sens dubte, la process\u00f3 mar\u00edtima. Aquesta emotiva desfilada comen\u00e7a amb una missa solemne en honor a la Mare de D\u00e9u del Carme, celebrada a l&#8217;esgl\u00e9sia local. Despr\u00e9s de la cerim\u00f2nia, una imatge de la Verge \u00e9s portada en process\u00f3 fins al port, acompanyada per residents i visitants.<\/p>\n<p>Un cop al port, la imatge de la Verge \u00e9s col\u00b7locada en una embarcaci\u00f3 decorada amb flors i banderes. Els vaixells de pescadors, juntament amb altres embarcacions locals, formen un impressionant seguici que navega per la costa de l&#8217;Estartit.<\/p>\n<p>Aquesta commovedora process\u00f3 mar\u00edtima \u00e9s un espectacle visual i espiritual que atrau centenars d&#8217;espectadors cada any.<\/p>\n<p>Consulta la programaci\u00f3n \u00a0<strong><a href=\"https:\/\/www.agendatorroella.com\/ca\/programacio\/c\/9656-mare-de-deu-del-carme-missa.html\">de la Festa de la Mare de D\u00e9u del Carme<\/a><\/strong><\/p>\n<h2><\/h2>\n<\/div><\/div><\/div><\/div><\/div>\n","protected":false},"excerpt":{"rendered":"","protected":false},"author":1,"featured_media":32377,"comment_status":"closed","ping_status":"closed","sticky":false,"template":"","format":"standard","meta":{"footnotes":""},"categories":[119],"tags":[601,532,390,529,508,505],"class_list":["post-32299","post","type-post","status-publish","format-standard","has-post-thumbnail","hentry","category-novetats","tag-activitats-familiars-ca","tag-costa-brava-ca","tag-fiesta-mare-de-deu-del-carme-estartitprocesion-estartit","tag-fires-i-festes","tag-sa-gavina-ca","tag-turisme-de-proximitat"],"yoast_head":"<!-- This site is optimized with the Yoast SEO plugin v27.1.1 - https:\/\/yoast.com\/product\/yoast-seo-wordpress\/ -->\n<title>Festa de la Mare de D\u00e9u del Carme a l\u2019Estartit | Apartaments a l&#039;Estartit<\/title>\n<meta name=\"description\" content=\"Festa de la Mare de D\u00e9u del Carme a l\u2019Estartit, dedicada a la patrona de mariners i pescadors. Apta per a tota la familia\" \/>\n<meta name=\"robots\" content=\"index, follow, max-snippet:-1, max-image-preview:large, max-video-preview:-1\" \/>\n<link rel=\"canonical\" href=\"https:\/\/sagavinaestartit.com\/ca\/festa-de-la-mare-de-deu-del-carme-a-lestartit\/\" \/>\n<meta property=\"og:locale\" content=\"ca_ES\" \/>\n<meta property=\"og:type\" content=\"article\" \/>\n<meta property=\"og:title\" content=\"Festa de la Mare de D\u00e9u del Carme a l\u2019Estartit | Apartaments a l&#039;Estartit\" \/>\n<meta property=\"og:description\" content=\"Festa de la Mare de D\u00e9u del Carme a l\u2019Estartit, dedicada a la patrona de mariners i pescadors. Apta per a tota la familia\" \/>\n<meta property=\"og:url\" content=\"https:\/\/sagavinaestartit.com\/ca\/festa-de-la-mare-de-deu-del-carme-a-lestartit\/\" \/>\n<meta property=\"og:site_name\" content=\"Apartaments a l&#039;Estartit\" \/>\n<meta property=\"article:published_time\" content=\"2025-06-10T08:55:29+00:00\" \/>\n<meta property=\"article:modified_time\" content=\"2025-06-19T13:23:12+00:00\" \/>\n<meta property=\"og:image\" content=\"https:\/\/sagavinaestartit.com\/wp-content\/uploads\/2025\/06\/procesion-estartit.webp\" \/>\n\t<meta property=\"og:image:width\" content=\"500\" \/>\n\t<meta property=\"og:image:height\" content=\"333\" \/>\n\t<meta property=\"og:image:type\" content=\"image\/webp\" \/>\n<meta name=\"author\" content=\"tecnico_alojapro\" \/>\n<meta name=\"twitter:card\" content=\"summary_large_image\" \/>\n<meta name=\"twitter:label1\" content=\"Escrit per\" \/>\n\t<meta name=\"twitter:data1\" content=\"tecnico_alojapro\" \/>\n\t<meta name=\"twitter:label2\" content=\"Temps estimat de lectura\" \/>\n\t<meta name=\"twitter:data2\" content=\"2 minuts\" \/>\n<script type=\"application\/ld+json\" class=\"yoast-schema-graph\">{\"@context\":\"https:\/\/schema.org\",\"@graph\":[{\"@type\":\"Article\",\"@id\":\"https:\/\/sagavinaestartit.com\/ca\/festa-de-la-mare-de-deu-del-carme-a-lestartit\/#article\",\"isPartOf\":{\"@id\":\"https:\/\/sagavinaestartit.com\/ca\/festa-de-la-mare-de-deu-del-carme-a-lestartit\/\"},\"author\":{\"name\":\"tecnico_alojapro\",\"@id\":\"https:\/\/sagavinaestartit.com\/ca\/#\/schema\/person\/72b3f9a420869474351007377bde83c0\"},\"headline\":\"Festa de la Mare de D\u00e9u del Carme a l\u2019Estartit\",\"datePublished\":\"2025-06-10T08:55:29+00:00\",\"dateModified\":\"2025-06-19T13:23:12+00:00\",\"mainEntityOfPage\":{\"@id\":\"https:\/\/sagavinaestartit.com\/ca\/festa-de-la-mare-de-deu-del-carme-a-lestartit\/\"},\"wordCount\":1588,\"publisher\":{\"@id\":\"https:\/\/sagavinaestartit.com\/ca\/#organization\"},\"image\":{\"@id\":\"https:\/\/sagavinaestartit.com\/ca\/festa-de-la-mare-de-deu-del-carme-a-lestartit\/#primaryimage\"},\"thumbnailUrl\":\"https:\/\/sagavinaestartit.com\/wp-content\/uploads\/2025\/06\/procesion-estartit.webp\",\"keywords\":[\"Activitats familiars\",\"Costa Brava\",\"fiesta mare de deu del carme estartit|procesion estartit\",\"fires i festes\",\"Sa gavina\",\"turisme de proximitat\"],\"articleSection\":[\"Novetats\"],\"inLanguage\":\"ca\"},{\"@type\":\"WebPage\",\"@id\":\"https:\/\/sagavinaestartit.com\/ca\/festa-de-la-mare-de-deu-del-carme-a-lestartit\/\",\"url\":\"https:\/\/sagavinaestartit.com\/ca\/festa-de-la-mare-de-deu-del-carme-a-lestartit\/\",\"name\":\"Festa de la Mare de D\u00e9u del Carme a l\u2019Estartit | Apartaments a l'Estartit\",\"isPartOf\":{\"@id\":\"https:\/\/sagavinaestartit.com\/ca\/#website\"},\"primaryImageOfPage\":{\"@id\":\"https:\/\/sagavinaestartit.com\/ca\/festa-de-la-mare-de-deu-del-carme-a-lestartit\/#primaryimage\"},\"image\":{\"@id\":\"https:\/\/sagavinaestartit.com\/ca\/festa-de-la-mare-de-deu-del-carme-a-lestartit\/#primaryimage\"},\"thumbnailUrl\":\"https:\/\/sagavinaestartit.com\/wp-content\/uploads\/2025\/06\/procesion-estartit.webp\",\"datePublished\":\"2025-06-10T08:55:29+00:00\",\"dateModified\":\"2025-06-19T13:23:12+00:00\",\"description\":\"Festa de la Mare de D\u00e9u del Carme a l\u2019Estartit, dedicada a la patrona de mariners i pescadors. Apta per a tota la familia\",\"breadcrumb\":{\"@id\":\"https:\/\/sagavinaestartit.com\/ca\/festa-de-la-mare-de-deu-del-carme-a-lestartit\/#breadcrumb\"},\"inLanguage\":\"ca\",\"potentialAction\":[{\"@type\":\"ReadAction\",\"target\":[\"https:\/\/sagavinaestartit.com\/ca\/festa-de-la-mare-de-deu-del-carme-a-lestartit\/\"]}]},{\"@type\":\"ImageObject\",\"inLanguage\":\"ca\",\"@id\":\"https:\/\/sagavinaestartit.com\/ca\/festa-de-la-mare-de-deu-del-carme-a-lestartit\/#primaryimage\",\"url\":\"https:\/\/sagavinaestartit.com\/wp-content\/uploads\/2025\/06\/procesion-estartit.webp\",\"contentUrl\":\"https:\/\/sagavinaestartit.com\/wp-content\/uploads\/2025\/06\/procesion-estartit.webp\",\"width\":500,\"height\":333,\"caption\":\"procesion-estartit\"},{\"@type\":\"BreadcrumbList\",\"@id\":\"https:\/\/sagavinaestartit.com\/ca\/festa-de-la-mare-de-deu-del-carme-a-lestartit\/#breadcrumb\",\"itemListElement\":[{\"@type\":\"ListItem\",\"position\":1,\"name\":\"Portada\",\"item\":\"https:\/\/sagavinaestartit.com\/ca\/home\/\"},{\"@type\":\"ListItem\",\"position\":2,\"name\":\"Festa de la Mare de D\u00e9u del Carme a l\u2019Estartit\"}]},{\"@type\":\"WebSite\",\"@id\":\"https:\/\/sagavinaestartit.com\/ca\/#website\",\"url\":\"https:\/\/sagavinaestartit.com\/ca\/\",\"name\":\"Sa Gavina Apartaments\",\"description\":\"Sa Gavina Apartaments\",\"publisher\":{\"@id\":\"https:\/\/sagavinaestartit.com\/ca\/#organization\"},\"potentialAction\":[{\"@type\":\"SearchAction\",\"target\":{\"@type\":\"EntryPoint\",\"urlTemplate\":\"https:\/\/sagavinaestartit.com\/ca\/?s={search_term_string}\"},\"query-input\":{\"@type\":\"PropertyValueSpecification\",\"valueRequired\":true,\"valueName\":\"search_term_string\"}}],\"inLanguage\":\"ca\"},{\"@type\":\"Organization\",\"@id\":\"https:\/\/sagavinaestartit.com\/ca\/#organization\",\"name\":\"Sa Gavina Apartaments\",\"url\":\"https:\/\/sagavinaestartit.com\/ca\/\",\"logo\":{\"@type\":\"ImageObject\",\"inLanguage\":\"ca\",\"@id\":\"https:\/\/sagavinaestartit.com\/ca\/#\/schema\/logo\/image\/\",\"url\":\"https:\/\/sagavinaestartit.com\/wp-content\/uploads\/2024\/12\/3-1.png\",\"contentUrl\":\"https:\/\/sagavinaestartit.com\/wp-content\/uploads\/2024\/12\/3-1.png\",\"width\":500,\"height\":200,\"caption\":\"Sa Gavina Apartaments\"},\"image\":{\"@id\":\"https:\/\/sagavinaestartit.com\/ca\/#\/schema\/logo\/image\/\"}},{\"@type\":\"Person\",\"@id\":\"https:\/\/sagavinaestartit.com\/ca\/#\/schema\/person\/72b3f9a420869474351007377bde83c0\",\"name\":\"tecnico_alojapro\",\"sameAs\":[\"https:\/\/sagavinaestartit.com\"]}]}<\/script>\n<!-- \/ Yoast SEO plugin. -->","yoast_head_json":{"title":"Festa de la Mare de D\u00e9u del Carme a l\u2019Estartit | Apartaments a l'Estartit","description":"Festa de la Mare de D\u00e9u del Carme a l\u2019Estartit, dedicada a la patrona de mariners i pescadors. Apta per a tota la familia","robots":{"index":"index","follow":"follow","max-snippet":"max-snippet:-1","max-image-preview":"max-image-preview:large","max-video-preview":"max-video-preview:-1"},"canonical":"https:\/\/sagavinaestartit.com\/ca\/festa-de-la-mare-de-deu-del-carme-a-lestartit\/","og_locale":"ca_ES","og_type":"article","og_title":"Festa de la Mare de D\u00e9u del Carme a l\u2019Estartit | Apartaments a l'Estartit","og_description":"Festa de la Mare de D\u00e9u del Carme a l\u2019Estartit, dedicada a la patrona de mariners i pescadors. Apta per a tota la familia","og_url":"https:\/\/sagavinaestartit.com\/ca\/festa-de-la-mare-de-deu-del-carme-a-lestartit\/","og_site_name":"Apartaments a l'Estartit","article_published_time":"2025-06-10T08:55:29+00:00","article_modified_time":"2025-06-19T13:23:12+00:00","og_image":[{"width":500,"height":333,"url":"https:\/\/sagavinaestartit.com\/wp-content\/uploads\/2025\/06\/procesion-estartit.webp","type":"image\/webp"}],"author":"tecnico_alojapro","twitter_card":"summary_large_image","twitter_misc":{"Escrit per":"tecnico_alojapro","Temps estimat de lectura":"2 minuts"},"schema":{"@context":"https:\/\/schema.org","@graph":[{"@type":"Article","@id":"https:\/\/sagavinaestartit.com\/ca\/festa-de-la-mare-de-deu-del-carme-a-lestartit\/#article","isPartOf":{"@id":"https:\/\/sagavinaestartit.com\/ca\/festa-de-la-mare-de-deu-del-carme-a-lestartit\/"},"author":{"name":"tecnico_alojapro","@id":"https:\/\/sagavinaestartit.com\/ca\/#\/schema\/person\/72b3f9a420869474351007377bde83c0"},"headline":"Festa de la Mare de D\u00e9u del Carme a l\u2019Estartit","datePublished":"2025-06-10T08:55:29+00:00","dateModified":"2025-06-19T13:23:12+00:00","mainEntityOfPage":{"@id":"https:\/\/sagavinaestartit.com\/ca\/festa-de-la-mare-de-deu-del-carme-a-lestartit\/"},"wordCount":1588,"publisher":{"@id":"https:\/\/sagavinaestartit.com\/ca\/#organization"},"image":{"@id":"https:\/\/sagavinaestartit.com\/ca\/festa-de-la-mare-de-deu-del-carme-a-lestartit\/#primaryimage"},"thumbnailUrl":"https:\/\/sagavinaestartit.com\/wp-content\/uploads\/2025\/06\/procesion-estartit.webp","keywords":["Activitats familiars","Costa Brava","fiesta mare de deu del carme estartit|procesion estartit","fires i festes","Sa gavina","turisme de proximitat"],"articleSection":["Novetats"],"inLanguage":"ca"},{"@type":"WebPage","@id":"https:\/\/sagavinaestartit.com\/ca\/festa-de-la-mare-de-deu-del-carme-a-lestartit\/","url":"https:\/\/sagavinaestartit.com\/ca\/festa-de-la-mare-de-deu-del-carme-a-lestartit\/","name":"Festa de la Mare de D\u00e9u del Carme a l\u2019Estartit | Apartaments a l'Estartit","isPartOf":{"@id":"https:\/\/sagavinaestartit.com\/ca\/#website"},"primaryImageOfPage":{"@id":"https:\/\/sagavinaestartit.com\/ca\/festa-de-la-mare-de-deu-del-carme-a-lestartit\/#primaryimage"},"image":{"@id":"https:\/\/sagavinaestartit.com\/ca\/festa-de-la-mare-de-deu-del-carme-a-lestartit\/#primaryimage"},"thumbnailUrl":"https:\/\/sagavinaestartit.com\/wp-content\/uploads\/2025\/06\/procesion-estartit.webp","datePublished":"2025-06-10T08:55:29+00:00","dateModified":"2025-06-19T13:23:12+00:00","description":"Festa de la Mare de D\u00e9u del Carme a l\u2019Estartit, dedicada a la patrona de mariners i pescadors. Apta per a tota la familia","breadcrumb":{"@id":"https:\/\/sagavinaestartit.com\/ca\/festa-de-la-mare-de-deu-del-carme-a-lestartit\/#breadcrumb"},"inLanguage":"ca","potentialAction":[{"@type":"ReadAction","target":["https:\/\/sagavinaestartit.com\/ca\/festa-de-la-mare-de-deu-del-carme-a-lestartit\/"]}]},{"@type":"ImageObject","inLanguage":"ca","@id":"https:\/\/sagavinaestartit.com\/ca\/festa-de-la-mare-de-deu-del-carme-a-lestartit\/#primaryimage","url":"https:\/\/sagavinaestartit.com\/wp-content\/uploads\/2025\/06\/procesion-estartit.webp","contentUrl":"https:\/\/sagavinaestartit.com\/wp-content\/uploads\/2025\/06\/procesion-estartit.webp","width":500,"height":333,"caption":"procesion-estartit"},{"@type":"BreadcrumbList","@id":"https:\/\/sagavinaestartit.com\/ca\/festa-de-la-mare-de-deu-del-carme-a-lestartit\/#breadcrumb","itemListElement":[{"@type":"ListItem","position":1,"name":"Portada","item":"https:\/\/sagavinaestartit.com\/ca\/home\/"},{"@type":"ListItem","position":2,"name":"Festa de la Mare de D\u00e9u del Carme a l\u2019Estartit"}]},{"@type":"WebSite","@id":"https:\/\/sagavinaestartit.com\/ca\/#website","url":"https:\/\/sagavinaestartit.com\/ca\/","name":"Sa Gavina Apartaments","description":"Sa Gavina Apartaments","publisher":{"@id":"https:\/\/sagavinaestartit.com\/ca\/#organization"},"potentialAction":[{"@type":"SearchAction","target":{"@type":"EntryPoint","urlTemplate":"https:\/\/sagavinaestartit.com\/ca\/?s={search_term_string}"},"query-input":{"@type":"PropertyValueSpecification","valueRequired":true,"valueName":"search_term_string"}}],"inLanguage":"ca"},{"@type":"Organization","@id":"https:\/\/sagavinaestartit.com\/ca\/#organization","name":"Sa Gavina Apartaments","url":"https:\/\/sagavinaestartit.com\/ca\/","logo":{"@type":"ImageObject","inLanguage":"ca","@id":"https:\/\/sagavinaestartit.com\/ca\/#\/schema\/logo\/image\/","url":"https:\/\/sagavinaestartit.com\/wp-content\/uploads\/2024\/12\/3-1.png","contentUrl":"https:\/\/sagavinaestartit.com\/wp-content\/uploads\/2024\/12\/3-1.png","width":500,"height":200,"caption":"Sa Gavina Apartaments"},"image":{"@id":"https:\/\/sagavinaestartit.com\/ca\/#\/schema\/logo\/image\/"}},{"@type":"Person","@id":"https:\/\/sagavinaestartit.com\/ca\/#\/schema\/person\/72b3f9a420869474351007377bde83c0","name":"tecnico_alojapro","sameAs":["https:\/\/sagavinaestartit.com"]}]}},"_links":{"self":[{"href":"https:\/\/sagavinaestartit.com\/ca\/wp-json\/wp\/v2\/posts\/32299","targetHints":{"allow":["GET"]}}],"collection":[{"href":"https:\/\/sagavinaestartit.com\/ca\/wp-json\/wp\/v2\/posts"}],"about":[{"href":"https:\/\/sagavinaestartit.com\/ca\/wp-json\/wp\/v2\/types\/post"}],"author":[{"embeddable":true,"href":"https:\/\/sagavinaestartit.com\/ca\/wp-json\/wp\/v2\/users\/1"}],"replies":[{"embeddable":true,"href":"https:\/\/sagavinaestartit.com\/ca\/wp-json\/wp\/v2\/comments?post=32299"}],"version-history":[{"count":0,"href":"https:\/\/sagavinaestartit.com\/ca\/wp-json\/wp\/v2\/posts\/32299\/revisions"}],"wp:featuredmedia":[{"embeddable":true,"href":"https:\/\/sagavinaestartit.com\/ca\/wp-json\/wp\/v2\/media\/32377"}],"wp:attachment":[{"href":"https:\/\/sagavinaestartit.com\/ca\/wp-json\/wp\/v2\/media?parent=32299"}],"wp:term":[{"taxonomy":"category","embeddable":true,"href":"https:\/\/sagavinaestartit.com\/ca\/wp-json\/wp\/v2\/categories?post=32299"},{"taxonomy":"post_tag","embeddable":true,"href":"https:\/\/sagavinaestartit.com\/ca\/wp-json\/wp\/v2\/tags?post=32299"}],"curies":[{"name":"wp","href":"https:\/\/api.w.org\/{rel}","templated":true}]}}