{"id":32264,"date":"2025-06-23T09:53:41","date_gmt":"2025-06-23T07:53:41","guid":{"rendered":"https:\/\/sagavinaestartit.com\/?p=32264"},"modified":"2025-06-23T09:53:41","modified_gmt":"2025-06-23T07:53:41","slug":"pobles-medievals-prop-de-lestartit","status":"publish","type":"post","link":"https:\/\/sagavinaestartit.com\/ca\/pobles-medievals-prop-de-lestartit\/","title":{"rendered":"Pobles medievals prop de l\u2019Estartit"},"content":{"rendered":"<p><div class=\"fusion-fullwidth fullwidth-box fusion-builder-row-1 fusion-flex-container has-pattern-background has-mask-background nonhundred-percent-fullwidth non-hundred-percent-height-scrolling\" style=\"--awb-border-radius-top-left:0px;--awb-border-radius-top-right:0px;--awb-border-radius-bottom-right:0px;--awb-border-radius-bottom-left:0px;--awb-flex-wrap:wrap;\" ><div class=\"fusion-builder-row fusion-row fusion-flex-align-items-flex-start fusion-flex-content-wrap\" style=\"max-width:1216.8px;margin-left: calc(-4% \/ 2 );margin-right: calc(-4% \/ 2 );\"><div class=\"fusion-layout-column fusion_builder_column fusion-builder-column-0 fusion_builder_column_1_1 1_1 fusion-flex-column\" style=\"--awb-bg-size:cover;--awb-width-large:100%;--awb-margin-top-large:0px;--awb-spacing-right-large:1.92%;--awb-margin-bottom-large:20px;--awb-spacing-left-large:1.92%;--awb-width-medium:100%;--awb-order-medium:0;--awb-spacing-right-medium:1.92%;--awb-spacing-left-medium:1.92%;--awb-width-small:100%;--awb-order-small:0;--awb-spacing-right-small:1.92%;--awb-spacing-left-small:1.92%;\"><div class=\"fusion-column-wrapper fusion-column-has-shadow fusion-flex-justify-content-flex-start fusion-content-layout-column\"><div class=\"fusion-text fusion-text-1\"><p>Des dels nostres <a href=\"https:\/\/sagavinaestartit.com\/ca\/\">apartaments a l\u2019Estartit<\/a>, us proposem una excursi\u00f3 encantadora <strong>pels pobles medievals del Baix Empord\u00e0<\/strong>, ideal per a qui vulgui descobrir la hist\u00f2ria, la cultura i la bellesa rural de la zona. Aquesta ruta circular en cotxe des de l\u2019Estartit permet visitar alguns dels pobles m\u00e9s pintorescos de l\u2019Empord\u00e0, en un itinerari pensat per ser gaudit sense presses, envoltat de paisatges tranquils i arquitectura amb encant.<\/p>\n<p>Aquest itinerari \u00e9s ideal per gaudir d\u2019un dia tranquil, envoltat de paisatges buc\u00f2lics, arquitectura amb encant i una excel\u00b7lent oferta gastron\u00f2mica local. Tindr\u00e0s la sensaci\u00f3 que el temps s\u2019ha aturat mentre passeges per carrerons empedrats i places amb encant.<\/p>\n<p><strong>Dades de la ruta:<\/strong><\/p>\n<ul>\n<li>Dist\u00e0ncia total: 70 km<\/li>\n<li>Durada estimada (amb parades): entre 6 i 8 hores<\/li>\n<li>Tipus de ruta: circular, ideal per a una excursi\u00f3 d\u2019un dia sencer des de l\u2019Estartit<\/li>\n<\/ul>\n<p>Viu una experi\u00e8ncia inoblidable descobrint els pobles medievals prop de l\u2019Estartit, en una combinaci\u00f3 perfecta de natura, patrimoni i tradici\u00f3.<\/p>\n<\/div><a class=\"fusion-modal-text-link\" data-toggle=\"modal\" data-target=\".fusion-modal.Ruta por los pueblos medievales cerca de l&#039;Estartit\" href=\"#\"><iframe style=\"border: 0;\" src=\"https:\/\/www.google.com\/maps\/embed?pb=!1m64!1m12!1m3!1d56342.59410140217!2d3.054418597837085!3d42.00360425655601!2m3!1f0!2f0!3f0!3m2!1i1024!2i768!4f13.1!4m49!3e0!4m5!1s0x12ba5a16bbb4b615%3A0x85a8e9fb367e1a3e!2sApartaments%20Sa%20Gavina%20Estartit%2C%20Carrer%20de%20l'Arquitecte%20Gaud%C3%AD%2C%201%2C%2017258%20L'Estartit%2C%20Girona!3m2!1d42.049530999999995!2d3.192129!4m5!1s0x12ba568e039889f7%3A0xc575202ab7620f4f!2sPals!3m2!1d41.9709243!2d3.1488377!4m5!1s0x12ba56305365b869%3A0x64b1124eb1c05d4d!2sPalau-Sator!3m2!1d41.9887928!2d3.1098827!4m5!1s0x12baf89897661525%3A0xa00fae2bb8bae60!2sPeratallada!3m2!1d41.975453099999996!2d3.0908105!4m5!1s0x12baf92a56c6d03b%3A0xb8d0d6e3afd69f4e!2sVulpellac!3m2!1d41.960180199999996!2d3.0551474!4m5!1s0x12bafbeb5d2ce405%3A0xa31a89ea61bedbea!2sMonells!3m2!1d41.9754009!2d2.9988680999999997!4m5!1s0x12bafb3bf085c341%3A0x400fae021a46ae0!2sMadremanya!3m2!1d41.990062699999996!2d2.9572534999999998!4m5!1s0x12ba5a16bbb4b615%3A0x85a8e9fb367e1a3e!2sApartaments%20Sa%20Gavina%20Gaud%C3%AD%2C%20Carrer%20de%20l'Arquitecte%20Gaud%C3%AD%2C%20Estartit!3m2!1d42.049530999999995!2d3.192129!5e1!3m2!1ses!2ses!4v1749044101858!5m2!1ses!2ses\" width=\"600\" height=\"450\" allowfullscreen=\"allowfullscreen\"><\/iframe><\/a><\/div><\/div><\/div><\/div><div class=\"fusion-fullwidth fullwidth-box fusion-builder-row-2 fusion-flex-container has-pattern-background has-mask-background nonhundred-percent-fullwidth non-hundred-percent-height-scrolling\" style=\"--awb-border-radius-top-left:0px;--awb-border-radius-top-right:0px;--awb-border-radius-bottom-right:0px;--awb-border-radius-bottom-left:0px;--awb-flex-wrap:wrap;\" ><div class=\"fusion-builder-row fusion-row fusion-flex-align-items-flex-start fusion-flex-content-wrap\" style=\"max-width:1216.8px;margin-left: calc(-4% \/ 2 );margin-right: calc(-4% \/ 2 );\"><div class=\"fusion-layout-column fusion_builder_column fusion-builder-column-1 fusion_builder_column_1_1 1_1 fusion-flex-column\" style=\"--awb-bg-size:cover;--awb-width-large:100%;--awb-margin-top-large:0px;--awb-spacing-right-large:1.92%;--awb-margin-bottom-large:20px;--awb-spacing-left-large:1.92%;--awb-width-medium:100%;--awb-order-medium:0;--awb-spacing-right-medium:1.92%;--awb-spacing-left-medium:1.92%;--awb-width-small:100%;--awb-order-small:0;--awb-spacing-right-small:1.92%;--awb-spacing-left-small:1.92%;\"><div class=\"fusion-column-wrapper fusion-column-has-shadow fusion-flex-justify-content-flex-start fusion-content-layout-column\"><div class=\"fusion-title title fusion-title-1 fusion-title-text fusion-title-size-two\" style=\"--awb-margin-top:40px;\"><div class=\"title-sep-container title-sep-container-left fusion-no-large-visibility fusion-no-medium-visibility fusion-no-small-visibility\"><div class=\"title-sep sep- sep-solid\" style=\"border-color:var(--awb-color3);\"><\/div><\/div><span class=\"awb-title-spacer fusion-no-large-visibility fusion-no-medium-visibility fusion-no-small-visibility\"><\/span><h2 class=\"fusion-title-heading title-heading-left fusion-responsive-typography-calculated\" style=\"margin:0;--fontSize:26;line-height:var(--awb-typography1-line-height);\"><b>Pobles medievals a prop de l&#8217;Estartit, Costa Brava<\/b><\/h2><span class=\"awb-title-spacer\"><\/span><div class=\"title-sep-container title-sep-container-right\"><div class=\"title-sep sep- sep-solid\" style=\"border-color:var(--awb-color3);\"><\/div><\/div><\/div><div class=\"fusion-title title fusion-title-2 fusion-title-text fusion-title-size-two\" style=\"--awb-margin-top:20px;\"><div class=\"title-sep-container title-sep-container-left fusion-no-large-visibility fusion-no-medium-visibility fusion-no-small-visibility\"><div class=\"title-sep sep- sep-solid\" style=\"border-color:var(--awb-color3);\"><\/div><\/div><span class=\"awb-title-spacer fusion-no-large-visibility fusion-no-medium-visibility fusion-no-small-visibility\"><\/span><h2 class=\"fusion-title-heading title-heading-left fusion-responsive-typography-calculated\" style=\"margin:0;--fontSize:26;line-height:var(--awb-typography1-line-height);\"><strong>Pals<\/strong><\/h2><span class=\"awb-title-spacer\"><\/span><div class=\"title-sep-container title-sep-container-right\"><div class=\"title-sep sep- sep-solid\" style=\"border-color:var(--awb-color3);\"><\/div><\/div><\/div><div class=\"fusion-text fusion-text-2\"><p>Per comen\u00e7ar el dia, us recomanem fer la primera parada a Pals, un dels municipis amb m\u00e9s encant i hist\u00f2ria de l\u2019Empord\u00e0.<\/p>\n<p>Situat dalt d\u2019un petit tur\u00f3, el nucli antic de Pals \u00e9s un tresor medieval que conserva carrers empedrats, cases de pedra i monuments amb gran valor patrimonial. \u00c9s, sens dubte, un dels millors exemples d\u2019arquitectura medieval de Catalunya.<\/p>\n<\/div><div class=\"fusion-title title fusion-title-3 fusion-title-text fusion-title-size-three\"><div class=\"title-sep-container title-sep-container-left fusion-no-large-visibility fusion-no-medium-visibility fusion-no-small-visibility\"><div class=\"title-sep sep- sep-solid\" style=\"border-color:var(--awb-color3);\"><\/div><\/div><span class=\"awb-title-spacer fusion-no-large-visibility fusion-no-medium-visibility fusion-no-small-visibility\"><\/span><h3 class=\"fusion-title-heading title-heading-left fusion-responsive-typography-calculated\" style=\"margin:0;--fontSize:24;line-height:var(--awb-typography1-line-height);\">Qu\u00e8 veure a Pals<\/h3><span class=\"awb-title-spacer\"><\/span><div class=\"title-sep-container title-sep-container-right\"><div class=\"title-sep sep- sep-solid\" style=\"border-color:var(--awb-color3);\"><\/div><\/div><\/div><div class=\"fusion-text fusion-text-3\"><ul>\n<li><strong>Torre de les Hores<\/strong>: Antiga torre de vigil\u00e0ncia del segle XI i s\u00edmbol del poble. Ofereix vistes espectaculars de l\u2019Empord\u00e0.<\/li>\n<li><strong>Esgl\u00e9sia de Sant Pere:<\/strong> D\u2019origen rom\u00e0nic amb elements g\u00f2tics i barrocs. El campanar en destaca per la seva majestuositat.<\/li>\n<li><strong>Carrerons del nucli antic<\/strong>: Deambula amb calma i gaudeix de l\u2019ambient medieval que impregna cada rac\u00f3.<\/li>\n<\/ul>\n<p>Abans d\u2019arribar al poble, veur\u00e0s els caracter\u00edstics arrossars de Pals, part essencial del paisatge i la gastronomia local. Per saber-ne m\u00e9s, et recomanem fer la <a href=\"https:\/\/www.elxiuletdepals.com\/es\/Ruta-del-Arroz\"><strong>Ruta de l\u2019Arr\u00f2s<\/strong><\/a>.<\/p>\n<\/div><div class=\"fusion-image-element \" style=\"--awb-caption-title-font-family:var(--h2_typography-font-family);--awb-caption-title-font-weight:var(--h2_typography-font-weight);--awb-caption-title-font-style:var(--h2_typography-font-style);--awb-caption-title-size:var(--h2_typography-font-size);--awb-caption-title-transform:var(--h2_typography-text-transform);--awb-caption-title-line-height:var(--h2_typography-line-height);--awb-caption-title-letter-spacing:var(--h2_typography-letter-spacing);\"><span class=\" fusion-imageframe imageframe-none imageframe-1 hover-type-none\"><a class=\"fusion-no-lightbox\" href=\"https:\/\/catalunyaturisme.cat\/es\/palau-sator\/\" target=\"_blank\" aria-label=\"pals\" rel=\"noopener noreferrer\"><img decoding=\"async\" width=\"1000\" height=\"1000\" alt=\"pals\" src=\"https:\/\/sagavinaestartit.com\/wp-content\/uploads\/2025\/06\/pals.webp\" data-orig-src=\"https:\/\/sagavinaestartit.com\/wp-content\/uploads\/2025\/06\/pals.webp\" class=\"lazyload img-responsive wp-image-32403\" srcset=\"data:image\/svg+xml,%3Csvg%20xmlns%3D%27http%3A%2F%2Fwww.w3.org%2F2000%2Fsvg%27%20width%3D%271000%27%20height%3D%271000%27%20viewBox%3D%270%200%201000%201000%27%3E%3Crect%20width%3D%271000%27%20height%3D%271000%27%20fill-opacity%3D%220%22%2F%3E%3C%2Fsvg%3E\" data-srcset=\"https:\/\/sagavinaestartit.com\/wp-content\/uploads\/2025\/06\/pals-200x200.webp 200w, https:\/\/sagavinaestartit.com\/wp-content\/uploads\/2025\/06\/pals-400x400.webp 400w, https:\/\/sagavinaestartit.com\/wp-content\/uploads\/2025\/06\/pals-600x600.webp 600w, https:\/\/sagavinaestartit.com\/wp-content\/uploads\/2025\/06\/pals-800x800.webp 800w, https:\/\/sagavinaestartit.com\/wp-content\/uploads\/2025\/06\/pals.webp 1000w\" data-sizes=\"auto\" data-orig-sizes=\"(max-width: 1024px) 100vw, (max-width: 640px) 100vw, 1000px\" \/><\/a><\/span><\/div><\/div><\/div><\/div><\/div><div class=\"fusion-fullwidth fullwidth-box fusion-builder-row-3 fusion-flex-container has-pattern-background has-mask-background nonhundred-percent-fullwidth non-hundred-percent-height-scrolling\" style=\"--awb-border-radius-top-left:0px;--awb-border-radius-top-right:0px;--awb-border-radius-bottom-right:0px;--awb-border-radius-bottom-left:0px;--awb-flex-wrap:wrap;\" ><div class=\"fusion-builder-row fusion-row fusion-flex-align-items-flex-start fusion-flex-content-wrap\" style=\"max-width:1216.8px;margin-left: calc(-4% \/ 2 );margin-right: calc(-4% \/ 2 );\"><div class=\"fusion-layout-column fusion_builder_column fusion-builder-column-2 fusion_builder_column_1_1 1_1 fusion-flex-column\" style=\"--awb-bg-size:cover;--awb-width-large:100%;--awb-margin-top-large:0px;--awb-spacing-right-large:1.92%;--awb-margin-bottom-large:20px;--awb-spacing-left-large:1.92%;--awb-width-medium:100%;--awb-order-medium:0;--awb-spacing-right-medium:1.92%;--awb-spacing-left-medium:1.92%;--awb-width-small:100%;--awb-order-small:0;--awb-spacing-right-small:1.92%;--awb-spacing-left-small:1.92%;\"><div class=\"fusion-column-wrapper fusion-column-has-shadow fusion-flex-justify-content-flex-start fusion-content-layout-column\"><div class=\"fusion-title title fusion-title-4 fusion-title-text fusion-title-size-two\" style=\"--awb-margin-top:30px;\"><div class=\"title-sep-container title-sep-container-left fusion-no-large-visibility fusion-no-medium-visibility fusion-no-small-visibility\"><div class=\"title-sep sep- sep-solid\" style=\"border-color:var(--awb-color3);\"><\/div><\/div><span class=\"awb-title-spacer fusion-no-large-visibility fusion-no-medium-visibility fusion-no-small-visibility\"><\/span><h2 class=\"fusion-title-heading title-heading-left fusion-responsive-typography-calculated\" style=\"margin:0;--fontSize:26;line-height:var(--awb-typography1-line-height);\"><strong>Palau-Sator<\/strong><\/h2><span class=\"awb-title-spacer\"><\/span><div class=\"title-sep-container title-sep-container-right\"><div class=\"title-sep sep- sep-solid\" style=\"border-color:var(--awb-color3);\"><\/div><\/div><\/div><div class=\"fusion-text fusion-text-4\"><p>A nom\u00e9s 6 quil\u00f2metres de Pals, trobem Palau-Sator, un poble medieval que mereix una parada llarga malgrat la seva proximitat.<\/p>\n<p>Amb un tra\u00e7at urb\u00e0 que conserva l\u2019estructura original, Palau-Sator \u00e9s un aut\u00e8ntic viatge a l\u2019Edat Mitjana. Els or\u00edgens d\u2019aquest assentament es remunten a l\u2019\u00e8poca romana, tot i que el seu m\u00e0xim esplendor es reflecteix en els elements medievals que encara avui es conserven<\/p>\n<\/div><div class=\"fusion-title title fusion-title-5 fusion-title-text fusion-title-size-three\"><div class=\"title-sep-container title-sep-container-left fusion-no-large-visibility fusion-no-medium-visibility fusion-no-small-visibility\"><div class=\"title-sep sep- sep-solid\" style=\"border-color:var(--awb-color3);\"><\/div><\/div><span class=\"awb-title-spacer fusion-no-large-visibility fusion-no-medium-visibility fusion-no-small-visibility\"><\/span><h3 class=\"fusion-title-heading title-heading-left fusion-responsive-typography-calculated\" style=\"margin:0;--fontSize:24;line-height:var(--awb-typography1-line-height);\">Qu\u00e8 veure a Palau-Sator<\/h3><span class=\"awb-title-spacer\"><\/span><div class=\"title-sep-container title-sep-container-right\"><div class=\"title-sep sep- sep-solid\" style=\"border-color:var(--awb-color3);\"><\/div><\/div><\/div><div class=\"fusion-text fusion-text-5\"><ul>\n<li><strong>Torre del castell:<\/strong> Antiga estructura defensiva medieval que destaca en el perfil del poble.<\/li>\n<li><strong>Muralla i nucli antic<\/strong>: Passeja entre cases de pedra, portals g\u00f2tics, arcs de mig punt i carrerons empedrats restaurats amb molta cura.<\/li>\n<li><strong>Pla\u00e7a central: <\/strong>Punt de trobada tradicional, perfecte per gaudir de l\u2019ambient rural i tranquil.<\/li>\n<li><strong>Museu Rural de Mas Pou:<\/strong> Annex al restaurant del mateix nom, aquest petit museu mostra eines i objectes antics de la vida agr\u00edcola tradicional de l\u2019Empord\u00e0.<\/li>\n<\/ul>\n<p>Palau-Sator \u00e9s una joia amagada per als amants de la hist\u00f2ria, l\u2019arquitectura i l\u2019autenticitat rural. Una parada obligada en qualsevol ruta per pobles medievals del Baix Empord\u00e0.<\/p>\n<\/div><div class=\"fusion-image-element \" style=\"--awb-caption-title-font-family:var(--h2_typography-font-family);--awb-caption-title-font-weight:var(--h2_typography-font-weight);--awb-caption-title-font-style:var(--h2_typography-font-style);--awb-caption-title-size:var(--h2_typography-font-size);--awb-caption-title-transform:var(--h2_typography-text-transform);--awb-caption-title-line-height:var(--h2_typography-line-height);--awb-caption-title-letter-spacing:var(--h2_typography-letter-spacing);\"><span class=\" fusion-imageframe imageframe-none imageframe-2 hover-type-none\"><a class=\"fusion-no-lightbox\" href=\"https:\/\/catalunyaturisme.cat\/es\/palau-sator\/\" target=\"_blank\" aria-label=\"Museo Rural Palau-Sator\" rel=\"noopener noreferrer\"><img decoding=\"async\" width=\"1000\" height=\"1000\" alt=\"Museo Rural Palau-Sator\" src=\"https:\/\/sagavinaestartit.com\/wp-content\/uploads\/2025\/06\/Museo-Rural-Palau-Sator.webp\" data-orig-src=\"https:\/\/sagavinaestartit.com\/wp-content\/uploads\/2025\/06\/Museo-Rural-Palau-Sator.webp\" class=\"lazyload img-responsive wp-image-32398\" srcset=\"data:image\/svg+xml,%3Csvg%20xmlns%3D%27http%3A%2F%2Fwww.w3.org%2F2000%2Fsvg%27%20width%3D%271000%27%20height%3D%271000%27%20viewBox%3D%270%200%201000%201000%27%3E%3Crect%20width%3D%271000%27%20height%3D%271000%27%20fill-opacity%3D%220%22%2F%3E%3C%2Fsvg%3E\" data-srcset=\"https:\/\/sagavinaestartit.com\/wp-content\/uploads\/2025\/06\/Museo-Rural-Palau-Sator-200x200.webp 200w, https:\/\/sagavinaestartit.com\/wp-content\/uploads\/2025\/06\/Museo-Rural-Palau-Sator-400x400.webp 400w, https:\/\/sagavinaestartit.com\/wp-content\/uploads\/2025\/06\/Museo-Rural-Palau-Sator-600x600.webp 600w, https:\/\/sagavinaestartit.com\/wp-content\/uploads\/2025\/06\/Museo-Rural-Palau-Sator-800x800.webp 800w, https:\/\/sagavinaestartit.com\/wp-content\/uploads\/2025\/06\/Museo-Rural-Palau-Sator.webp 1000w\" data-sizes=\"auto\" data-orig-sizes=\"(max-width: 1024px) 100vw, (max-width: 640px) 100vw, 1000px\" \/><\/a><\/span><\/div><\/div><\/div><\/div><\/div><div class=\"fusion-fullwidth fullwidth-box fusion-builder-row-4 fusion-flex-container has-pattern-background has-mask-background nonhundred-percent-fullwidth non-hundred-percent-height-scrolling\" style=\"--awb-border-radius-top-left:0px;--awb-border-radius-top-right:0px;--awb-border-radius-bottom-right:0px;--awb-border-radius-bottom-left:0px;--awb-flex-wrap:wrap;\" ><div class=\"fusion-builder-row fusion-row fusion-flex-align-items-flex-start fusion-flex-content-wrap\" style=\"max-width:1216.8px;margin-left: calc(-4% \/ 2 );margin-right: calc(-4% \/ 2 );\"><div class=\"fusion-layout-column fusion_builder_column fusion-builder-column-3 fusion_builder_column_1_1 1_1 fusion-flex-column\" style=\"--awb-bg-size:cover;--awb-width-large:100%;--awb-margin-top-large:0px;--awb-spacing-right-large:1.92%;--awb-margin-bottom-large:20px;--awb-spacing-left-large:1.92%;--awb-width-medium:100%;--awb-order-medium:0;--awb-spacing-right-medium:1.92%;--awb-spacing-left-medium:1.92%;--awb-width-small:100%;--awb-order-small:0;--awb-spacing-right-small:1.92%;--awb-spacing-left-small:1.92%;\"><div class=\"fusion-column-wrapper fusion-column-has-shadow fusion-flex-justify-content-flex-start fusion-content-layout-column\"><div class=\"fusion-title title fusion-title-6 fusion-title-text fusion-title-size-two\" style=\"--awb-margin-top:30px;\"><div class=\"title-sep-container title-sep-container-left fusion-no-large-visibility fusion-no-medium-visibility fusion-no-small-visibility\"><div class=\"title-sep sep- sep-solid\" style=\"border-color:var(--awb-color3);\"><\/div><\/div><span class=\"awb-title-spacer fusion-no-large-visibility fusion-no-medium-visibility fusion-no-small-visibility\"><\/span><h2 class=\"fusion-title-heading title-heading-left fusion-responsive-typography-calculated\" style=\"margin:0;--fontSize:26;line-height:var(--awb-typography1-line-height);\"><strong>Peratallada<\/strong><\/h2><span class=\"awb-title-spacer\"><\/span><div class=\"title-sep-container title-sep-container-right\"><div class=\"title-sep sep- sep-solid\" style=\"border-color:var(--awb-color3);\"><\/div><\/div><\/div><div class=\"fusion-text fusion-text-6\"><p>Peratallada, declarat Conjunt Hist\u00f2ric-Art\u00edstic i B\u00e9 Cultural d\u2019Inter\u00e8s Nacional (BCIN), \u00e9s un dels millors exponents de l\u2019arquitectura feudal a Catalunya.<\/p>\n<p>El poble destaca pel seu excel\u00b7lent estat de conservaci\u00f3, el seu tra\u00e7at urb\u00e0 irregular i un ambient medieval que et transporta en el temps. Passejar pels seus carrers \u00e9s com fer un viatge als segles XII i XIII: passadissos estrets, murs de pedra, placetes amagades i fa\u00e7anes que expliquen hist\u00f2ries d&#8217;altres temps.<\/p>\n<\/div><div class=\"fusion-title title fusion-title-7 fusion-title-text fusion-title-size-three\"><div class=\"title-sep-container title-sep-container-left fusion-no-large-visibility fusion-no-medium-visibility fusion-no-small-visibility\"><div class=\"title-sep sep- sep-solid\" style=\"border-color:var(--awb-color3);\"><\/div><\/div><span class=\"awb-title-spacer fusion-no-large-visibility fusion-no-medium-visibility fusion-no-small-visibility\"><\/span><h3 class=\"fusion-title-heading title-heading-left fusion-responsive-typography-calculated\" style=\"margin:0;--fontSize:24;line-height:var(--awb-typography1-line-height);\">Qu\u00e8 veure a Peratallada<\/h3><span class=\"awb-title-spacer\"><\/span><div class=\"title-sep-container title-sep-container-right\"><div class=\"title-sep sep- sep-solid\" style=\"border-color:var(--awb-color3);\"><\/div><\/div><\/div><div class=\"fusion-text fusion-text-7\"><ul>\n<li><strong>Castell-palau de Peratallada:<\/strong> Imponent i visible des de diversos punts, fou resid\u00e8ncia dels senyors feudals. No \u00e9s visitable per dins, per\u00f2 la seva silueta domina el paisatge.<\/li>\n<li><strong>Muralles i fossat:<\/strong> Envolten el nucli antic i remarquen el seu car\u00e0cter defensiu.<\/li>\n<li><strong>Arquitectura popular:<\/strong> Cases de pedra, portals medievals i carrerons plens d\u2019encant que reflecteixen la vida quotidiana de segles passats.<\/li>\n<li><strong>Artesania i gastronomia:<\/strong> Peratallada acull botigues de productes locals, tallers artesans i restaurants amb cuina empordanesa de qualitat.<\/li>\n<\/ul>\n<p>Visitar Peratallada \u00e9s sens dubte un dels punts culminants d\u2019aquesta ruta pels pobles medievals del Baix Empord\u00e0. La seva riquesa patrimonial, combinada amb una vida cultural i gastron\u00f2mica vibrant, fan d\u2019aquest lloc una parada inoblidable.<\/p>\n<\/div><div class=\"fusion-image-element \" style=\"--awb-caption-title-font-family:var(--h2_typography-font-family);--awb-caption-title-font-weight:var(--h2_typography-font-weight);--awb-caption-title-font-style:var(--h2_typography-font-style);--awb-caption-title-size:var(--h2_typography-font-size);--awb-caption-title-transform:var(--h2_typography-text-transform);--awb-caption-title-line-height:var(--h2_typography-line-height);--awb-caption-title-letter-spacing:var(--h2_typography-letter-spacing);\"><span class=\" fusion-imageframe imageframe-none imageframe-3 hover-type-none\"><a class=\"fusion-no-lightbox\" href=\"https:\/\/www.visitperatallada.cat\/es\/pueblos\/l\/5-peratallada.html\" target=\"_blank\" aria-label=\"Peratallada\" rel=\"noopener noreferrer\"><img decoding=\"async\" width=\"1000\" height=\"1000\" alt=\"Peratallada\" src=\"https:\/\/sagavinaestartit.com\/wp-content\/uploads\/2025\/06\/Peratallada.webp\" data-orig-src=\"https:\/\/sagavinaestartit.com\/wp-content\/uploads\/2025\/06\/Peratallada.webp\" class=\"lazyload img-responsive wp-image-32408\" srcset=\"data:image\/svg+xml,%3Csvg%20xmlns%3D%27http%3A%2F%2Fwww.w3.org%2F2000%2Fsvg%27%20width%3D%271000%27%20height%3D%271000%27%20viewBox%3D%270%200%201000%201000%27%3E%3Crect%20width%3D%271000%27%20height%3D%271000%27%20fill-opacity%3D%220%22%2F%3E%3C%2Fsvg%3E\" data-srcset=\"https:\/\/sagavinaestartit.com\/wp-content\/uploads\/2025\/06\/Peratallada-200x200.webp 200w, https:\/\/sagavinaestartit.com\/wp-content\/uploads\/2025\/06\/Peratallada-400x400.webp 400w, https:\/\/sagavinaestartit.com\/wp-content\/uploads\/2025\/06\/Peratallada-600x600.webp 600w, https:\/\/sagavinaestartit.com\/wp-content\/uploads\/2025\/06\/Peratallada-800x800.webp 800w, https:\/\/sagavinaestartit.com\/wp-content\/uploads\/2025\/06\/Peratallada.webp 1000w\" data-sizes=\"auto\" data-orig-sizes=\"(max-width: 1024px) 100vw, (max-width: 640px) 100vw, 1000px\" \/><\/a><\/span><\/div><\/div><\/div><\/div><\/div><div class=\"fusion-fullwidth fullwidth-box fusion-builder-row-5 fusion-flex-container has-pattern-background has-mask-background nonhundred-percent-fullwidth non-hundred-percent-height-scrolling\" style=\"--awb-border-radius-top-left:0px;--awb-border-radius-top-right:0px;--awb-border-radius-bottom-right:0px;--awb-border-radius-bottom-left:0px;--awb-flex-wrap:wrap;\" ><div class=\"fusion-builder-row fusion-row fusion-flex-align-items-flex-start fusion-flex-content-wrap\" style=\"max-width:1216.8px;margin-left: calc(-4% \/ 2 );margin-right: calc(-4% \/ 2 );\"><div class=\"fusion-layout-column fusion_builder_column fusion-builder-column-4 fusion_builder_column_1_1 1_1 fusion-flex-column\" style=\"--awb-bg-size:cover;--awb-width-large:100%;--awb-margin-top-large:0px;--awb-spacing-right-large:1.92%;--awb-margin-bottom-large:20px;--awb-spacing-left-large:1.92%;--awb-width-medium:100%;--awb-order-medium:0;--awb-spacing-right-medium:1.92%;--awb-spacing-left-medium:1.92%;--awb-width-small:100%;--awb-order-small:0;--awb-spacing-right-small:1.92%;--awb-spacing-left-small:1.92%;\"><div class=\"fusion-column-wrapper fusion-column-has-shadow fusion-flex-justify-content-flex-start fusion-content-layout-column\"><div class=\"fusion-title title fusion-title-8 fusion-title-text fusion-title-size-two\" style=\"--awb-margin-top:30px;\"><div class=\"title-sep-container title-sep-container-left fusion-no-large-visibility fusion-no-medium-visibility fusion-no-small-visibility\"><div class=\"title-sep sep- sep-solid\" style=\"border-color:var(--awb-color3);\"><\/div><\/div><span class=\"awb-title-spacer fusion-no-large-visibility fusion-no-medium-visibility fusion-no-small-visibility\"><\/span><h2 class=\"fusion-title-heading title-heading-left fusion-responsive-typography-calculated\" style=\"margin:0;--fontSize:26;line-height:var(--awb-typography1-line-height);\"><strong>Vulpellac<\/strong><\/h2><span class=\"awb-title-spacer\"><\/span><div class=\"title-sep-container title-sep-container-right\"><div class=\"title-sep sep- sep-solid\" style=\"border-color:var(--awb-color3);\"><\/div><\/div><\/div><div class=\"fusion-text fusion-text-8\"><p>Vulpellac \u00e9s un petit i encantador nucli medieval, poc conegut pel turisme, per\u00f2 amb un alt valor patrimonial.<\/p>\n<p>Tot i la seva mida redu\u00efda, el poble acull un conjunt hist\u00f2ric destacat. L\u2019any 2009, el seu centre hist\u00f2ric va ser declarat B\u00e9 Cultural d\u2019Inter\u00e8s Nacional (BCIN) per la Generalitat de Catalunya, en la categoria de conjunt hist\u00f2ric, fet que subratlla la seva rellev\u00e0ncia arquitect\u00f2nica.<\/p>\n<\/div><div class=\"fusion-title title fusion-title-9 fusion-title-text fusion-title-size-three\"><div class=\"title-sep-container title-sep-container-left fusion-no-large-visibility fusion-no-medium-visibility fusion-no-small-visibility\"><div class=\"title-sep sep- sep-solid\" style=\"border-color:var(--awb-color3);\"><\/div><\/div><span class=\"awb-title-spacer fusion-no-large-visibility fusion-no-medium-visibility fusion-no-small-visibility\"><\/span><h3 class=\"fusion-title-heading title-heading-left fusion-responsive-typography-calculated\" style=\"margin:0;--fontSize:24;line-height:var(--awb-typography1-line-height);\">Qu\u00e8 veure a Vulpellac<\/h3><span class=\"awb-title-spacer\"><\/span><div class=\"title-sep-container title-sep-container-right\"><div class=\"title-sep sep- sep-solid\" style=\"border-color:var(--awb-color3);\"><\/div><\/div><\/div><div class=\"fusion-text fusion-text-9\"><ul>\n<li><strong>Castell de Vulpellac<\/strong>: Constru\u00eft al segle XIII i ampliat al XVI, aquest castell-palau g\u00f2tic-renaixentista \u00e9s el s\u00edmbol m\u00e9s emblem\u00e0tic del poble. Tot i que no es pot visitar per dins, la seva fa\u00e7ana \u00e9s majestuosa.<\/li>\n<li><strong>Esgl\u00e9sia de Sant Juli\u00e0 i Santa Basilissa:<\/strong> Just al costat del castell, aquesta esgl\u00e9sia d\u2019origen rom\u00e0nic reformada posteriorment forma part del conjunt monumental.<\/li>\n<li><strong>Nucli antic:<\/strong> Carrers estrets, cases de pedra i una atmosfera aut\u00e8ntica i tranquil\u00b7la, ideal per passejar i descobrir el Vulpellac m\u00e9s rural i ser\u00e8.<\/li>\n<\/ul>\n<p>Visitar Vulpellac \u00e9s una manera perfecta de descobrir un poble medieval fora dels circuits habituals, un aut\u00e8ntic tresor del Baix Empord\u00e0.<\/p>\n<\/div><div class=\"fusion-image-element \" style=\"--awb-caption-title-font-family:var(--h2_typography-font-family);--awb-caption-title-font-weight:var(--h2_typography-font-weight);--awb-caption-title-font-style:var(--h2_typography-font-style);--awb-caption-title-size:var(--h2_typography-font-size);--awb-caption-title-transform:var(--h2_typography-text-transform);--awb-caption-title-line-height:var(--h2_typography-line-height);--awb-caption-title-letter-spacing:var(--h2_typography-letter-spacing);\"><span class=\" fusion-imageframe imageframe-none imageframe-4 hover-type-none\"><a class=\"fusion-no-lightbox\" href=\"https:\/\/catalunyaturisme.cat\/es\/vulpellac\/\" target=\"_blank\" aria-label=\"Vulpellac\" rel=\"noopener noreferrer\"><img decoding=\"async\" width=\"1000\" height=\"1000\" alt=\"Vulpellac\" src=\"https:\/\/sagavinaestartit.com\/wp-content\/uploads\/2025\/06\/Vulpellac.webp\" data-orig-src=\"https:\/\/sagavinaestartit.com\/wp-content\/uploads\/2025\/06\/Vulpellac.webp\" class=\"lazyload img-responsive wp-image-32413\" srcset=\"data:image\/svg+xml,%3Csvg%20xmlns%3D%27http%3A%2F%2Fwww.w3.org%2F2000%2Fsvg%27%20width%3D%271000%27%20height%3D%271000%27%20viewBox%3D%270%200%201000%201000%27%3E%3Crect%20width%3D%271000%27%20height%3D%271000%27%20fill-opacity%3D%220%22%2F%3E%3C%2Fsvg%3E\" data-srcset=\"https:\/\/sagavinaestartit.com\/wp-content\/uploads\/2025\/06\/Vulpellac-200x200.webp 200w, https:\/\/sagavinaestartit.com\/wp-content\/uploads\/2025\/06\/Vulpellac-400x400.webp 400w, https:\/\/sagavinaestartit.com\/wp-content\/uploads\/2025\/06\/Vulpellac-600x600.webp 600w, https:\/\/sagavinaestartit.com\/wp-content\/uploads\/2025\/06\/Vulpellac-800x800.webp 800w, https:\/\/sagavinaestartit.com\/wp-content\/uploads\/2025\/06\/Vulpellac.webp 1000w\" data-sizes=\"auto\" data-orig-sizes=\"(max-width: 1024px) 100vw, (max-width: 640px) 100vw, 1000px\" \/><\/a><\/span><\/div><\/div><\/div><\/div><\/div><div class=\"fusion-fullwidth fullwidth-box fusion-builder-row-6 fusion-flex-container has-pattern-background has-mask-background nonhundred-percent-fullwidth non-hundred-percent-height-scrolling\" style=\"--awb-border-radius-top-left:0px;--awb-border-radius-top-right:0px;--awb-border-radius-bottom-right:0px;--awb-border-radius-bottom-left:0px;--awb-flex-wrap:wrap;\" ><div class=\"fusion-builder-row fusion-row fusion-flex-align-items-flex-start fusion-flex-content-wrap\" style=\"max-width:1216.8px;margin-left: calc(-4% \/ 2 );margin-right: calc(-4% \/ 2 );\"><div class=\"fusion-layout-column fusion_builder_column fusion-builder-column-5 fusion_builder_column_1_1 1_1 fusion-flex-column\" style=\"--awb-bg-size:cover;--awb-width-large:100%;--awb-margin-top-large:0px;--awb-spacing-right-large:1.92%;--awb-margin-bottom-large:20px;--awb-spacing-left-large:1.92%;--awb-width-medium:100%;--awb-order-medium:0;--awb-spacing-right-medium:1.92%;--awb-spacing-left-medium:1.92%;--awb-width-small:100%;--awb-order-small:0;--awb-spacing-right-small:1.92%;--awb-spacing-left-small:1.92%;\"><div class=\"fusion-column-wrapper fusion-column-has-shadow fusion-flex-justify-content-flex-start fusion-content-layout-column\"><div class=\"fusion-title title fusion-title-10 fusion-title-text fusion-title-size-two\" style=\"--awb-margin-top:30px;\"><div class=\"title-sep-container title-sep-container-left fusion-no-large-visibility fusion-no-medium-visibility fusion-no-small-visibility\"><div class=\"title-sep sep- sep-solid\" style=\"border-color:var(--awb-color3);\"><\/div><\/div><span class=\"awb-title-spacer fusion-no-large-visibility fusion-no-medium-visibility fusion-no-small-visibility\"><\/span><h2 class=\"fusion-title-heading title-heading-left fusion-responsive-typography-calculated\" style=\"margin:0;--fontSize:26;line-height:var(--awb-typography1-line-height);\"><strong>Monells<\/strong><\/h2><span class=\"awb-title-spacer\"><\/span><div class=\"title-sep-container title-sep-container-right\"><div class=\"title-sep sep- sep-solid\" style=\"border-color:var(--awb-color3);\"><\/div><\/div><\/div><div class=\"fusion-text fusion-text-10\"><p><span style=\"font-size: 16px;\">Monells \u00e9s un dels nuclis medievals m\u00e9s encantadors de l\u2019Empord\u00e0 i una parada imprescindible en qualsevol ruta pels pobles amb hist\u00f2ria de la Costa Brava interior.<\/span><\/p>\n<p>El poble ha conservat intacte el seu aspecte original, amb carrers empedrats, places porxades i cases de pedra que transmeten pau i autenticitat. \u00c9s el lloc ideal per desconnectar del ritme costaner i connectar amb l\u2019ess\u00e8ncia rural del Baix Empord\u00e0.<\/p>\n<\/div><div class=\"fusion-title title fusion-title-11 fusion-title-text fusion-title-size-three\"><div class=\"title-sep-container title-sep-container-left fusion-no-large-visibility fusion-no-medium-visibility fusion-no-small-visibility\"><div class=\"title-sep sep- sep-solid\" style=\"border-color:var(--awb-color3);\"><\/div><\/div><span class=\"awb-title-spacer fusion-no-large-visibility fusion-no-medium-visibility fusion-no-small-visibility\"><\/span><h3 class=\"fusion-title-heading title-heading-left fusion-responsive-typography-calculated\" style=\"margin:0;--fontSize:24;line-height:var(--awb-typography1-line-height);\">Qu\u00e8 veure a Monells<\/h3><span class=\"awb-title-spacer\"><\/span><div class=\"title-sep-container title-sep-container-right\"><div class=\"title-sep sep- sep-solid\" style=\"border-color:var(--awb-color3);\"><\/div><\/div><\/div><div class=\"fusion-text fusion-text-11\"><ul>\n<li><strong>Pla\u00e7a Major:<\/strong> Centre neur\u00e0lgic del poble, envoltada de porxos medievals i restaurants amb terrassa. Va ser escenari de la pel\u00b7l\u00edcula <em>Ocho apellidos catalanes<\/em> i \u00e9s considerada una de les places m\u00e9s boniques de Catalunya.<\/li>\n<li><strong>Esgl\u00e9sia de Sant Gen\u00eds:<\/strong> Temple d\u2019origen rom\u00e0nic, reconstru\u00eft entre els segles XV i XVIII. La seva fa\u00e7ana sobria conserva un aire elegant.<\/li>\n<li><strong>Portal d\u2019entrada al nucli antic<\/strong>: Acc\u00e9s monumental que et transporta directament a l\u2019Edat Mitjana.<\/li>\n<li><strong>Centre hist\u00f2ric: <\/strong>Ideal per fer un passeig tranquil entre racons amb encant i fotog\u00e8nics.<\/li>\n<\/ul>\n<p>A m\u00e9s del patrimoni, Monells destaca per la seva oferta gastron\u00f2mica A la pla\u00e7a porxada trobar\u00e0s restaurants excel\u00b7lents per gaudir d\u2019un bon \u00e0pat tradicional en un entorn de pel\u00b7l\u00edcula. Li sona la pla\u00e7a?<\/p>\n<\/div><div class=\"fusion-image-element \" style=\"--awb-caption-title-font-family:var(--h2_typography-font-family);--awb-caption-title-font-weight:var(--h2_typography-font-weight);--awb-caption-title-font-style:var(--h2_typography-font-style);--awb-caption-title-size:var(--h2_typography-font-size);--awb-caption-title-transform:var(--h2_typography-text-transform);--awb-caption-title-line-height:var(--h2_typography-line-height);--awb-caption-title-letter-spacing:var(--h2_typography-letter-spacing);\"><span class=\" fusion-imageframe imageframe-none imageframe-5 hover-type-none\"><a class=\"fusion-no-lightbox\" href=\"https:\/\/catalunyaturisme.cat\/es\/monells\/\" target=\"_blank\" aria-label=\"Monells\" rel=\"noopener noreferrer\"><img decoding=\"async\" width=\"1000\" height=\"1000\" alt=\"Monells\" src=\"https:\/\/sagavinaestartit.com\/wp-content\/uploads\/2025\/06\/Monells.webp\" data-orig-src=\"https:\/\/sagavinaestartit.com\/wp-content\/uploads\/2025\/06\/Monells.webp\" class=\"lazyload img-responsive wp-image-32393\" srcset=\"data:image\/svg+xml,%3Csvg%20xmlns%3D%27http%3A%2F%2Fwww.w3.org%2F2000%2Fsvg%27%20width%3D%271000%27%20height%3D%271000%27%20viewBox%3D%270%200%201000%201000%27%3E%3Crect%20width%3D%271000%27%20height%3D%271000%27%20fill-opacity%3D%220%22%2F%3E%3C%2Fsvg%3E\" data-srcset=\"https:\/\/sagavinaestartit.com\/wp-content\/uploads\/2025\/06\/Monells-200x200.webp 200w, https:\/\/sagavinaestartit.com\/wp-content\/uploads\/2025\/06\/Monells-400x400.webp 400w, https:\/\/sagavinaestartit.com\/wp-content\/uploads\/2025\/06\/Monells-600x600.webp 600w, https:\/\/sagavinaestartit.com\/wp-content\/uploads\/2025\/06\/Monells-800x800.webp 800w, https:\/\/sagavinaestartit.com\/wp-content\/uploads\/2025\/06\/Monells.webp 1000w\" data-sizes=\"auto\" data-orig-sizes=\"(max-width: 1024px) 100vw, (max-width: 640px) 100vw, 1000px\" \/><\/a><\/span><\/div><\/div><\/div><\/div><\/div><div class=\"fusion-fullwidth fullwidth-box fusion-builder-row-7 fusion-flex-container has-pattern-background has-mask-background nonhundred-percent-fullwidth non-hundred-percent-height-scrolling\" style=\"--awb-border-radius-top-left:0px;--awb-border-radius-top-right:0px;--awb-border-radius-bottom-right:0px;--awb-border-radius-bottom-left:0px;--awb-flex-wrap:wrap;\" ><div class=\"fusion-builder-row fusion-row fusion-flex-align-items-flex-start fusion-flex-content-wrap\" style=\"max-width:1216.8px;margin-left: calc(-4% \/ 2 );margin-right: calc(-4% \/ 2 );\"><div class=\"fusion-layout-column fusion_builder_column fusion-builder-column-6 fusion_builder_column_1_1 1_1 fusion-flex-column\" style=\"--awb-bg-size:cover;--awb-width-large:100%;--awb-margin-top-large:0px;--awb-spacing-right-large:1.92%;--awb-margin-bottom-large:20px;--awb-spacing-left-large:1.92%;--awb-width-medium:100%;--awb-order-medium:0;--awb-spacing-right-medium:1.92%;--awb-spacing-left-medium:1.92%;--awb-width-small:100%;--awb-order-small:0;--awb-spacing-right-small:1.92%;--awb-spacing-left-small:1.92%;\"><div class=\"fusion-column-wrapper fusion-column-has-shadow fusion-flex-justify-content-flex-start fusion-content-layout-column\"><div class=\"fusion-title title fusion-title-12 fusion-title-text fusion-title-size-two\" style=\"--awb-margin-top:30px;\"><div class=\"title-sep-container title-sep-container-left fusion-no-large-visibility fusion-no-medium-visibility fusion-no-small-visibility\"><div class=\"title-sep sep- sep-solid\" style=\"border-color:var(--awb-color3);\"><\/div><\/div><span class=\"awb-title-spacer fusion-no-large-visibility fusion-no-medium-visibility fusion-no-small-visibility\"><\/span><h2 class=\"fusion-title-heading title-heading-left fusion-responsive-typography-calculated\" style=\"margin:0;--fontSize:26;line-height:var(--awb-typography1-line-height);\"><strong>Madremanya<\/strong><\/h2><span class=\"awb-title-spacer\"><\/span><div class=\"title-sep-container title-sep-container-right\"><div class=\"title-sep sep- sep-solid\" style=\"border-color:var(--awb-color3);\"><\/div><\/div><\/div><div class=\"fusion-text fusion-text-12\"><p>Per tancar la vostra ruta pels pobles medievals del Baix Empord\u00e0, us proposem descobrir Madremanya, un aut\u00e8ntic tresor amagat Lluny del turisme massiu, aquest petit poble emmurallat ofereix una experi\u00e8ncia genu\u00efna, plena de bellesa, calma i autenticitat.<\/p>\n<p>El nom de Madremanya prov\u00e9 del llat\u00ed <em>Mater Magna<\/em> (\u00abmare gran\u00bb), fet que reflecteix la seva forta identitat hist\u00f2rica i espiritual. Enfilat en un tur\u00f3 i envoltat de natura, el seu nucli antic restaurat amb sensibilitat convida a un passeig tranquil entre carrers empedrats, cases de pedra daurada i racons silenciosos que semblen aturats en el temps.<\/p>\n<\/div><div class=\"fusion-title title fusion-title-13 fusion-title-text fusion-title-size-three\"><div class=\"title-sep-container title-sep-container-left fusion-no-large-visibility fusion-no-medium-visibility fusion-no-small-visibility\"><div class=\"title-sep sep- sep-solid\" style=\"border-color:var(--awb-color3);\"><\/div><\/div><span class=\"awb-title-spacer fusion-no-large-visibility fusion-no-medium-visibility fusion-no-small-visibility\"><\/span><h3 class=\"fusion-title-heading title-heading-left fusion-responsive-typography-calculated\" style=\"margin:0;--fontSize:24;line-height:var(--awb-typography1-line-height);\">Qu\u00e8 veure a Madremanya<\/h3><span class=\"awb-title-spacer\"><\/span><div class=\"title-sep-container title-sep-container-right\"><div class=\"title-sep sep- sep-solid\" style=\"border-color:var(--awb-color3);\"><\/div><\/div><\/div><div class=\"fusion-text fusion-text-13\"><ul>\n<li><strong>Esgl\u00e9sia parroquial de Sant Esteve: <\/strong>Constru\u00efda entre els segles XII i XIV, combina elements rom\u00e0nics i g\u00f2tics. Destaca per la seva estructura s\u00f2lida i defensiva, t\u00edpica dels antics temples fortificats.<\/li>\n<li><strong>Nucli hist\u00f2ric:<\/strong> Passegeu entre muralles, portals i cases nobles restaurades amb gran cura. Un poble petit per\u00f2 amb una forta personalitat medieval.<\/li>\n<li><strong>Miradors naturals:<\/strong> En estar situat en al\u00e7ada, Madremanya ofereix vistes panor\u00e0miques \u00faniques dels camps i paisatges de l\u2019Empord\u00e0.<\/li>\n<\/ul>\n<p>Visitar Madremanya \u00e9s el final perfecte per a una excursi\u00f3 des de l\u2019Estartit, descobrint un poble aut\u00e8ntic, amb encant i gran valor patrimonial.<\/p>\n<\/div><div class=\"fusion-image-element \" style=\"--awb-caption-title-font-family:var(--h2_typography-font-family);--awb-caption-title-font-weight:var(--h2_typography-font-weight);--awb-caption-title-font-style:var(--h2_typography-font-style);--awb-caption-title-size:var(--h2_typography-font-size);--awb-caption-title-transform:var(--h2_typography-text-transform);--awb-caption-title-line-height:var(--h2_typography-line-height);--awb-caption-title-letter-spacing:var(--h2_typography-letter-spacing);\"><span class=\" fusion-imageframe imageframe-none imageframe-6 hover-type-none\"><a class=\"fusion-no-lightbox\" href=\"https:\/\/www.femturisme.cat\/es\/pueblos\/madremanya\" target=\"_blank\" aria-label=\"Madremanya\" rel=\"noopener noreferrer\"><img decoding=\"async\" width=\"1000\" height=\"1000\" alt=\"Madremanya\" src=\"https:\/\/sagavinaestartit.com\/wp-content\/uploads\/2025\/06\/Madremanya.webp\" data-orig-src=\"https:\/\/sagavinaestartit.com\/wp-content\/uploads\/2025\/06\/Madremanya.webp\" class=\"lazyload img-responsive wp-image-32388\" srcset=\"data:image\/svg+xml,%3Csvg%20xmlns%3D%27http%3A%2F%2Fwww.w3.org%2F2000%2Fsvg%27%20width%3D%271000%27%20height%3D%271000%27%20viewBox%3D%270%200%201000%201000%27%3E%3Crect%20width%3D%271000%27%20height%3D%271000%27%20fill-opacity%3D%220%22%2F%3E%3C%2Fsvg%3E\" data-srcset=\"https:\/\/sagavinaestartit.com\/wp-content\/uploads\/2025\/06\/Madremanya-200x200.webp 200w, https:\/\/sagavinaestartit.com\/wp-content\/uploads\/2025\/06\/Madremanya-400x400.webp 400w, https:\/\/sagavinaestartit.com\/wp-content\/uploads\/2025\/06\/Madremanya-600x600.webp 600w, https:\/\/sagavinaestartit.com\/wp-content\/uploads\/2025\/06\/Madremanya-800x800.webp 800w, https:\/\/sagavinaestartit.com\/wp-content\/uploads\/2025\/06\/Madremanya.webp 1000w\" data-sizes=\"auto\" data-orig-sizes=\"(max-width: 1024px) 100vw, (max-width: 640px) 100vw, 1000px\" \/><\/a><\/span><\/div><\/div><\/div><\/div><\/div><\/p>\n","protected":false},"excerpt":{"rendered":"","protected":false},"author":1,"featured_media":32255,"comment_status":"closed","ping_status":"closed","sticky":false,"template":"","format":"standard","meta":{"footnotes":""},"categories":[617,439,668],"tags":[594,520,202,560,669,502,593,604,505],"class_list":["post-32264","post","type-post","status-publish","format-standard","has-post-thumbnail","hentry","category-gastronomia-ca","category-imprescindibles","category-ruta-pobles-medievals","tag-activitats-familiars","tag-costa-brava","tag-llocs-dinteres","tag-pobles-bonics-estartit","tag-pobles-medievals-estartit","tag-sa-gavina","tag-sortir-en-familia","tag-sortir-en-familia-ca","tag-turisme-de-proximitat"],"yoast_head":"<!-- This site is optimized with the Yoast SEO plugin v27.1.1 - https:\/\/yoast.com\/product\/yoast-seo-wordpress\/ -->\n<title>Pobles medievals prop de l\u2019Estartit | Apartaments a l&#039;Estartit<\/title>\n<meta name=\"description\" content=\"\u00a1Pueblos Medievales cerca de l&#039;Estartit! Descobreix una ruta pels pobles amb m\u00e9s hist\u00f2ria de la Costa Brava: Pals, Peratallada, Monells...\" \/>\n<meta name=\"robots\" content=\"index, follow, max-snippet:-1, max-image-preview:large, max-video-preview:-1\" \/>\n<link rel=\"canonical\" href=\"https:\/\/sagavinaestartit.com\/ca\/pobles-medievals-prop-de-lestartit\/\" \/>\n<meta property=\"og:locale\" content=\"ca_ES\" \/>\n<meta property=\"og:type\" content=\"article\" \/>\n<meta property=\"og:title\" content=\"Pobles medievals prop de l\u2019Estartit | Apartaments a l&#039;Estartit\" \/>\n<meta property=\"og:description\" content=\"\u00a1Pueblos Medievales cerca de l&#039;Estartit! Descobreix una ruta pels pobles amb m\u00e9s hist\u00f2ria de la Costa Brava: Pals, Peratallada, Monells...\" \/>\n<meta property=\"og:url\" content=\"https:\/\/sagavinaestartit.com\/ca\/pobles-medievals-prop-de-lestartit\/\" \/>\n<meta property=\"og:site_name\" content=\"Apartaments a l&#039;Estartit\" \/>\n<meta property=\"article:published_time\" content=\"2025-06-23T07:53:41+00:00\" \/>\n<meta property=\"og:image\" content=\"https:\/\/sagavinaestartit.com\/wp-content\/uploads\/2025\/06\/pueblos-medievales-estartit-e1749034396629.webp\" \/>\n\t<meta property=\"og:image:width\" content=\"1024\" \/>\n\t<meta property=\"og:image:height\" content=\"955\" \/>\n\t<meta property=\"og:image:type\" content=\"image\/webp\" \/>\n<meta name=\"author\" content=\"tecnico_alojapro\" \/>\n<meta name=\"twitter:card\" content=\"summary_large_image\" \/>\n<meta name=\"twitter:label1\" content=\"Escrit per\" \/>\n\t<meta name=\"twitter:data1\" content=\"tecnico_alojapro\" \/>\n\t<meta name=\"twitter:label2\" content=\"Temps estimat de lectura\" \/>\n\t<meta name=\"twitter:data2\" content=\"69 minuts\" \/>\n<script type=\"application\/ld+json\" class=\"yoast-schema-graph\">{\"@context\":\"https:\/\/schema.org\",\"@graph\":[{\"@type\":\"Article\",\"@id\":\"https:\/\/sagavinaestartit.com\/ca\/pobles-medievals-prop-de-lestartit\/#article\",\"isPartOf\":{\"@id\":\"https:\/\/sagavinaestartit.com\/ca\/pobles-medievals-prop-de-lestartit\/\"},\"author\":{\"name\":\"tecnico_alojapro\",\"@id\":\"https:\/\/sagavinaestartit.com\/ca\/#\/schema\/person\/72b3f9a420869474351007377bde83c0\"},\"headline\":\"Pobles medievals prop de l\u2019Estartit\",\"datePublished\":\"2025-06-23T07:53:41+00:00\",\"mainEntityOfPage\":{\"@id\":\"https:\/\/sagavinaestartit.com\/ca\/pobles-medievals-prop-de-lestartit\/\"},\"wordCount\":13712,\"publisher\":{\"@id\":\"https:\/\/sagavinaestartit.com\/ca\/#organization\"},\"image\":{\"@id\":\"https:\/\/sagavinaestartit.com\/ca\/pobles-medievals-prop-de-lestartit\/#primaryimage\"},\"thumbnailUrl\":\"https:\/\/sagavinaestartit.com\/wp-content\/uploads\/2025\/06\/pueblos-medievales-estartit-e1749034396629.webp\",\"keywords\":[\"activitats familiars\",\"Costa Brava\",\"llocs d'inter\u00e8s\",\"Pobles bonics Estartit\",\"Pobles medievals estartit\",\"Sa gavina\",\"sortir en familia\",\"sortir en familia\",\"turisme de proximitat\"],\"articleSection\":[\"Gastronomia\",\"Imprescindibles\",\"Ruta Pobles medievals\"],\"inLanguage\":\"ca\"},{\"@type\":\"WebPage\",\"@id\":\"https:\/\/sagavinaestartit.com\/ca\/pobles-medievals-prop-de-lestartit\/\",\"url\":\"https:\/\/sagavinaestartit.com\/ca\/pobles-medievals-prop-de-lestartit\/\",\"name\":\"Pobles medievals prop de l\u2019Estartit | Apartaments a l'Estartit\",\"isPartOf\":{\"@id\":\"https:\/\/sagavinaestartit.com\/ca\/#website\"},\"primaryImageOfPage\":{\"@id\":\"https:\/\/sagavinaestartit.com\/ca\/pobles-medievals-prop-de-lestartit\/#primaryimage\"},\"image\":{\"@id\":\"https:\/\/sagavinaestartit.com\/ca\/pobles-medievals-prop-de-lestartit\/#primaryimage\"},\"thumbnailUrl\":\"https:\/\/sagavinaestartit.com\/wp-content\/uploads\/2025\/06\/pueblos-medievales-estartit-e1749034396629.webp\",\"datePublished\":\"2025-06-23T07:53:41+00:00\",\"description\":\"\u00a1Pueblos Medievales cerca de l'Estartit! Descobreix una ruta pels pobles amb m\u00e9s hist\u00f2ria de la Costa Brava: Pals, Peratallada, Monells...\",\"breadcrumb\":{\"@id\":\"https:\/\/sagavinaestartit.com\/ca\/pobles-medievals-prop-de-lestartit\/#breadcrumb\"},\"inLanguage\":\"ca\",\"potentialAction\":[{\"@type\":\"ReadAction\",\"target\":[\"https:\/\/sagavinaestartit.com\/ca\/pobles-medievals-prop-de-lestartit\/\"]}]},{\"@type\":\"ImageObject\",\"inLanguage\":\"ca\",\"@id\":\"https:\/\/sagavinaestartit.com\/ca\/pobles-medievals-prop-de-lestartit\/#primaryimage\",\"url\":\"https:\/\/sagavinaestartit.com\/wp-content\/uploads\/2025\/06\/pueblos-medievales-estartit-e1749034396629.webp\",\"contentUrl\":\"https:\/\/sagavinaestartit.com\/wp-content\/uploads\/2025\/06\/pueblos-medievales-estartit-e1749034396629.webp\",\"width\":1024,\"height\":955,\"caption\":\"pueblos medievales estartit\"},{\"@type\":\"BreadcrumbList\",\"@id\":\"https:\/\/sagavinaestartit.com\/ca\/pobles-medievals-prop-de-lestartit\/#breadcrumb\",\"itemListElement\":[{\"@type\":\"ListItem\",\"position\":1,\"name\":\"Portada\",\"item\":\"https:\/\/sagavinaestartit.com\/ca\/home\/\"},{\"@type\":\"ListItem\",\"position\":2,\"name\":\"Pobles medievals prop de l\u2019Estartit\"}]},{\"@type\":\"WebSite\",\"@id\":\"https:\/\/sagavinaestartit.com\/ca\/#website\",\"url\":\"https:\/\/sagavinaestartit.com\/ca\/\",\"name\":\"Sa Gavina Apartaments\",\"description\":\"Sa Gavina Apartaments\",\"publisher\":{\"@id\":\"https:\/\/sagavinaestartit.com\/ca\/#organization\"},\"potentialAction\":[{\"@type\":\"SearchAction\",\"target\":{\"@type\":\"EntryPoint\",\"urlTemplate\":\"https:\/\/sagavinaestartit.com\/ca\/?s={search_term_string}\"},\"query-input\":{\"@type\":\"PropertyValueSpecification\",\"valueRequired\":true,\"valueName\":\"search_term_string\"}}],\"inLanguage\":\"ca\"},{\"@type\":\"Organization\",\"@id\":\"https:\/\/sagavinaestartit.com\/ca\/#organization\",\"name\":\"Sa Gavina Apartaments\",\"url\":\"https:\/\/sagavinaestartit.com\/ca\/\",\"logo\":{\"@type\":\"ImageObject\",\"inLanguage\":\"ca\",\"@id\":\"https:\/\/sagavinaestartit.com\/ca\/#\/schema\/logo\/image\/\",\"url\":\"https:\/\/sagavinaestartit.com\/wp-content\/uploads\/2024\/12\/3-1.png\",\"contentUrl\":\"https:\/\/sagavinaestartit.com\/wp-content\/uploads\/2024\/12\/3-1.png\",\"width\":500,\"height\":200,\"caption\":\"Sa Gavina Apartaments\"},\"image\":{\"@id\":\"https:\/\/sagavinaestartit.com\/ca\/#\/schema\/logo\/image\/\"}},{\"@type\":\"Person\",\"@id\":\"https:\/\/sagavinaestartit.com\/ca\/#\/schema\/person\/72b3f9a420869474351007377bde83c0\",\"name\":\"tecnico_alojapro\",\"sameAs\":[\"https:\/\/sagavinaestartit.com\"]}]}<\/script>\n<!-- \/ Yoast SEO plugin. -->","yoast_head_json":{"title":"Pobles medievals prop de l\u2019Estartit | Apartaments a l'Estartit","description":"\u00a1Pueblos Medievales cerca de l'Estartit! Descobreix una ruta pels pobles amb m\u00e9s hist\u00f2ria de la Costa Brava: Pals, Peratallada, Monells...","robots":{"index":"index","follow":"follow","max-snippet":"max-snippet:-1","max-image-preview":"max-image-preview:large","max-video-preview":"max-video-preview:-1"},"canonical":"https:\/\/sagavinaestartit.com\/ca\/pobles-medievals-prop-de-lestartit\/","og_locale":"ca_ES","og_type":"article","og_title":"Pobles medievals prop de l\u2019Estartit | Apartaments a l'Estartit","og_description":"\u00a1Pueblos Medievales cerca de l'Estartit! Descobreix una ruta pels pobles amb m\u00e9s hist\u00f2ria de la Costa Brava: Pals, Peratallada, Monells...","og_url":"https:\/\/sagavinaestartit.com\/ca\/pobles-medievals-prop-de-lestartit\/","og_site_name":"Apartaments a l'Estartit","article_published_time":"2025-06-23T07:53:41+00:00","og_image":[{"width":1024,"height":955,"url":"https:\/\/sagavinaestartit.com\/wp-content\/uploads\/2025\/06\/pueblos-medievales-estartit-e1749034396629.webp","type":"image\/webp"}],"author":"tecnico_alojapro","twitter_card":"summary_large_image","twitter_misc":{"Escrit per":"tecnico_alojapro","Temps estimat de lectura":"69 minuts"},"schema":{"@context":"https:\/\/schema.org","@graph":[{"@type":"Article","@id":"https:\/\/sagavinaestartit.com\/ca\/pobles-medievals-prop-de-lestartit\/#article","isPartOf":{"@id":"https:\/\/sagavinaestartit.com\/ca\/pobles-medievals-prop-de-lestartit\/"},"author":{"name":"tecnico_alojapro","@id":"https:\/\/sagavinaestartit.com\/ca\/#\/schema\/person\/72b3f9a420869474351007377bde83c0"},"headline":"Pobles medievals prop de l\u2019Estartit","datePublished":"2025-06-23T07:53:41+00:00","mainEntityOfPage":{"@id":"https:\/\/sagavinaestartit.com\/ca\/pobles-medievals-prop-de-lestartit\/"},"wordCount":13712,"publisher":{"@id":"https:\/\/sagavinaestartit.com\/ca\/#organization"},"image":{"@id":"https:\/\/sagavinaestartit.com\/ca\/pobles-medievals-prop-de-lestartit\/#primaryimage"},"thumbnailUrl":"https:\/\/sagavinaestartit.com\/wp-content\/uploads\/2025\/06\/pueblos-medievales-estartit-e1749034396629.webp","keywords":["activitats familiars","Costa Brava","llocs d'inter\u00e8s","Pobles bonics Estartit","Pobles medievals estartit","Sa gavina","sortir en familia","sortir en familia","turisme de proximitat"],"articleSection":["Gastronomia","Imprescindibles","Ruta Pobles medievals"],"inLanguage":"ca"},{"@type":"WebPage","@id":"https:\/\/sagavinaestartit.com\/ca\/pobles-medievals-prop-de-lestartit\/","url":"https:\/\/sagavinaestartit.com\/ca\/pobles-medievals-prop-de-lestartit\/","name":"Pobles medievals prop de l\u2019Estartit | Apartaments a l'Estartit","isPartOf":{"@id":"https:\/\/sagavinaestartit.com\/ca\/#website"},"primaryImageOfPage":{"@id":"https:\/\/sagavinaestartit.com\/ca\/pobles-medievals-prop-de-lestartit\/#primaryimage"},"image":{"@id":"https:\/\/sagavinaestartit.com\/ca\/pobles-medievals-prop-de-lestartit\/#primaryimage"},"thumbnailUrl":"https:\/\/sagavinaestartit.com\/wp-content\/uploads\/2025\/06\/pueblos-medievales-estartit-e1749034396629.webp","datePublished":"2025-06-23T07:53:41+00:00","description":"\u00a1Pueblos Medievales cerca de l'Estartit! Descobreix una ruta pels pobles amb m\u00e9s hist\u00f2ria de la Costa Brava: Pals, Peratallada, Monells...","breadcrumb":{"@id":"https:\/\/sagavinaestartit.com\/ca\/pobles-medievals-prop-de-lestartit\/#breadcrumb"},"inLanguage":"ca","potentialAction":[{"@type":"ReadAction","target":["https:\/\/sagavinaestartit.com\/ca\/pobles-medievals-prop-de-lestartit\/"]}]},{"@type":"ImageObject","inLanguage":"ca","@id":"https:\/\/sagavinaestartit.com\/ca\/pobles-medievals-prop-de-lestartit\/#primaryimage","url":"https:\/\/sagavinaestartit.com\/wp-content\/uploads\/2025\/06\/pueblos-medievales-estartit-e1749034396629.webp","contentUrl":"https:\/\/sagavinaestartit.com\/wp-content\/uploads\/2025\/06\/pueblos-medievales-estartit-e1749034396629.webp","width":1024,"height":955,"caption":"pueblos medievales estartit"},{"@type":"BreadcrumbList","@id":"https:\/\/sagavinaestartit.com\/ca\/pobles-medievals-prop-de-lestartit\/#breadcrumb","itemListElement":[{"@type":"ListItem","position":1,"name":"Portada","item":"https:\/\/sagavinaestartit.com\/ca\/home\/"},{"@type":"ListItem","position":2,"name":"Pobles medievals prop de l\u2019Estartit"}]},{"@type":"WebSite","@id":"https:\/\/sagavinaestartit.com\/ca\/#website","url":"https:\/\/sagavinaestartit.com\/ca\/","name":"Sa Gavina Apartaments","description":"Sa Gavina Apartaments","publisher":{"@id":"https:\/\/sagavinaestartit.com\/ca\/#organization"},"potentialAction":[{"@type":"SearchAction","target":{"@type":"EntryPoint","urlTemplate":"https:\/\/sagavinaestartit.com\/ca\/?s={search_term_string}"},"query-input":{"@type":"PropertyValueSpecification","valueRequired":true,"valueName":"search_term_string"}}],"inLanguage":"ca"},{"@type":"Organization","@id":"https:\/\/sagavinaestartit.com\/ca\/#organization","name":"Sa Gavina Apartaments","url":"https:\/\/sagavinaestartit.com\/ca\/","logo":{"@type":"ImageObject","inLanguage":"ca","@id":"https:\/\/sagavinaestartit.com\/ca\/#\/schema\/logo\/image\/","url":"https:\/\/sagavinaestartit.com\/wp-content\/uploads\/2024\/12\/3-1.png","contentUrl":"https:\/\/sagavinaestartit.com\/wp-content\/uploads\/2024\/12\/3-1.png","width":500,"height":200,"caption":"Sa Gavina Apartaments"},"image":{"@id":"https:\/\/sagavinaestartit.com\/ca\/#\/schema\/logo\/image\/"}},{"@type":"Person","@id":"https:\/\/sagavinaestartit.com\/ca\/#\/schema\/person\/72b3f9a420869474351007377bde83c0","name":"tecnico_alojapro","sameAs":["https:\/\/sagavinaestartit.com"]}]}},"_links":{"self":[{"href":"https:\/\/sagavinaestartit.com\/ca\/wp-json\/wp\/v2\/posts\/32264","targetHints":{"allow":["GET"]}}],"collection":[{"href":"https:\/\/sagavinaestartit.com\/ca\/wp-json\/wp\/v2\/posts"}],"about":[{"href":"https:\/\/sagavinaestartit.com\/ca\/wp-json\/wp\/v2\/types\/post"}],"author":[{"embeddable":true,"href":"https:\/\/sagavinaestartit.com\/ca\/wp-json\/wp\/v2\/users\/1"}],"replies":[{"embeddable":true,"href":"https:\/\/sagavinaestartit.com\/ca\/wp-json\/wp\/v2\/comments?post=32264"}],"version-history":[{"count":0,"href":"https:\/\/sagavinaestartit.com\/ca\/wp-json\/wp\/v2\/posts\/32264\/revisions"}],"wp:featuredmedia":[{"embeddable":true,"href":"https:\/\/sagavinaestartit.com\/ca\/wp-json\/wp\/v2\/media\/32255"}],"wp:attachment":[{"href":"https:\/\/sagavinaestartit.com\/ca\/wp-json\/wp\/v2\/media?parent=32264"}],"wp:term":[{"taxonomy":"category","embeddable":true,"href":"https:\/\/sagavinaestartit.com\/ca\/wp-json\/wp\/v2\/categories?post=32264"},{"taxonomy":"post_tag","embeddable":true,"href":"https:\/\/sagavinaestartit.com\/ca\/wp-json\/wp\/v2\/tags?post=32264"}],"curies":[{"name":"wp","href":"https:\/\/api.w.org\/{rel}","templated":true}]}}