{"id":31657,"date":"2025-05-08T09:45:22","date_gmt":"2025-05-08T07:45:22","guid":{"rendered":"https:\/\/sagavinaestartit.com\/?p=31657"},"modified":"2025-06-19T16:14:34","modified_gmt":"2025-06-19T14:14:34","slug":"la-gastronomia-de-lestartit","status":"publish","type":"post","link":"https:\/\/sagavinaestartit.com\/ca\/la-gastronomia-de-lestartit\/","title":{"rendered":"La Gastronomia de l&#8217;Estartit"},"content":{"rendered":"<p><div class=\"fusion-fullwidth fullwidth-box fusion-builder-row-1 fusion-flex-container has-pattern-background has-mask-background nonhundred-percent-fullwidth non-hundred-percent-height-scrolling\" style=\"--awb-border-radius-top-left:0px;--awb-border-radius-top-right:0px;--awb-border-radius-bottom-right:0px;--awb-border-radius-bottom-left:0px;--awb-flex-wrap:wrap;\" ><div class=\"fusion-builder-row fusion-row fusion-flex-align-items-flex-start fusion-flex-content-wrap\" style=\"max-width:1216.8px;margin-left: calc(-4% \/ 2 );margin-right: calc(-4% \/ 2 );\"><div class=\"fusion-layout-column fusion_builder_column fusion-builder-column-0 fusion_builder_column_1_1 1_1 fusion-flex-column\" style=\"--awb-bg-size:cover;--awb-width-large:100%;--awb-margin-top-large:0px;--awb-spacing-right-large:1.92%;--awb-margin-bottom-large:20px;--awb-spacing-left-large:1.92%;--awb-width-medium:100%;--awb-order-medium:0;--awb-spacing-right-medium:1.92%;--awb-spacing-left-medium:1.92%;--awb-width-small:100%;--awb-order-small:0;--awb-spacing-right-small:1.92%;--awb-spacing-left-small:1.92%;\" data-scroll-devices=\"small-visibility,medium-visibility,large-visibility\"><div class=\"fusion-column-wrapper fusion-column-has-shadow fusion-flex-justify-content-flex-start fusion-content-layout-column\"><div class=\"fusion-text fusion-text-1\"><p>La cuina catalana \u00e9s una de les m\u00e9s riques i variades del Mediterrani. Amb una tradici\u00f3 que es remunta a segles enrere, es caracteritza per la seva capacitat de fusionar productes del mar i de la muntanya, creant plats \u00fanics amb sabors intensos i contrastos sorprenents. Ingredients com l\u2019oli d\u2019oliva, l\u2019all, els tom\u00e0quets, les herbes arom\u00e0tiques, el peix fresc i la carn de ca\u00e7a s\u00f3n fonamentals. A m\u00e9s, la cuina catalana destaca pel respecte als productes de temporada i pel seu fort vincle amb el territori. Descobreix en aquest article la gastronomia de l&#8217;Estartit!<\/p>\n<\/div><div class=\"fusion-text fusion-text-2\"><h2 style=\"text-align: left;\"><strong>La gastronomia de l\u2019Estartit: Sabors de mar i muntanya al cor de la Costa Brava<\/strong><\/h2>\n<\/div><div class=\"fusion-text fusion-text-3\"><p>Dins d\u2019aquest mosaic culinari, la gastronomia de l\u2019Estartit \u2014situada a la comarca del Baix Empord\u00e0, en plena Costa Brava\u2014 ofereix una experi\u00e8ncia que reflecteix fidelment aquesta tradici\u00f3n. Aquest antic poble de pescadors ha sabut conservar les seves arrels marineres, i la seva cuina gira al voltant dels fruits del mar.<\/p>\n<\/div><div class=\"fusion-text fusion-text-4\"><p>A m\u00e9s del mar, la zona de l\u2019Estartit tamb\u00e9 aprofita els productes de l\u2019interior de l\u2019Empord\u00e0: embotits artesanals com la botifarra, formatges de cabra, vins amb D.O. Empord\u00e0, olis d\u2019oliva verge i verdures de l\u2019horta completen l\u2019oferta gastron\u00f2mica.<\/p>\n<\/div><\/div><\/div><\/div><\/div><div class=\"fusion-fullwidth fullwidth-box fusion-builder-row-2 fusion-flex-container has-pattern-background has-mask-background nonhundred-percent-fullwidth non-hundred-percent-height-scrolling\" style=\"--awb-border-radius-top-left:0px;--awb-border-radius-top-right:0px;--awb-border-radius-bottom-right:0px;--awb-border-radius-bottom-left:0px;--awb-flex-wrap:wrap;\" ><div class=\"fusion-builder-row fusion-row fusion-flex-align-items-flex-start fusion-flex-content-wrap\" style=\"max-width:1216.8px;margin-left: calc(-4% \/ 2 );margin-right: calc(-4% \/ 2 );\"><div class=\"fusion-layout-column fusion_builder_column fusion-builder-column-1 fusion_builder_column_1_1 1_1 fusion-flex-column\" style=\"--awb-bg-size:cover;--awb-width-large:100%;--awb-margin-top-large:0px;--awb-spacing-right-large:1.92%;--awb-margin-bottom-large:20px;--awb-spacing-left-large:1.92%;--awb-width-medium:100%;--awb-order-medium:0;--awb-spacing-right-medium:1.92%;--awb-spacing-left-medium:1.92%;--awb-width-small:100%;--awb-order-small:0;--awb-spacing-right-small:1.92%;--awb-spacing-left-small:1.92%;\" data-scroll-devices=\"small-visibility,medium-visibility,large-visibility\"><div class=\"fusion-column-wrapper fusion-column-has-shadow fusion-flex-justify-content-flex-start fusion-content-layout-column\"><div class=\"fusion-text fusion-text-5 fusion-text-no-margin\" style=\"--awb-margin-top:20px;--awb-margin-bottom:-30px;\"><h2><strong>Gastronomia de l\u2019Estartit: plats t\u00edpics a la Costa Brava<\/strong><\/h2>\n<\/div><\/div><\/div><\/div><\/div><div class=\"fusion-fullwidth fullwidth-box fusion-builder-row-3 fusion-flex-container has-pattern-background has-mask-background nonhundred-percent-fullwidth non-hundred-percent-height-scrolling\" style=\"--awb-border-radius-top-left:0px;--awb-border-radius-top-right:0px;--awb-border-radius-bottom-right:0px;--awb-border-radius-bottom-left:0px;--awb-flex-wrap:wrap;\" ><div class=\"fusion-builder-row fusion-row fusion-flex-align-items-flex-start fusion-flex-content-wrap\" style=\"max-width:1216.8px;margin-left: calc(-4% \/ 2 );margin-right: calc(-4% \/ 2 );\"><div class=\"fusion-layout-column fusion_builder_column fusion-builder-column-2 fusion_builder_column_1_3 1_3 fusion-flex-column fusion-flex-align-self-flex-start\" style=\"--awb-bg-size:cover;--awb-width-large:33.333333333333%;--awb-margin-top-large:0px;--awb-spacing-right-large:5.76%;--awb-margin-bottom-large:20px;--awb-spacing-left-large:5.76%;--awb-width-medium:100%;--awb-order-medium:0;--awb-spacing-right-medium:1.92%;--awb-spacing-left-medium:1.92%;--awb-width-small:100%;--awb-order-small:0;--awb-spacing-right-small:1.92%;--awb-spacing-left-small:1.92%;\" data-scroll-devices=\"small-visibility,medium-visibility,large-visibility\"><div class=\"fusion-column-wrapper fusion-column-has-shadow fusion-flex-justify-content-flex-start fusion-content-layout-row\"><div class=\"fusion-text fusion-text-6\"><h3><strong>Pa amb tom\u00e0quet i anxoves de l\u2019Escala<\/strong><\/h3>\n<\/div><div class=\"fusion-text fusion-text-7\"><p>Un cl\u00e0ssic de la cuina catalana que combina a la perfecci\u00f3 amb tota mena d\u2019ingredients. A l\u2019Estartit, es serveix sovint amb anxoves de l\u2019Escala curades en sala\u00f3. Un veritable plat Km0<\/p>\n<\/div><div class=\"fusion-image-element \" style=\"--awb-caption-title-font-family:var(--h2_typography-font-family);--awb-caption-title-font-weight:var(--h2_typography-font-weight);--awb-caption-title-font-style:var(--h2_typography-font-style);--awb-caption-title-size:var(--h2_typography-font-size);--awb-caption-title-transform:var(--h2_typography-text-transform);--awb-caption-title-line-height:var(--h2_typography-line-height);--awb-caption-title-letter-spacing:var(--h2_typography-letter-spacing);\"><span class=\" fusion-imageframe imageframe-none imageframe-1 hover-type-none\"><img decoding=\"async\" width=\"1000\" height=\"1000\" alt=\"pan con tomate \" title=\"Pa amb tom\u00e0quet i Anxoves\" src=\"https:\/\/sagavinaestartit.com\/wp-content\/uploads\/2025\/06\/Pa-amb-tomaquet-i-Anxoves.webp\" data-orig-src=\"https:\/\/sagavinaestartit.com\/wp-content\/uploads\/2025\/06\/Pa-amb-tomaquet-i-Anxoves.webp\" class=\"lazyload img-responsive wp-image-32481\" srcset=\"data:image\/svg+xml,%3Csvg%20xmlns%3D%27http%3A%2F%2Fwww.w3.org%2F2000%2Fsvg%27%20width%3D%271000%27%20height%3D%271000%27%20viewBox%3D%270%200%201000%201000%27%3E%3Crect%20width%3D%271000%27%20height%3D%271000%27%20fill-opacity%3D%220%22%2F%3E%3C%2Fsvg%3E\" data-srcset=\"https:\/\/sagavinaestartit.com\/wp-content\/uploads\/2025\/06\/Pa-amb-tomaquet-i-Anxoves-200x200.webp 200w, https:\/\/sagavinaestartit.com\/wp-content\/uploads\/2025\/06\/Pa-amb-tomaquet-i-Anxoves-400x400.webp 400w, https:\/\/sagavinaestartit.com\/wp-content\/uploads\/2025\/06\/Pa-amb-tomaquet-i-Anxoves-600x600.webp 600w, https:\/\/sagavinaestartit.com\/wp-content\/uploads\/2025\/06\/Pa-amb-tomaquet-i-Anxoves-800x800.webp 800w, https:\/\/sagavinaestartit.com\/wp-content\/uploads\/2025\/06\/Pa-amb-tomaquet-i-Anxoves.webp 1000w\" data-sizes=\"auto\" data-orig-sizes=\"(max-width: 1024px) 100vw, (max-width: 640px) 100vw, 400px\" \/><\/span><\/div><\/div><\/div><div class=\"fusion-layout-column fusion_builder_column fusion-builder-column-3 fusion_builder_column_1_3 1_3 fusion-flex-column fusion-flex-align-self-flex-start\" style=\"--awb-bg-size:cover;--awb-width-large:33.333333333333%;--awb-margin-top-large:0px;--awb-spacing-right-large:5.76%;--awb-margin-bottom-large:20px;--awb-spacing-left-large:5.76%;--awb-width-medium:100%;--awb-order-medium:0;--awb-spacing-right-medium:1.92%;--awb-spacing-left-medium:1.92%;--awb-width-small:100%;--awb-order-small:0;--awb-spacing-right-small:1.92%;--awb-spacing-left-small:1.92%;\" data-scroll-devices=\"small-visibility,medium-visibility,large-visibility\"><div class=\"fusion-column-wrapper fusion-column-has-shadow fusion-flex-justify-content-flex-start fusion-content-layout-row\"><div class=\"fusion-text fusion-text-8\"><h3><strong>Suquet de peix<\/strong><\/h3>\n<\/div><div class=\"fusion-text fusion-text-9\"><p>Un guisat mariner tradicional elaborat amb peix de roca, patates i un toc d\u2019allioli. Aquest plat emblem\u00e0tic reflecteix l\u2019aut\u00e8ntica ess\u00e8ncia del mar de la Costa Brava i<\/p>\n<\/div><div class=\"fusion-image-element \" style=\"--awb-caption-title-font-family:var(--h2_typography-font-family);--awb-caption-title-font-weight:var(--h2_typography-font-weight);--awb-caption-title-font-style:var(--h2_typography-font-style);--awb-caption-title-size:var(--h2_typography-font-size);--awb-caption-title-transform:var(--h2_typography-text-transform);--awb-caption-title-line-height:var(--h2_typography-line-height);--awb-caption-title-letter-spacing:var(--h2_typography-letter-spacing);\"><span class=\" fusion-imageframe imageframe-none imageframe-2 hover-type-none\"><img decoding=\"async\" width=\"1000\" height=\"1000\" alt=\"Suquet de Peix\" title=\"Suquet de Peix\" src=\"https:\/\/sagavinaestartit.com\/wp-content\/uploads\/2025\/06\/Suquet-de-Peix.webp\" data-orig-src=\"https:\/\/sagavinaestartit.com\/wp-content\/uploads\/2025\/06\/Suquet-de-Peix.webp\" class=\"lazyload img-responsive wp-image-32486\" srcset=\"data:image\/svg+xml,%3Csvg%20xmlns%3D%27http%3A%2F%2Fwww.w3.org%2F2000%2Fsvg%27%20width%3D%271000%27%20height%3D%271000%27%20viewBox%3D%270%200%201000%201000%27%3E%3Crect%20width%3D%271000%27%20height%3D%271000%27%20fill-opacity%3D%220%22%2F%3E%3C%2Fsvg%3E\" data-srcset=\"https:\/\/sagavinaestartit.com\/wp-content\/uploads\/2025\/06\/Suquet-de-Peix-200x200.webp 200w, https:\/\/sagavinaestartit.com\/wp-content\/uploads\/2025\/06\/Suquet-de-Peix-400x400.webp 400w, https:\/\/sagavinaestartit.com\/wp-content\/uploads\/2025\/06\/Suquet-de-Peix-600x600.webp 600w, https:\/\/sagavinaestartit.com\/wp-content\/uploads\/2025\/06\/Suquet-de-Peix-800x800.webp 800w, https:\/\/sagavinaestartit.com\/wp-content\/uploads\/2025\/06\/Suquet-de-Peix.webp 1000w\" data-sizes=\"auto\" data-orig-sizes=\"(max-width: 1024px) 100vw, (max-width: 640px) 100vw, 400px\" \/><\/span><\/div><\/div><\/div><div class=\"fusion-layout-column fusion_builder_column fusion-builder-column-4 fusion_builder_column_1_3 1_3 fusion-flex-column fusion-flex-align-self-flex-start\" style=\"--awb-bg-size:cover;--awb-width-large:33.333333333333%;--awb-margin-top-large:0px;--awb-spacing-right-large:5.76%;--awb-margin-bottom-large:20px;--awb-spacing-left-large:5.76%;--awb-width-medium:100%;--awb-order-medium:0;--awb-spacing-right-medium:1.92%;--awb-spacing-left-medium:1.92%;--awb-width-small:100%;--awb-order-small:0;--awb-spacing-right-small:1.92%;--awb-spacing-left-small:1.92%;\" data-scroll-devices=\"small-visibility,medium-visibility,large-visibility\"><div class=\"fusion-column-wrapper fusion-column-has-shadow fusion-flex-justify-content-flex-start fusion-content-layout-row\"><div class=\"fusion-text fusion-text-10\"><h3><strong>Arr\u00f2s negre cald\u00f3s<\/strong><\/h3>\n<\/div><div class=\"fusion-text fusion-text-11\"><p>Aquest arr\u00f2s t\u00edpic de Pals es distingeix pel seu color fosc, resultat d\u2019un sofregit caramel\u00b7litzat de ceba, all i tom\u00e0quet. A difer\u00e8ncia d\u2019altres versions, no cont\u00e9 tinta de calamar.<\/p>\n<\/div><div class=\"fusion-image-element \" style=\"--awb-caption-title-font-family:var(--h2_typography-font-family);--awb-caption-title-font-weight:var(--h2_typography-font-weight);--awb-caption-title-font-style:var(--h2_typography-font-style);--awb-caption-title-size:var(--h2_typography-font-size);--awb-caption-title-transform:var(--h2_typography-text-transform);--awb-caption-title-line-height:var(--h2_typography-line-height);--awb-caption-title-letter-spacing:var(--h2_typography-letter-spacing);\"><span class=\" fusion-imageframe imageframe-none imageframe-3 hover-type-none\"><a class=\"fusion-no-lightbox\" href=\"https:\/\/espaidelpeix.org\/es\/recetas-cocina-marinera\/10-receptes\/36-arroz-negro-del-emporda\" target=\"_blank\" aria-label=\"Arr\u00f2s Negre\" rel=\"noopener noreferrer\"><img decoding=\"async\" width=\"1000\" height=\"1000\" alt=\"Arr\u00f2s Negre\" src=\"https:\/\/sagavinaestartit.com\/wp-content\/uploads\/2025\/06\/Arros-Negre.webp\" data-orig-src=\"https:\/\/sagavinaestartit.com\/wp-content\/uploads\/2025\/06\/Arros-Negre.webp\" class=\"lazyload img-responsive wp-image-32461\" srcset=\"data:image\/svg+xml,%3Csvg%20xmlns%3D%27http%3A%2F%2Fwww.w3.org%2F2000%2Fsvg%27%20width%3D%271000%27%20height%3D%271000%27%20viewBox%3D%270%200%201000%201000%27%3E%3Crect%20width%3D%271000%27%20height%3D%271000%27%20fill-opacity%3D%220%22%2F%3E%3C%2Fsvg%3E\" data-srcset=\"https:\/\/sagavinaestartit.com\/wp-content\/uploads\/2025\/06\/Arros-Negre-200x200.webp 200w, https:\/\/sagavinaestartit.com\/wp-content\/uploads\/2025\/06\/Arros-Negre-400x400.webp 400w, https:\/\/sagavinaestartit.com\/wp-content\/uploads\/2025\/06\/Arros-Negre-600x600.webp 600w, https:\/\/sagavinaestartit.com\/wp-content\/uploads\/2025\/06\/Arros-Negre-800x800.webp 800w, https:\/\/sagavinaestartit.com\/wp-content\/uploads\/2025\/06\/Arros-Negre.webp 1000w\" data-sizes=\"auto\" data-orig-sizes=\"(max-width: 1024px) 100vw, (max-width: 640px) 100vw, 400px\" \/><\/a><\/span><\/div><\/div><\/div><\/div><\/div><div class=\"fusion-fullwidth fullwidth-box fusion-builder-row-4 fusion-flex-container has-pattern-background has-mask-background nonhundred-percent-fullwidth non-hundred-percent-height-scrolling\" style=\"--awb-border-radius-top-left:0px;--awb-border-radius-top-right:0px;--awb-border-radius-bottom-right:0px;--awb-border-radius-bottom-left:0px;--awb-flex-wrap:wrap;\" ><div class=\"fusion-builder-row fusion-row fusion-flex-align-items-flex-start fusion-flex-content-wrap\" style=\"max-width:1216.8px;margin-left: calc(-4% \/ 2 );margin-right: calc(-4% \/ 2 );\"><div class=\"fusion-layout-column fusion_builder_column fusion-builder-column-5 fusion_builder_column_1_3 1_3 fusion-flex-column fusion-flex-align-self-flex-start\" style=\"--awb-bg-size:cover;--awb-width-large:33.333333333333%;--awb-margin-top-large:0px;--awb-spacing-right-large:5.76%;--awb-margin-bottom-large:20px;--awb-spacing-left-large:5.76%;--awb-width-medium:100%;--awb-order-medium:0;--awb-spacing-right-medium:1.92%;--awb-spacing-left-medium:1.92%;--awb-width-small:100%;--awb-order-small:0;--awb-spacing-right-small:1.92%;--awb-spacing-left-small:1.92%;\" data-scroll-devices=\"small-visibility,medium-visibility,large-visibility\"><div class=\"fusion-column-wrapper fusion-column-has-shadow fusion-flex-justify-content-flex-start fusion-content-layout-row\"><div class=\"fusion-text fusion-text-12\"><h3><strong>Musclos de roca<\/strong><\/h3>\n<\/div><div class=\"fusion-text fusion-text-13\"><p>S\u00f3n una varietat t\u00edpica de la Costa Brava. Reconeguts pel seu sabor intens i la seva carn ferma. Es poden degustar al vapor, a la marinera o com a ingredient en nombrosos plats tradicionals de la zona.<\/p>\n<\/div><div class=\"fusion-image-element \" style=\"--awb-caption-title-font-family:var(--h2_typography-font-family);--awb-caption-title-font-weight:var(--h2_typography-font-weight);--awb-caption-title-font-style:var(--h2_typography-font-style);--awb-caption-title-size:var(--h2_typography-font-size);--awb-caption-title-transform:var(--h2_typography-text-transform);--awb-caption-title-line-height:var(--h2_typography-line-height);--awb-caption-title-letter-spacing:var(--h2_typography-letter-spacing);\"><span class=\" fusion-imageframe imageframe-none imageframe-4 hover-type-none\"><img decoding=\"async\" width=\"1000\" height=\"1000\" alt=\"gastronomia estartit\" title=\"Musclos\" src=\"https:\/\/sagavinaestartit.com\/wp-content\/uploads\/2025\/06\/Musclos.webp\" data-orig-src=\"https:\/\/sagavinaestartit.com\/wp-content\/uploads\/2025\/06\/Musclos.webp\" class=\"lazyload img-responsive wp-image-32476\" srcset=\"data:image\/svg+xml,%3Csvg%20xmlns%3D%27http%3A%2F%2Fwww.w3.org%2F2000%2Fsvg%27%20width%3D%271000%27%20height%3D%271000%27%20viewBox%3D%270%200%201000%201000%27%3E%3Crect%20width%3D%271000%27%20height%3D%271000%27%20fill-opacity%3D%220%22%2F%3E%3C%2Fsvg%3E\" data-srcset=\"https:\/\/sagavinaestartit.com\/wp-content\/uploads\/2025\/06\/Musclos-200x200.webp 200w, https:\/\/sagavinaestartit.com\/wp-content\/uploads\/2025\/06\/Musclos-400x400.webp 400w, https:\/\/sagavinaestartit.com\/wp-content\/uploads\/2025\/06\/Musclos-600x600.webp 600w, https:\/\/sagavinaestartit.com\/wp-content\/uploads\/2025\/06\/Musclos-800x800.webp 800w, https:\/\/sagavinaestartit.com\/wp-content\/uploads\/2025\/06\/Musclos.webp 1000w\" data-sizes=\"auto\" data-orig-sizes=\"(max-width: 1024px) 100vw, (max-width: 640px) 100vw, 400px\" \/><\/span><\/div><\/div><\/div><div class=\"fusion-layout-column fusion_builder_column fusion-builder-column-6 fusion_builder_column_1_3 1_3 fusion-flex-column fusion-flex-align-self-flex-start\" style=\"--awb-bg-size:cover;--awb-width-large:33.333333333333%;--awb-margin-top-large:0px;--awb-spacing-right-large:5.76%;--awb-margin-bottom-large:20px;--awb-spacing-left-large:5.76%;--awb-width-medium:100%;--awb-order-medium:0;--awb-spacing-right-medium:1.92%;--awb-spacing-left-medium:1.92%;--awb-width-small:100%;--awb-order-small:0;--awb-spacing-right-small:1.92%;--awb-spacing-left-small:1.92%;\" data-scroll-devices=\"small-visibility,medium-visibility,large-visibility\"><div class=\"fusion-column-wrapper fusion-column-has-shadow fusion-flex-justify-content-flex-start fusion-content-layout-row\"><div class=\"fusion-text fusion-text-14\"><h3><strong>Calamars farcits<\/strong><\/h3>\n<\/div><div class=\"fusion-text fusion-text-15\"><p>Els calamars es poden omplir d\u2019arr\u00f2s, marisc, cuinats amb la seva tinta o b\u00e9 farcits de carn . Un \u201cmar i muntanya\u201d t\u00edpic de la gastronomia Catalana.<\/p>\n<\/div><div class=\"fusion-image-element \" style=\"--awb-caption-title-font-family:var(--h2_typography-font-family);--awb-caption-title-font-weight:var(--h2_typography-font-weight);--awb-caption-title-font-style:var(--h2_typography-font-style);--awb-caption-title-size:var(--h2_typography-font-size);--awb-caption-title-transform:var(--h2_typography-text-transform);--awb-caption-title-line-height:var(--h2_typography-line-height);--awb-caption-title-letter-spacing:var(--h2_typography-letter-spacing);\"><span class=\" fusion-imageframe imageframe-none imageframe-5 hover-type-none\"><img decoding=\"async\" width=\"1000\" height=\"1000\" alt=\"Calamares rellenos\" title=\"Calamars Farcits\" src=\"https:\/\/sagavinaestartit.com\/wp-content\/uploads\/2025\/06\/Calamars-Farcits.webp\" data-orig-src=\"https:\/\/sagavinaestartit.com\/wp-content\/uploads\/2025\/06\/Calamars-Farcits.webp\" class=\"lazyload img-responsive wp-image-32471\" srcset=\"data:image\/svg+xml,%3Csvg%20xmlns%3D%27http%3A%2F%2Fwww.w3.org%2F2000%2Fsvg%27%20width%3D%271000%27%20height%3D%271000%27%20viewBox%3D%270%200%201000%201000%27%3E%3Crect%20width%3D%271000%27%20height%3D%271000%27%20fill-opacity%3D%220%22%2F%3E%3C%2Fsvg%3E\" data-srcset=\"https:\/\/sagavinaestartit.com\/wp-content\/uploads\/2025\/06\/Calamars-Farcits-200x200.webp 200w, https:\/\/sagavinaestartit.com\/wp-content\/uploads\/2025\/06\/Calamars-Farcits-400x400.webp 400w, https:\/\/sagavinaestartit.com\/wp-content\/uploads\/2025\/06\/Calamars-Farcits-600x600.webp 600w, https:\/\/sagavinaestartit.com\/wp-content\/uploads\/2025\/06\/Calamars-Farcits-800x800.webp 800w, https:\/\/sagavinaestartit.com\/wp-content\/uploads\/2025\/06\/Calamars-Farcits.webp 1000w\" data-sizes=\"auto\" data-orig-sizes=\"(max-width: 1024px) 100vw, (max-width: 640px) 100vw, 400px\" \/><\/span><\/div><\/div><\/div><div class=\"fusion-layout-column fusion_builder_column fusion-builder-column-7 fusion_builder_column_1_3 1_3 fusion-flex-column fusion-flex-align-self-flex-start\" style=\"--awb-bg-size:cover;--awb-width-large:33.333333333333%;--awb-margin-top-large:0px;--awb-spacing-right-large:5.76%;--awb-margin-bottom-large:20px;--awb-spacing-left-large:5.76%;--awb-width-medium:100%;--awb-order-medium:0;--awb-spacing-right-medium:1.92%;--awb-spacing-left-medium:1.92%;--awb-width-small:100%;--awb-order-small:0;--awb-spacing-right-small:1.92%;--awb-spacing-left-small:1.92%;\" data-scroll-devices=\"small-visibility,medium-visibility,large-visibility\"><div class=\"fusion-column-wrapper fusion-column-has-shadow fusion-flex-justify-content-flex-start fusion-content-layout-row\"><div class=\"fusion-text fusion-text-16\"><h3><strong>Taps<\/strong><\/h3>\n<\/div><div class=\"fusion-text fusion-text-17\"><p>Pa de pessic fet amb mantega i sucre, es presenten ensucrats per sobre. Tenen forma cil\u00edndrica que recorda un tap de cava, S\u2019acostumen a servir com a postres, amb alm\u00edvar o flamejats<\/p>\n<\/div><div class=\"fusion-image-element \" style=\"--awb-caption-title-font-family:var(--h2_typography-font-family);--awb-caption-title-font-weight:var(--h2_typography-font-weight);--awb-caption-title-font-style:var(--h2_typography-font-style);--awb-caption-title-size:var(--h2_typography-font-size);--awb-caption-title-transform:var(--h2_typography-text-transform);--awb-caption-title-line-height:var(--h2_typography-line-height);--awb-caption-title-letter-spacing:var(--h2_typography-letter-spacing);\"><span class=\" fusion-imageframe imageframe-none imageframe-6 hover-type-none\"><img decoding=\"async\" width=\"1000\" height=\"1000\" alt=\"gastronom\u00eda estartit\" title=\"Taps de Cadaqu\u00e9s\" src=\"https:\/\/sagavinaestartit.com\/wp-content\/uploads\/2025\/06\/Taps-de-Cadaques.webp\" data-orig-src=\"https:\/\/sagavinaestartit.com\/wp-content\/uploads\/2025\/06\/Taps-de-Cadaques.webp\" class=\"lazyload img-responsive wp-image-32491\" srcset=\"data:image\/svg+xml,%3Csvg%20xmlns%3D%27http%3A%2F%2Fwww.w3.org%2F2000%2Fsvg%27%20width%3D%271000%27%20height%3D%271000%27%20viewBox%3D%270%200%201000%201000%27%3E%3Crect%20width%3D%271000%27%20height%3D%271000%27%20fill-opacity%3D%220%22%2F%3E%3C%2Fsvg%3E\" data-srcset=\"https:\/\/sagavinaestartit.com\/wp-content\/uploads\/2025\/06\/Taps-de-Cadaques-200x200.webp 200w, https:\/\/sagavinaestartit.com\/wp-content\/uploads\/2025\/06\/Taps-de-Cadaques-400x400.webp 400w, https:\/\/sagavinaestartit.com\/wp-content\/uploads\/2025\/06\/Taps-de-Cadaques-600x600.webp 600w, https:\/\/sagavinaestartit.com\/wp-content\/uploads\/2025\/06\/Taps-de-Cadaques-800x800.webp 800w, https:\/\/sagavinaestartit.com\/wp-content\/uploads\/2025\/06\/Taps-de-Cadaques.webp 1000w\" data-sizes=\"auto\" data-orig-sizes=\"(max-width: 1024px) 100vw, (max-width: 640px) 100vw, 400px\" \/><\/span><\/div><\/div><\/div><\/div><\/div><div class=\"fusion-fullwidth fullwidth-box fusion-builder-row-5 fusion-flex-container has-pattern-background has-mask-background nonhundred-percent-fullwidth non-hundred-percent-height-scrolling\" style=\"--awb-border-radius-top-left:0px;--awb-border-radius-top-right:0px;--awb-border-radius-bottom-right:0px;--awb-border-radius-bottom-left:0px;--awb-flex-wrap:wrap;\" ><div class=\"fusion-builder-row fusion-row fusion-flex-align-items-flex-start fusion-flex-content-wrap\" style=\"max-width:1216.8px;margin-left: calc(-4% \/ 2 );margin-right: calc(-4% \/ 2 );\"><div class=\"fusion-layout-column fusion_builder_column fusion-builder-column-8 fusion_builder_column_1_1 1_1 fusion-flex-column\" style=\"--awb-bg-size:cover;--awb-width-large:100%;--awb-margin-top-large:0px;--awb-spacing-right-large:1.92%;--awb-margin-bottom-large:20px;--awb-spacing-left-large:1.92%;--awb-width-medium:100%;--awb-order-medium:0;--awb-spacing-right-medium:1.92%;--awb-spacing-left-medium:1.92%;--awb-width-small:100%;--awb-order-small:0;--awb-spacing-right-small:1.92%;--awb-spacing-left-small:1.92%;\"><div class=\"fusion-column-wrapper fusion-column-has-shadow fusion-flex-justify-content-flex-start fusion-content-layout-column\"><div class=\"fusion-text fusion-text-18\"><p>En definitiva, l\u2019Estartit no nom\u00e9s \u00e9s un dest\u00ed de natura i paisatges espectaculars, sin\u00f3 tamb\u00e9 un parad\u00eds per als amants del bon menjar, on la cuina catalana cobra vida en cada plat, connectant el paladar amb la cultura, la hist\u00f2ria i el mar.<\/p>\n<\/div><div class=\"fusion-text fusion-text-19\"><p>Si encara no disposeu d&#8217;allotjament, reserveu en els nostres <strong><a href=\"https:\/\/sagavinaestartit.com\/ca\/\">apartaments a l&#8217;Estartit<\/a><\/strong> a 5 minuts de la platja gran d&#8217;1 a 3 habitacions (d&#8217;1 a 8 persones).<\/p>\n<\/div><div class=\"fusion-text fusion-text-20\"><p>Esperem que aquesta petita guia gastron\u00f2mica hagi despertat el teu apetit per descobrir nous sabors durant les teves vacances. Viu una experi\u00e8ncia aut\u00e8ntica apostant per productes de temporada i de proximitat. Apropa\u2019t a la cuina dels apartaments per cuinar amb ingredients locals; no nom\u00e9s millorar\u00e0s el sabor dels teus plats, sin\u00f3 que tamb\u00e9 contribuir\u00e0s a un estil de vida m\u00e9s conscient i respectu\u00f3s amb el medi ambient.<\/p>\n<p>Fes dels teus viatges una oportunitat per descobrir, tastar i contribuir a un m\u00f3n m\u00e9s sostenible!<\/p>\n<\/div><\/div><\/div><\/div><\/div><\/p>\n","protected":false},"excerpt":{"rendered":"","protected":false},"author":1,"featured_media":32466,"comment_status":"closed","ping_status":"closed","sticky":false,"template":"","format":"standard","meta":{"footnotes":""},"categories":[116,617,439],"tags":[212,520,529,202,618,502,505],"class_list":["post-31657","post","type-post","status-publish","format-standard","has-post-thumbnail","hentry","category-activitats-a-lestartit","category-gastronomia-ca","category-imprescindibles","tag-activitats-a-lestartit","tag-costa-brava","tag-fires-i-festes","tag-llocs-dinteres","tag-que-menjar-a","tag-sa-gavina","tag-turisme-de-proximitat"],"yoast_head":"<!-- This site is optimized with the Yoast SEO plugin v27.1.1 - https:\/\/yoast.com\/product\/yoast-seo-wordpress\/ -->\n<title>La Gastronomia de l&#039;Estartit | Apartaments a l&#039;Estartit<\/title>\n<meta name=\"description\" content=\"La gastronomia de l\u2019Estartit: Sabors del mar i la terra al cor de la Costa Brava. On la cuina catalana cobra vida en cada plat.\" \/>\n<meta name=\"robots\" content=\"index, follow, max-snippet:-1, max-image-preview:large, max-video-preview:-1\" \/>\n<link rel=\"canonical\" href=\"https:\/\/sagavinaestartit.com\/ca\/la-gastronomia-de-lestartit\/\" \/>\n<meta property=\"og:locale\" content=\"ca_ES\" \/>\n<meta property=\"og:type\" content=\"article\" \/>\n<meta property=\"og:title\" content=\"La Gastronomia de l&#039;Estartit | Apartaments a l&#039;Estartit\" \/>\n<meta property=\"og:description\" content=\"La gastronomia de l\u2019Estartit: Sabors del mar i la terra al cor de la Costa Brava. On la cuina catalana cobra vida en cada plat.\" \/>\n<meta property=\"og:url\" content=\"https:\/\/sagavinaestartit.com\/ca\/la-gastronomia-de-lestartit\/\" \/>\n<meta property=\"og:site_name\" content=\"Apartaments a l&#039;Estartit\" \/>\n<meta property=\"article:published_time\" content=\"2025-05-08T07:45:22+00:00\" \/>\n<meta property=\"article:modified_time\" content=\"2025-06-19T14:14:34+00:00\" \/>\n<meta property=\"og:image\" content=\"https:\/\/sagavinaestartit.com\/wp-content\/uploads\/2025\/06\/Baners-Sa-Gavina-scaled.webp\" \/>\n\t<meta property=\"og:image:width\" content=\"2560\" \/>\n\t<meta property=\"og:image:height\" content=\"1280\" \/>\n\t<meta property=\"og:image:type\" content=\"image\/webp\" \/>\n<meta name=\"author\" content=\"tecnico_alojapro\" \/>\n<meta name=\"twitter:card\" content=\"summary_large_image\" \/>\n<meta name=\"twitter:label1\" content=\"Escrit per\" \/>\n\t<meta name=\"twitter:data1\" content=\"tecnico_alojapro\" \/>\n\t<meta name=\"twitter:label2\" content=\"Temps estimat de lectura\" \/>\n\t<meta name=\"twitter:data2\" content=\"33 minuts\" \/>\n<script type=\"application\/ld+json\" class=\"yoast-schema-graph\">{\"@context\":\"https:\/\/schema.org\",\"@graph\":[{\"@type\":\"Article\",\"@id\":\"https:\/\/sagavinaestartit.com\/ca\/la-gastronomia-de-lestartit\/#article\",\"isPartOf\":{\"@id\":\"https:\/\/sagavinaestartit.com\/ca\/la-gastronomia-de-lestartit\/\"},\"author\":{\"name\":\"tecnico_alojapro\",\"@id\":\"https:\/\/sagavinaestartit.com\/ca\/#\/schema\/person\/72b3f9a420869474351007377bde83c0\"},\"headline\":\"La Gastronomia de l&#8217;Estartit\",\"datePublished\":\"2025-05-08T07:45:22+00:00\",\"dateModified\":\"2025-06-19T14:14:34+00:00\",\"mainEntityOfPage\":{\"@id\":\"https:\/\/sagavinaestartit.com\/ca\/la-gastronomia-de-lestartit\/\"},\"wordCount\":6613,\"publisher\":{\"@id\":\"https:\/\/sagavinaestartit.com\/ca\/#organization\"},\"image\":{\"@id\":\"https:\/\/sagavinaestartit.com\/ca\/la-gastronomia-de-lestartit\/#primaryimage\"},\"thumbnailUrl\":\"https:\/\/sagavinaestartit.com\/wp-content\/uploads\/2025\/06\/Baners-Sa-Gavina-scaled.webp\",\"keywords\":[\"activitats a l'Estartit\",\"Costa Brava\",\"fires i festes\",\"llocs d'inter\u00e8s\",\"Que menjar a\",\"Sa gavina\",\"turisme de proximitat\"],\"articleSection\":[\"Activitats a l'Estartit\",\"Gastronomia\",\"Imprescindibles\"],\"inLanguage\":\"ca\"},{\"@type\":\"WebPage\",\"@id\":\"https:\/\/sagavinaestartit.com\/ca\/la-gastronomia-de-lestartit\/\",\"url\":\"https:\/\/sagavinaestartit.com\/ca\/la-gastronomia-de-lestartit\/\",\"name\":\"La Gastronomia de l'Estartit | Apartaments a l'Estartit\",\"isPartOf\":{\"@id\":\"https:\/\/sagavinaestartit.com\/ca\/#website\"},\"primaryImageOfPage\":{\"@id\":\"https:\/\/sagavinaestartit.com\/ca\/la-gastronomia-de-lestartit\/#primaryimage\"},\"image\":{\"@id\":\"https:\/\/sagavinaestartit.com\/ca\/la-gastronomia-de-lestartit\/#primaryimage\"},\"thumbnailUrl\":\"https:\/\/sagavinaestartit.com\/wp-content\/uploads\/2025\/06\/Baners-Sa-Gavina-scaled.webp\",\"datePublished\":\"2025-05-08T07:45:22+00:00\",\"dateModified\":\"2025-06-19T14:14:34+00:00\",\"description\":\"La gastronomia de l\u2019Estartit: Sabors del mar i la terra al cor de la Costa Brava. On la cuina catalana cobra vida en cada plat.\",\"breadcrumb\":{\"@id\":\"https:\/\/sagavinaestartit.com\/ca\/la-gastronomia-de-lestartit\/#breadcrumb\"},\"inLanguage\":\"ca\",\"potentialAction\":[{\"@type\":\"ReadAction\",\"target\":[\"https:\/\/sagavinaestartit.com\/ca\/la-gastronomia-de-lestartit\/\"]}]},{\"@type\":\"ImageObject\",\"inLanguage\":\"ca\",\"@id\":\"https:\/\/sagavinaestartit.com\/ca\/la-gastronomia-de-lestartit\/#primaryimage\",\"url\":\"https:\/\/sagavinaestartit.com\/wp-content\/uploads\/2025\/06\/Baners-Sa-Gavina-scaled.webp\",\"contentUrl\":\"https:\/\/sagavinaestartit.com\/wp-content\/uploads\/2025\/06\/Baners-Sa-Gavina-scaled.webp\",\"width\":2560,\"height\":1280,\"caption\":\"Baners Sa Gavina\"},{\"@type\":\"BreadcrumbList\",\"@id\":\"https:\/\/sagavinaestartit.com\/ca\/la-gastronomia-de-lestartit\/#breadcrumb\",\"itemListElement\":[{\"@type\":\"ListItem\",\"position\":1,\"name\":\"Portada\",\"item\":\"https:\/\/sagavinaestartit.com\/ca\/home\/\"},{\"@type\":\"ListItem\",\"position\":2,\"name\":\"La Gastronomia de l&#8217;Estartit\"}]},{\"@type\":\"WebSite\",\"@id\":\"https:\/\/sagavinaestartit.com\/ca\/#website\",\"url\":\"https:\/\/sagavinaestartit.com\/ca\/\",\"name\":\"Sa Gavina Apartaments\",\"description\":\"Sa Gavina Apartaments\",\"publisher\":{\"@id\":\"https:\/\/sagavinaestartit.com\/ca\/#organization\"},\"potentialAction\":[{\"@type\":\"SearchAction\",\"target\":{\"@type\":\"EntryPoint\",\"urlTemplate\":\"https:\/\/sagavinaestartit.com\/ca\/?s={search_term_string}\"},\"query-input\":{\"@type\":\"PropertyValueSpecification\",\"valueRequired\":true,\"valueName\":\"search_term_string\"}}],\"inLanguage\":\"ca\"},{\"@type\":\"Organization\",\"@id\":\"https:\/\/sagavinaestartit.com\/ca\/#organization\",\"name\":\"Sa Gavina Apartaments\",\"url\":\"https:\/\/sagavinaestartit.com\/ca\/\",\"logo\":{\"@type\":\"ImageObject\",\"inLanguage\":\"ca\",\"@id\":\"https:\/\/sagavinaestartit.com\/ca\/#\/schema\/logo\/image\/\",\"url\":\"https:\/\/sagavinaestartit.com\/wp-content\/uploads\/2024\/12\/3-1.png\",\"contentUrl\":\"https:\/\/sagavinaestartit.com\/wp-content\/uploads\/2024\/12\/3-1.png\",\"width\":500,\"height\":200,\"caption\":\"Sa Gavina Apartaments\"},\"image\":{\"@id\":\"https:\/\/sagavinaestartit.com\/ca\/#\/schema\/logo\/image\/\"}},{\"@type\":\"Person\",\"@id\":\"https:\/\/sagavinaestartit.com\/ca\/#\/schema\/person\/72b3f9a420869474351007377bde83c0\",\"name\":\"tecnico_alojapro\",\"sameAs\":[\"https:\/\/sagavinaestartit.com\"]}]}<\/script>\n<!-- \/ Yoast SEO plugin. -->","yoast_head_json":{"title":"La Gastronomia de l'Estartit | Apartaments a l'Estartit","description":"La gastronomia de l\u2019Estartit: Sabors del mar i la terra al cor de la Costa Brava. On la cuina catalana cobra vida en cada plat.","robots":{"index":"index","follow":"follow","max-snippet":"max-snippet:-1","max-image-preview":"max-image-preview:large","max-video-preview":"max-video-preview:-1"},"canonical":"https:\/\/sagavinaestartit.com\/ca\/la-gastronomia-de-lestartit\/","og_locale":"ca_ES","og_type":"article","og_title":"La Gastronomia de l'Estartit | Apartaments a l'Estartit","og_description":"La gastronomia de l\u2019Estartit: Sabors del mar i la terra al cor de la Costa Brava. On la cuina catalana cobra vida en cada plat.","og_url":"https:\/\/sagavinaestartit.com\/ca\/la-gastronomia-de-lestartit\/","og_site_name":"Apartaments a l'Estartit","article_published_time":"2025-05-08T07:45:22+00:00","article_modified_time":"2025-06-19T14:14:34+00:00","og_image":[{"width":2560,"height":1280,"url":"https:\/\/sagavinaestartit.com\/wp-content\/uploads\/2025\/06\/Baners-Sa-Gavina-scaled.webp","type":"image\/webp"}],"author":"tecnico_alojapro","twitter_card":"summary_large_image","twitter_misc":{"Escrit per":"tecnico_alojapro","Temps estimat de lectura":"33 minuts"},"schema":{"@context":"https:\/\/schema.org","@graph":[{"@type":"Article","@id":"https:\/\/sagavinaestartit.com\/ca\/la-gastronomia-de-lestartit\/#article","isPartOf":{"@id":"https:\/\/sagavinaestartit.com\/ca\/la-gastronomia-de-lestartit\/"},"author":{"name":"tecnico_alojapro","@id":"https:\/\/sagavinaestartit.com\/ca\/#\/schema\/person\/72b3f9a420869474351007377bde83c0"},"headline":"La Gastronomia de l&#8217;Estartit","datePublished":"2025-05-08T07:45:22+00:00","dateModified":"2025-06-19T14:14:34+00:00","mainEntityOfPage":{"@id":"https:\/\/sagavinaestartit.com\/ca\/la-gastronomia-de-lestartit\/"},"wordCount":6613,"publisher":{"@id":"https:\/\/sagavinaestartit.com\/ca\/#organization"},"image":{"@id":"https:\/\/sagavinaestartit.com\/ca\/la-gastronomia-de-lestartit\/#primaryimage"},"thumbnailUrl":"https:\/\/sagavinaestartit.com\/wp-content\/uploads\/2025\/06\/Baners-Sa-Gavina-scaled.webp","keywords":["activitats a l'Estartit","Costa Brava","fires i festes","llocs d'inter\u00e8s","Que menjar a","Sa gavina","turisme de proximitat"],"articleSection":["Activitats a l'Estartit","Gastronomia","Imprescindibles"],"inLanguage":"ca"},{"@type":"WebPage","@id":"https:\/\/sagavinaestartit.com\/ca\/la-gastronomia-de-lestartit\/","url":"https:\/\/sagavinaestartit.com\/ca\/la-gastronomia-de-lestartit\/","name":"La Gastronomia de l'Estartit | Apartaments a l'Estartit","isPartOf":{"@id":"https:\/\/sagavinaestartit.com\/ca\/#website"},"primaryImageOfPage":{"@id":"https:\/\/sagavinaestartit.com\/ca\/la-gastronomia-de-lestartit\/#primaryimage"},"image":{"@id":"https:\/\/sagavinaestartit.com\/ca\/la-gastronomia-de-lestartit\/#primaryimage"},"thumbnailUrl":"https:\/\/sagavinaestartit.com\/wp-content\/uploads\/2025\/06\/Baners-Sa-Gavina-scaled.webp","datePublished":"2025-05-08T07:45:22+00:00","dateModified":"2025-06-19T14:14:34+00:00","description":"La gastronomia de l\u2019Estartit: Sabors del mar i la terra al cor de la Costa Brava. On la cuina catalana cobra vida en cada plat.","breadcrumb":{"@id":"https:\/\/sagavinaestartit.com\/ca\/la-gastronomia-de-lestartit\/#breadcrumb"},"inLanguage":"ca","potentialAction":[{"@type":"ReadAction","target":["https:\/\/sagavinaestartit.com\/ca\/la-gastronomia-de-lestartit\/"]}]},{"@type":"ImageObject","inLanguage":"ca","@id":"https:\/\/sagavinaestartit.com\/ca\/la-gastronomia-de-lestartit\/#primaryimage","url":"https:\/\/sagavinaestartit.com\/wp-content\/uploads\/2025\/06\/Baners-Sa-Gavina-scaled.webp","contentUrl":"https:\/\/sagavinaestartit.com\/wp-content\/uploads\/2025\/06\/Baners-Sa-Gavina-scaled.webp","width":2560,"height":1280,"caption":"Baners Sa Gavina"},{"@type":"BreadcrumbList","@id":"https:\/\/sagavinaestartit.com\/ca\/la-gastronomia-de-lestartit\/#breadcrumb","itemListElement":[{"@type":"ListItem","position":1,"name":"Portada","item":"https:\/\/sagavinaestartit.com\/ca\/home\/"},{"@type":"ListItem","position":2,"name":"La Gastronomia de l&#8217;Estartit"}]},{"@type":"WebSite","@id":"https:\/\/sagavinaestartit.com\/ca\/#website","url":"https:\/\/sagavinaestartit.com\/ca\/","name":"Sa Gavina Apartaments","description":"Sa Gavina Apartaments","publisher":{"@id":"https:\/\/sagavinaestartit.com\/ca\/#organization"},"potentialAction":[{"@type":"SearchAction","target":{"@type":"EntryPoint","urlTemplate":"https:\/\/sagavinaestartit.com\/ca\/?s={search_term_string}"},"query-input":{"@type":"PropertyValueSpecification","valueRequired":true,"valueName":"search_term_string"}}],"inLanguage":"ca"},{"@type":"Organization","@id":"https:\/\/sagavinaestartit.com\/ca\/#organization","name":"Sa Gavina Apartaments","url":"https:\/\/sagavinaestartit.com\/ca\/","logo":{"@type":"ImageObject","inLanguage":"ca","@id":"https:\/\/sagavinaestartit.com\/ca\/#\/schema\/logo\/image\/","url":"https:\/\/sagavinaestartit.com\/wp-content\/uploads\/2024\/12\/3-1.png","contentUrl":"https:\/\/sagavinaestartit.com\/wp-content\/uploads\/2024\/12\/3-1.png","width":500,"height":200,"caption":"Sa Gavina Apartaments"},"image":{"@id":"https:\/\/sagavinaestartit.com\/ca\/#\/schema\/logo\/image\/"}},{"@type":"Person","@id":"https:\/\/sagavinaestartit.com\/ca\/#\/schema\/person\/72b3f9a420869474351007377bde83c0","name":"tecnico_alojapro","sameAs":["https:\/\/sagavinaestartit.com"]}]}},"_links":{"self":[{"href":"https:\/\/sagavinaestartit.com\/ca\/wp-json\/wp\/v2\/posts\/31657","targetHints":{"allow":["GET"]}}],"collection":[{"href":"https:\/\/sagavinaestartit.com\/ca\/wp-json\/wp\/v2\/posts"}],"about":[{"href":"https:\/\/sagavinaestartit.com\/ca\/wp-json\/wp\/v2\/types\/post"}],"author":[{"embeddable":true,"href":"https:\/\/sagavinaestartit.com\/ca\/wp-json\/wp\/v2\/users\/1"}],"replies":[{"embeddable":true,"href":"https:\/\/sagavinaestartit.com\/ca\/wp-json\/wp\/v2\/comments?post=31657"}],"version-history":[{"count":0,"href":"https:\/\/sagavinaestartit.com\/ca\/wp-json\/wp\/v2\/posts\/31657\/revisions"}],"wp:featuredmedia":[{"embeddable":true,"href":"https:\/\/sagavinaestartit.com\/ca\/wp-json\/wp\/v2\/media\/32466"}],"wp:attachment":[{"href":"https:\/\/sagavinaestartit.com\/ca\/wp-json\/wp\/v2\/media?parent=31657"}],"wp:term":[{"taxonomy":"category","embeddable":true,"href":"https:\/\/sagavinaestartit.com\/ca\/wp-json\/wp\/v2\/categories?post=31657"},{"taxonomy":"post_tag","embeddable":true,"href":"https:\/\/sagavinaestartit.com\/ca\/wp-json\/wp\/v2\/tags?post=31657"}],"curies":[{"name":"wp","href":"https:\/\/api.w.org\/{rel}","templated":true}]}}