{"id":31611,"date":"2025-04-11T17:59:09","date_gmt":"2025-04-11T15:59:09","guid":{"rendered":"https:\/\/sagavinaestartit.com\/?p=31611"},"modified":"2025-06-19T17:38:52","modified_gmt":"2025-06-19T15:38:52","slug":"cami-de-ronda-estartit-escala","status":"publish","type":"post","link":"https:\/\/sagavinaestartit.com\/ca\/cami-de-ronda-estartit-escala\/","title":{"rendered":"Cam\u00ed de Ronda Estartit- Escala"},"content":{"rendered":"&#13;\n<p>El \u201c<strong>Cam\u00ed de Ronda<\/strong>\u201d pel GR-92 i Punta Mil\u00e0 \u00e9s una ruta de senderisme f\u00e0cil que va de l\u2019Estartit a l\u2019Escala, amb vistes espectaculars al llarg del recorregut. Aquest itinerari uneix els pobles de l\u2019<strong>Estartit<\/strong> i l<strong>\u2019Escala<\/strong> i t\u00e9 una dist\u00e0ncia de 17,1 km. <\/p>&#13;\n&#13;\n<h2 class=\"wp-block-heading\">Ruta pel cam\u00ed de ronda des de l&#8217;Estartit<\/h2>&#13;\n&#13;\n<p>El \u201c<strong>Cam\u00ed de Ronda<\/strong>\u201d comen\u00e7a al poble de l\u2019Estartit pujant cap al Cap de la Barra, des d\u2019on es poden contemplar vistes espectaculars de les Illes Medes i tota la costa fins a Begur. El cam\u00ed continua per un corriol pedreg\u00f3s fins a enlla\u00e7ar amb el GR-92 (Etapa 6: de l\u2019Escala a Torroella de Montgr\u00ed), que us portar\u00e0 fins a l\u2019Escala. Pel cam\u00ed passareu per Punta Mil\u00e0, antic empla\u00e7ament d\u2019una bateria d\u2019artilleria, amb una vista impressionant des de l\u2019entrada de la Cala Montg\u00f3 fins al Cap de Creus.  <\/p>&#13;\n&#13;\n<p>Des de Punta Mil\u00e0, seguireu fins a la Cala Montg\u00f3 per un cam\u00ed amb alguns trams una mica complicats, per\u00f2 amb vistes espectaculars. Des d\u2019aquest punt arribareu a l\u2019Escala seguint la l\u00ednia de la costa, travessant el port i la platja dels Riells. <\/p>&#13;\n&#13;\n<p><strong>Per consultar totes les dades de la ruta del cam\u00ed de ronda per l&#8217;Estartit, feu clic <a href=\"https:\/\/es.wikiloc.com\/rutas-senderismo\/cami-de-ronda-lestartit-lescala-per-gr92-i-punta-mila-6195093\">aqu\u00ed<\/a>.<\/strong><\/p>&#13;\n<p><img decoding=\"async\" class=\"lazyload alignnone wp-image-32544\" src=\"https:\/\/sagavinaestartit.com\/wp-content\/uploads\/2025\/04\/Poste-Cami-de-Ronda.webp\" data-orig-src=\"https:\/\/sagavinaestartit.com\/wp-content\/uploads\/2025\/04\/Poste-Cami-de-Ronda.webp\" alt=\"Pal Cam&#xED; de Ronda\" width=\"493\" height=\"493\" srcset=\"data:image\/svg+xml,%3Csvg%20xmlns%3D%27http%3A%2F%2Fwww.w3.org%2F2000%2Fsvg%27%20width%3D%27493%27%20height%3D%27493%27%20viewBox%3D%270%200%20493%20493%27%3E%3Crect%20width%3D%27493%27%20height%3D%27493%27%20fill-opacity%3D%220%22%2F%3E%3C%2Fsvg%3E\" data-srcset=\"https:\/\/sagavinaestartit.com\/wp-content\/uploads\/2025\/04\/Poste-Cami-de-Ronda-66x66.webp 66w, https:\/\/sagavinaestartit.com\/wp-content\/uploads\/2025\/04\/Poste-Cami-de-Ronda-150x150.webp 150w, https:\/\/sagavinaestartit.com\/wp-content\/uploads\/2025\/04\/Poste-Cami-de-Ronda-200x200.webp 200w, https:\/\/sagavinaestartit.com\/wp-content\/uploads\/2025\/04\/Poste-Cami-de-Ronda-300x300.webp 300w, https:\/\/sagavinaestartit.com\/wp-content\/uploads\/2025\/04\/Poste-Cami-de-Ronda-400x400.webp 400w, https:\/\/sagavinaestartit.com\/wp-content\/uploads\/2025\/04\/Poste-Cami-de-Ronda-600x600.webp 600w, https:\/\/sagavinaestartit.com\/wp-content\/uploads\/2025\/04\/Poste-Cami-de-Ronda-768x768.webp 768w, https:\/\/sagavinaestartit.com\/wp-content\/uploads\/2025\/04\/Poste-Cami-de-Ronda-800x800.webp 800w, https:\/\/sagavinaestartit.com\/wp-content\/uploads\/2025\/04\/Poste-Cami-de-Ronda.webp 1000w\" data-sizes=\"auto\" data-orig-sizes=\"(max-width: 493px) 100vw, 493px\" \/><\/p>&#13;\n&#13;\n<h2 class=\"wp-block-heading\">Allotjament<\/h2>&#13;\n&#13;\n<p>Si us agrada el senderisme i encara no teniu allotjament, podeu reservar als nostres apartaments prop del Cam\u00ed de Ronda a l\u2019Estartit. Els Apartaments Sa Gavina Gaud\u00ed estan situats a nom\u00e9s 5 minuts a peu de la platja de l\u2019Estartit. <\/p>&#13;\n&#13;\n<p>Els apartaments disposen de totes les facilitats, com ara piscina comunit\u00e0ria, tobogan, gandules, ascensor i s\u2019admeten animals de companyia.<\/p>&#13;\n&#13;\n<p>Pots reservar la teva estada als apartaments <a href=\"https:\/\/sagavinaestartit.com\/ca\/\">aqu\u00ed<\/a>.<\/p>&#13;\n<h3 data-start=\"137\" data-end=\"379\">El GR 92,\u00a0 \u201cSendero del Mediterr\u00e1neo\u201d<\/h3>&#13;\n<p data-start=\"137\" data-end=\"379\">El GR 92 \u00e9s un dels grans recorreguts de Catalunya. S\u2019est\u00e9n al llarg de 583 quil\u00f2metres, des de Portbou, a la frontera amb Fran\u00e7a, fins a Ulldecona, al sud, tot seguint de prop la costa mediterr\u00e0nia. <\/p>&#13;\n<p class=\"\" data-start=\"381\" data-end=\"709\">Al llarg del trajecte, travessa platges, cales, penya-segats i pobles mariners, i passa per espais naturals de gran valor com els parcs del Cap de Creus, els Aiguamolls de l\u2019Empord\u00e0, el Garraf o Collserola, a m\u00e9s de vorejar el Delta de l\u2019Ebre. Tamb\u00e9 \u00e9s un viatge per la hist\u00f2ria, l\u2019arquitectura i la cultura del litoral catal\u00e0. <\/p>&#13;\n<p class=\"\" data-start=\"711\" data-end=\"901\">Formant part del sender europeu E-10, el GR 92 connecta Catalunya amb Europa i la resta de la Mediterr\u00e0nia, consolidant-se com una ruta imprescindible per als amants del senderisme i la natura.<\/p>&#13;\n","protected":false},"excerpt":{"rendered":"<p>&#13; El \u201cCam\u00ed de Ronda\u201d pel GR-92 i Punta Mil\u00e0 \u00e9s una ruta de senderisme f\u00e0cil que va de l\u2019Estartit a l\u2019Escala, amb vistes espectaculars al llarg del recorregut. Aquest itinerari uneix els pobles de l\u2019Estartit i l\u2019Escala i t\u00e9  [&#8230;]<\/p>\n","protected":false},"author":1,"featured_media":32540,"comment_status":"open","ping_status":"open","sticky":false,"template":"","format":"standard","meta":{"footnotes":""},"categories":[116,439],"tags":[212,557,520,558,283,226,560,178,502,559,505],"class_list":["post-31611","post","type-post","status-publish","format-standard","has-post-thumbnail","hentry","category-activitats-a-lestartit","category-imprescindibles","tag-activitats-a-lestartit","tag-cami-de-ronda","tag-costa-brava","tag-escala","tag-estartit","tag-platges-estartit","tag-pobles-bonics-estartit","tag-ruta-estartit","tag-sa-gavina","tag-senderismo","tag-turisme-de-proximitat"],"yoast_head":"<!-- This site is optimized with the Yoast SEO plugin v27.1.1 - https:\/\/yoast.com\/product\/yoast-seo-wordpress\/ -->\n<title>Cam\u00ed de Ronda Estartit- Escala | Apartaments a l&#039;Estartit<\/title>\n<meta name=\"description\" content=\"Cam\u00ed de Ronda: una ruta f\u00e0cil i amb molt bones vistes que uneix el poble de l\u2019Estartit amb el poble de l\u2019Escala.\" \/>\n<meta name=\"robots\" content=\"index, follow, max-snippet:-1, max-image-preview:large, max-video-preview:-1\" \/>\n<link rel=\"canonical\" href=\"https:\/\/sagavinaestartit.com\/ca\/cami-de-ronda-estartit-escala\/\" \/>\n<meta property=\"og:locale\" content=\"ca_ES\" \/>\n<meta property=\"og:type\" content=\"article\" \/>\n<meta property=\"og:title\" content=\"Cam\u00ed de Ronda Estartit- Escala | Apartaments a l&#039;Estartit\" \/>\n<meta property=\"og:description\" content=\"Cam\u00ed de Ronda: una ruta f\u00e0cil i amb molt bones vistes que uneix el poble de l\u2019Estartit amb el poble de l\u2019Escala.\" \/>\n<meta property=\"og:url\" content=\"https:\/\/sagavinaestartit.com\/ca\/cami-de-ronda-estartit-escala\/\" \/>\n<meta property=\"og:site_name\" content=\"Apartaments a l&#039;Estartit\" \/>\n<meta property=\"article:published_time\" content=\"2025-04-11T15:59:09+00:00\" \/>\n<meta property=\"article:modified_time\" content=\"2025-06-19T15:38:52+00:00\" \/>\n<meta property=\"og:image\" content=\"https:\/\/sagavinaestartit.com\/wp-content\/uploads\/2025\/04\/Cami-de-Ronda-GR-92-scaled.webp\" \/>\n\t<meta property=\"og:image:width\" content=\"2560\" \/>\n\t<meta property=\"og:image:height\" content=\"1280\" \/>\n\t<meta property=\"og:image:type\" content=\"image\/webp\" \/>\n<meta name=\"author\" content=\"tecnico_alojapro\" \/>\n<meta name=\"twitter:card\" content=\"summary_large_image\" \/>\n<meta name=\"twitter:label1\" content=\"Escrit per\" \/>\n\t<meta name=\"twitter:data1\" content=\"tecnico_alojapro\" \/>\n\t<meta name=\"twitter:label2\" content=\"Temps estimat de lectura\" \/>\n\t<meta name=\"twitter:data2\" content=\"2 minuts\" \/>\n<script type=\"application\/ld+json\" class=\"yoast-schema-graph\">{\"@context\":\"https:\/\/schema.org\",\"@graph\":[{\"@type\":\"Article\",\"@id\":\"https:\/\/sagavinaestartit.com\/ca\/cami-de-ronda-estartit-escala\/#article\",\"isPartOf\":{\"@id\":\"https:\/\/sagavinaestartit.com\/ca\/cami-de-ronda-estartit-escala\/\"},\"author\":{\"name\":\"tecnico_alojapro\",\"@id\":\"https:\/\/sagavinaestartit.com\/ca\/#\/schema\/person\/72b3f9a420869474351007377bde83c0\"},\"headline\":\"Cam\u00ed de Ronda Estartit- Escala\",\"datePublished\":\"2025-04-11T15:59:09+00:00\",\"dateModified\":\"2025-06-19T15:38:52+00:00\",\"mainEntityOfPage\":{\"@id\":\"https:\/\/sagavinaestartit.com\/ca\/cami-de-ronda-estartit-escala\/\"},\"wordCount\":435,\"commentCount\":0,\"publisher\":{\"@id\":\"https:\/\/sagavinaestartit.com\/ca\/#organization\"},\"image\":{\"@id\":\"https:\/\/sagavinaestartit.com\/ca\/cami-de-ronda-estartit-escala\/#primaryimage\"},\"thumbnailUrl\":\"https:\/\/sagavinaestartit.com\/wp-content\/uploads\/2025\/04\/Cami-de-Ronda-GR-92-scaled.webp\",\"keywords\":[\"activitats a l'Estartit\",\"Cami de Ronda\",\"Costa Brava\",\"Escala\",\"estartit\",\"platges estartit\",\"Pobles bonics Estartit\",\"ruta estartit\",\"Sa gavina\",\"Senderismo\",\"turisme de proximitat\"],\"articleSection\":[\"Activitats a l'Estartit\",\"Imprescindibles\"],\"inLanguage\":\"ca\",\"potentialAction\":[{\"@type\":\"CommentAction\",\"name\":\"Comment\",\"target\":[\"https:\/\/sagavinaestartit.com\/ca\/cami-de-ronda-estartit-escala\/#respond\"]}]},{\"@type\":\"WebPage\",\"@id\":\"https:\/\/sagavinaestartit.com\/ca\/cami-de-ronda-estartit-escala\/\",\"url\":\"https:\/\/sagavinaestartit.com\/ca\/cami-de-ronda-estartit-escala\/\",\"name\":\"Cam\u00ed de Ronda Estartit- Escala | Apartaments a l'Estartit\",\"isPartOf\":{\"@id\":\"https:\/\/sagavinaestartit.com\/ca\/#website\"},\"primaryImageOfPage\":{\"@id\":\"https:\/\/sagavinaestartit.com\/ca\/cami-de-ronda-estartit-escala\/#primaryimage\"},\"image\":{\"@id\":\"https:\/\/sagavinaestartit.com\/ca\/cami-de-ronda-estartit-escala\/#primaryimage\"},\"thumbnailUrl\":\"https:\/\/sagavinaestartit.com\/wp-content\/uploads\/2025\/04\/Cami-de-Ronda-GR-92-scaled.webp\",\"datePublished\":\"2025-04-11T15:59:09+00:00\",\"dateModified\":\"2025-06-19T15:38:52+00:00\",\"description\":\"Cam\u00ed de Ronda: una ruta f\u00e0cil i amb molt bones vistes que uneix el poble de l\u2019Estartit amb el poble de l\u2019Escala.\",\"breadcrumb\":{\"@id\":\"https:\/\/sagavinaestartit.com\/ca\/cami-de-ronda-estartit-escala\/#breadcrumb\"},\"inLanguage\":\"ca\",\"potentialAction\":[{\"@type\":\"ReadAction\",\"target\":[\"https:\/\/sagavinaestartit.com\/ca\/cami-de-ronda-estartit-escala\/\"]}]},{\"@type\":\"ImageObject\",\"inLanguage\":\"ca\",\"@id\":\"https:\/\/sagavinaestartit.com\/ca\/cami-de-ronda-estartit-escala\/#primaryimage\",\"url\":\"https:\/\/sagavinaestartit.com\/wp-content\/uploads\/2025\/04\/Cami-de-Ronda-GR-92-scaled.webp\",\"contentUrl\":\"https:\/\/sagavinaestartit.com\/wp-content\/uploads\/2025\/04\/Cami-de-Ronda-GR-92-scaled.webp\",\"width\":2560,\"height\":1280,\"caption\":\"Cam\u00ed de Ronda GR-92\"},{\"@type\":\"BreadcrumbList\",\"@id\":\"https:\/\/sagavinaestartit.com\/ca\/cami-de-ronda-estartit-escala\/#breadcrumb\",\"itemListElement\":[{\"@type\":\"ListItem\",\"position\":1,\"name\":\"Portada\",\"item\":\"https:\/\/sagavinaestartit.com\/ca\/home\/\"},{\"@type\":\"ListItem\",\"position\":2,\"name\":\"Cam\u00ed de Ronda Estartit- Escala\"}]},{\"@type\":\"WebSite\",\"@id\":\"https:\/\/sagavinaestartit.com\/ca\/#website\",\"url\":\"https:\/\/sagavinaestartit.com\/ca\/\",\"name\":\"Sa Gavina Apartaments\",\"description\":\"Sa Gavina Apartaments\",\"publisher\":{\"@id\":\"https:\/\/sagavinaestartit.com\/ca\/#organization\"},\"potentialAction\":[{\"@type\":\"SearchAction\",\"target\":{\"@type\":\"EntryPoint\",\"urlTemplate\":\"https:\/\/sagavinaestartit.com\/ca\/?s={search_term_string}\"},\"query-input\":{\"@type\":\"PropertyValueSpecification\",\"valueRequired\":true,\"valueName\":\"search_term_string\"}}],\"inLanguage\":\"ca\"},{\"@type\":\"Organization\",\"@id\":\"https:\/\/sagavinaestartit.com\/ca\/#organization\",\"name\":\"Sa Gavina Apartaments\",\"url\":\"https:\/\/sagavinaestartit.com\/ca\/\",\"logo\":{\"@type\":\"ImageObject\",\"inLanguage\":\"ca\",\"@id\":\"https:\/\/sagavinaestartit.com\/ca\/#\/schema\/logo\/image\/\",\"url\":\"https:\/\/sagavinaestartit.com\/wp-content\/uploads\/2024\/12\/3-1.png\",\"contentUrl\":\"https:\/\/sagavinaestartit.com\/wp-content\/uploads\/2024\/12\/3-1.png\",\"width\":500,\"height\":200,\"caption\":\"Sa Gavina Apartaments\"},\"image\":{\"@id\":\"https:\/\/sagavinaestartit.com\/ca\/#\/schema\/logo\/image\/\"}},{\"@type\":\"Person\",\"@id\":\"https:\/\/sagavinaestartit.com\/ca\/#\/schema\/person\/72b3f9a420869474351007377bde83c0\",\"name\":\"tecnico_alojapro\",\"sameAs\":[\"https:\/\/sagavinaestartit.com\"]}]}<\/script>\n<!-- \/ Yoast SEO plugin. -->","yoast_head_json":{"title":"Cam\u00ed de Ronda Estartit- Escala | Apartaments a l'Estartit","description":"Cam\u00ed de Ronda: una ruta f\u00e0cil i amb molt bones vistes que uneix el poble de l\u2019Estartit amb el poble de l\u2019Escala.","robots":{"index":"index","follow":"follow","max-snippet":"max-snippet:-1","max-image-preview":"max-image-preview:large","max-video-preview":"max-video-preview:-1"},"canonical":"https:\/\/sagavinaestartit.com\/ca\/cami-de-ronda-estartit-escala\/","og_locale":"ca_ES","og_type":"article","og_title":"Cam\u00ed de Ronda Estartit- Escala | Apartaments a l'Estartit","og_description":"Cam\u00ed de Ronda: una ruta f\u00e0cil i amb molt bones vistes que uneix el poble de l\u2019Estartit amb el poble de l\u2019Escala.","og_url":"https:\/\/sagavinaestartit.com\/ca\/cami-de-ronda-estartit-escala\/","og_site_name":"Apartaments a l'Estartit","article_published_time":"2025-04-11T15:59:09+00:00","article_modified_time":"2025-06-19T15:38:52+00:00","og_image":[{"width":2560,"height":1280,"url":"https:\/\/sagavinaestartit.com\/wp-content\/uploads\/2025\/04\/Cami-de-Ronda-GR-92-scaled.webp","type":"image\/webp"}],"author":"tecnico_alojapro","twitter_card":"summary_large_image","twitter_misc":{"Escrit per":"tecnico_alojapro","Temps estimat de lectura":"2 minuts"},"schema":{"@context":"https:\/\/schema.org","@graph":[{"@type":"Article","@id":"https:\/\/sagavinaestartit.com\/ca\/cami-de-ronda-estartit-escala\/#article","isPartOf":{"@id":"https:\/\/sagavinaestartit.com\/ca\/cami-de-ronda-estartit-escala\/"},"author":{"name":"tecnico_alojapro","@id":"https:\/\/sagavinaestartit.com\/ca\/#\/schema\/person\/72b3f9a420869474351007377bde83c0"},"headline":"Cam\u00ed de Ronda Estartit- Escala","datePublished":"2025-04-11T15:59:09+00:00","dateModified":"2025-06-19T15:38:52+00:00","mainEntityOfPage":{"@id":"https:\/\/sagavinaestartit.com\/ca\/cami-de-ronda-estartit-escala\/"},"wordCount":435,"commentCount":0,"publisher":{"@id":"https:\/\/sagavinaestartit.com\/ca\/#organization"},"image":{"@id":"https:\/\/sagavinaestartit.com\/ca\/cami-de-ronda-estartit-escala\/#primaryimage"},"thumbnailUrl":"https:\/\/sagavinaestartit.com\/wp-content\/uploads\/2025\/04\/Cami-de-Ronda-GR-92-scaled.webp","keywords":["activitats a l'Estartit","Cami de Ronda","Costa Brava","Escala","estartit","platges estartit","Pobles bonics Estartit","ruta estartit","Sa gavina","Senderismo","turisme de proximitat"],"articleSection":["Activitats a l'Estartit","Imprescindibles"],"inLanguage":"ca","potentialAction":[{"@type":"CommentAction","name":"Comment","target":["https:\/\/sagavinaestartit.com\/ca\/cami-de-ronda-estartit-escala\/#respond"]}]},{"@type":"WebPage","@id":"https:\/\/sagavinaestartit.com\/ca\/cami-de-ronda-estartit-escala\/","url":"https:\/\/sagavinaestartit.com\/ca\/cami-de-ronda-estartit-escala\/","name":"Cam\u00ed de Ronda Estartit- Escala | Apartaments a l'Estartit","isPartOf":{"@id":"https:\/\/sagavinaestartit.com\/ca\/#website"},"primaryImageOfPage":{"@id":"https:\/\/sagavinaestartit.com\/ca\/cami-de-ronda-estartit-escala\/#primaryimage"},"image":{"@id":"https:\/\/sagavinaestartit.com\/ca\/cami-de-ronda-estartit-escala\/#primaryimage"},"thumbnailUrl":"https:\/\/sagavinaestartit.com\/wp-content\/uploads\/2025\/04\/Cami-de-Ronda-GR-92-scaled.webp","datePublished":"2025-04-11T15:59:09+00:00","dateModified":"2025-06-19T15:38:52+00:00","description":"Cam\u00ed de Ronda: una ruta f\u00e0cil i amb molt bones vistes que uneix el poble de l\u2019Estartit amb el poble de l\u2019Escala.","breadcrumb":{"@id":"https:\/\/sagavinaestartit.com\/ca\/cami-de-ronda-estartit-escala\/#breadcrumb"},"inLanguage":"ca","potentialAction":[{"@type":"ReadAction","target":["https:\/\/sagavinaestartit.com\/ca\/cami-de-ronda-estartit-escala\/"]}]},{"@type":"ImageObject","inLanguage":"ca","@id":"https:\/\/sagavinaestartit.com\/ca\/cami-de-ronda-estartit-escala\/#primaryimage","url":"https:\/\/sagavinaestartit.com\/wp-content\/uploads\/2025\/04\/Cami-de-Ronda-GR-92-scaled.webp","contentUrl":"https:\/\/sagavinaestartit.com\/wp-content\/uploads\/2025\/04\/Cami-de-Ronda-GR-92-scaled.webp","width":2560,"height":1280,"caption":"Cam\u00ed de Ronda GR-92"},{"@type":"BreadcrumbList","@id":"https:\/\/sagavinaestartit.com\/ca\/cami-de-ronda-estartit-escala\/#breadcrumb","itemListElement":[{"@type":"ListItem","position":1,"name":"Portada","item":"https:\/\/sagavinaestartit.com\/ca\/home\/"},{"@type":"ListItem","position":2,"name":"Cam\u00ed de Ronda Estartit- Escala"}]},{"@type":"WebSite","@id":"https:\/\/sagavinaestartit.com\/ca\/#website","url":"https:\/\/sagavinaestartit.com\/ca\/","name":"Sa Gavina Apartaments","description":"Sa Gavina Apartaments","publisher":{"@id":"https:\/\/sagavinaestartit.com\/ca\/#organization"},"potentialAction":[{"@type":"SearchAction","target":{"@type":"EntryPoint","urlTemplate":"https:\/\/sagavinaestartit.com\/ca\/?s={search_term_string}"},"query-input":{"@type":"PropertyValueSpecification","valueRequired":true,"valueName":"search_term_string"}}],"inLanguage":"ca"},{"@type":"Organization","@id":"https:\/\/sagavinaestartit.com\/ca\/#organization","name":"Sa Gavina Apartaments","url":"https:\/\/sagavinaestartit.com\/ca\/","logo":{"@type":"ImageObject","inLanguage":"ca","@id":"https:\/\/sagavinaestartit.com\/ca\/#\/schema\/logo\/image\/","url":"https:\/\/sagavinaestartit.com\/wp-content\/uploads\/2024\/12\/3-1.png","contentUrl":"https:\/\/sagavinaestartit.com\/wp-content\/uploads\/2024\/12\/3-1.png","width":500,"height":200,"caption":"Sa Gavina Apartaments"},"image":{"@id":"https:\/\/sagavinaestartit.com\/ca\/#\/schema\/logo\/image\/"}},{"@type":"Person","@id":"https:\/\/sagavinaestartit.com\/ca\/#\/schema\/person\/72b3f9a420869474351007377bde83c0","name":"tecnico_alojapro","sameAs":["https:\/\/sagavinaestartit.com"]}]}},"_links":{"self":[{"href":"https:\/\/sagavinaestartit.com\/ca\/wp-json\/wp\/v2\/posts\/31611","targetHints":{"allow":["GET"]}}],"collection":[{"href":"https:\/\/sagavinaestartit.com\/ca\/wp-json\/wp\/v2\/posts"}],"about":[{"href":"https:\/\/sagavinaestartit.com\/ca\/wp-json\/wp\/v2\/types\/post"}],"author":[{"embeddable":true,"href":"https:\/\/sagavinaestartit.com\/ca\/wp-json\/wp\/v2\/users\/1"}],"replies":[{"embeddable":true,"href":"https:\/\/sagavinaestartit.com\/ca\/wp-json\/wp\/v2\/comments?post=31611"}],"version-history":[{"count":0,"href":"https:\/\/sagavinaestartit.com\/ca\/wp-json\/wp\/v2\/posts\/31611\/revisions"}],"wp:featuredmedia":[{"embeddable":true,"href":"https:\/\/sagavinaestartit.com\/ca\/wp-json\/wp\/v2\/media\/32540"}],"wp:attachment":[{"href":"https:\/\/sagavinaestartit.com\/ca\/wp-json\/wp\/v2\/media?parent=31611"}],"wp:term":[{"taxonomy":"category","embeddable":true,"href":"https:\/\/sagavinaestartit.com\/ca\/wp-json\/wp\/v2\/categories?post=31611"},{"taxonomy":"post_tag","embeddable":true,"href":"https:\/\/sagavinaestartit.com\/ca\/wp-json\/wp\/v2\/tags?post=31611"}],"curies":[{"name":"wp","href":"https:\/\/api.w.org\/{rel}","templated":true}]}}