{"id":31504,"date":"2024-08-27T14:41:54","date_gmt":"2024-08-27T12:41:54","guid":{"rendered":"https:\/\/sagavinaestartit.com\/ruines-dempuries-guia-completa-per-visitar-les-el-2025\/"},"modified":"2025-03-31T16:51:16","modified_gmt":"2025-03-31T14:51:16","slug":"ruines-dempuries-guia-completa-per-visitar-les-el-2025","status":"publish","type":"post","link":"https:\/\/sagavinaestartit.com\/ca\/ruines-dempuries-guia-completa-per-visitar-les-el-2025\/","title":{"rendered":"Ru\u00efnes d&#8217;Emp\u00faries: Guia completa per visitar-les el 2025"},"content":{"rendered":"&#13;\n<li><strong>Temporada Mitja (15 de febrer &#8211; 31 de maig):<\/strong>\n\n<ul class=\"wp-block-list\">&#13;\n<li>Obert de dilluns a diumenge, de 10:00 a 18:00. <strong>Horaris especials de Setmana Santa:<\/strong> de 10h a 19h.<\/li>&#13;\n<\/ul><\/li>&#13;\n<li><strong>Temporada Alta (1 de juny &#8211; 30 de setembre):<\/strong>\n\n<ul>&#13;\n<li>Obert de dilluns a diumenge, de 10 a 20h<\/li>&#13;\n<\/ul><\/li>&#13;\n&#13;\n&#13;\n&#13;\n<li><strong>Temporada Mitja (1 d&#8217; octubre &#8211; 14 de novembre):<\/strong>\n\n<ul>&#13;\n<li>Obert de dilluns a diumenge, de 10.00 a 18.00<\/li>&#13;\n<\/ul><\/li>&#13;\n<li><strong>Temporada Baixa (15 de novembre &#8211; 14 de febrer):<\/strong>\n\n<ul class=\"wp-block-list\">&#13;\n<li>Obert de dilluns a diumenge, de 10.00 a 17.00.<\/li>&#13;\n<\/ul><\/li>&#13;\n<\/ul>&#13;\n&#13;\n&#13;\n&#13;\n<p>El \u00faltimo acceso se permite 30 minutos antes del cierre. Es recomendable confirmar los horarios antes de la visita en su p\u00e1gina web oficial, ya que pueden variar seg\u00fan festividades.<\/p>&#13;\n&#13;\n&#13;\n&#13;\n<h3 class=\"wp-block-heading\">Precios de entradas a las Ruinas de Emp\u00faries<\/h3>&#13;\n&#13;\n&#13;\n&#13;\n<ul class=\"wp-block-list\">&#13;\n<li><strong> Entrada General<\/strong>: Aproximadament 7\u20ac.<\/li>&#13;\n&#13;\n&#13;\n&#13;\n<li><strong>Entrada Redu\u00efda:<\/strong> 5 \u20ac (per a estudiants, jubilats, i altres col\u00b7lectius amb acreditaci\u00f3).<\/li>&#13;\n&#13;\n&#13;\n&#13;\n<li><strong> Entrada gratu\u00efta:<\/strong> menors de 16 anys, persones a l&#8217;atur, i el primer diumenge de cada mes d&#8217;octubre a juny.<\/li>&#13;\n<\/ul>&#13;\n&#13;\n&#13;\n&#13;\n<p>Existen visitas guiadas disponibles con un peque\u00f1o coste adicional, as\u00ed como descuentos para grupos.<\/p>&#13;\n&#13;\n&#13;\n&#13;\n<p>Puedes obtener m\u00e1s informaci\u00f3n en la <a href=\"https:\/\/patrimoni.gencat.cat\/es\/coleccion\/empuries\">web oficial de Gencat<\/a>.<\/p>&#13;\n&#13;\n&#13;\n&#13;\n<p>\u00a0<\/p>&#13;\n&#13;\n&#13;\n&#13;\n<p>Imagen de: Mark Cartwright<\/p>&#13;\n<!-- \/wp:list-item --><!-- wp:list {\"translatedWithWPMLTM\":\"1\"} -->&#13;\n<ul><!-- wp:list-item -->&#13;\n<li><strong>Temporada Mitja (15 de febrer &#8211; 31 de maig):<\/strong><!-- wp:list -->\n\n<ul><!-- wp:list-item -->&#13;\n<li>Obert de dilluns a diumenge, de 10:00 a 18:00. <strong>Horaris especials de Setmana Santa:<\/strong> de 10h a 19h.<\/li>&#13;\n<\/ul><\/li>&#13;\n<li><strong>Temporada Alta (1 de juny &#8211; 30 de setembre):<\/strong><!-- wp:list -->\n\n<!-- \/wp:list --><ul><!-- wp:list-item -->&#13;\n<li>Obert de dilluns a diumenge, de 10 a 20h<\/li>&#13;\n<!-- \/wp:list-item --><\/ul><\/li>&#13;\n<!-- \/wp:list-item -->&#13;\n&#13;\n<!-- wp:list-item -->&#13;\n<li><strong>Temporada Mitja (1 d&#8217; octubre &#8211; 14 de novembre):<\/strong><!-- wp:list -->\n\n<!-- \/wp:list --><ul><!-- wp:list-item -->&#13;\n<li>Obert de dilluns a diumenge, de 10.00 a 18.00<\/li>&#13;\n<!-- \/wp:list-item --><\/ul><\/li>&#13;\n<li><strong>Temporada Baixa (15 de novembre &#8211; 14 de febrer):<\/strong><!-- wp:list -->\n\n<ul><!-- wp:list-item -->&#13;\n<li>Obert de dilluns a diumenge, de 10.00 a 17.00.<\/li>&#13;\n<\/ul><\/li>&#13;\n<!-- \/wp:list-item --><\/ul>&#13;\n<!-- \/wp:list -->&#13;\n&#13;\n<!-- wp:paragraph -->&#13;\n<p>El \u00faltimo acceso se permite 30 minutos antes del cierre. Es recomendable confirmar los horarios antes de la visita en su p\u00e1gina web oficial, ya que pueden variar seg\u00fan festividades.<\/p>&#13;\n<!-- \/wp:paragraph -->&#13;\n&#13;\n<!-- wp:heading {\"level\":3} -->&#13;\n<h3 class=\"wp-block-heading\">Precios de entradas a las Ruinas de Emp\u00faries<\/h3>&#13;\n<!-- \/wp:heading -->&#13;\n&#13;\n<!-- wp:list -->&#13;\n<ul><!-- wp:list-item -->&#13;\n<li><strong> Entrada General<\/strong>: Aproximadament 7\u20ac.<\/li>&#13;\n<!-- \/wp:list-item -->&#13;\n&#13;\n<!-- wp:list-item -->&#13;\n<li><strong>Entrada Redu\u00efda:<\/strong> 5 \u20ac (per a estudiants, jubilats, i altres col\u00b7lectius amb acreditaci\u00f3).<\/li>&#13;\n<!-- \/wp:list-item -->&#13;\n&#13;\n<!-- wp:list-item -->&#13;\n<li><strong> Entrada gratu\u00efta:<\/strong> menors de 16 anys, persones a l&#8217;atur, i el primer diumenge de cada mes d&#8217;octubre a juny.<\/li>&#13;\n<!-- \/wp:list-item --><\/ul>&#13;\n<!-- \/wp:list -->&#13;\n&#13;\n<!-- wp:paragraph -->&#13;\n<p>Existen visitas guiadas disponibles con un peque\u00f1o coste adicional, as\u00ed como descuentos para grupos.<\/p>&#13;\n<!-- \/wp:paragraph -->&#13;\n&#13;\n<!-- wp:paragraph -->&#13;\n<p>Puedes obtener m\u00e1s informaci\u00f3n en la <a href=\"https:\/\/patrimoni.gencat.cat\/es\/coleccion\/empuries\">web oficial de Gencat<\/a>.<\/p>&#13;\n<!-- \/wp:paragraph -->&#13;\n&#13;\n<!-- wp:paragraph -->&#13;\n<p>\u00a0<\/p>&#13;\n<!-- \/wp:paragraph -->&#13;\n&#13;\n<!-- wp:paragraph -->&#13;\n<p>Imagen de: Mark Cartwright<\/p>&#13;\n<!-- \/wp:paragraph --><!-- \/wp:list --><!-- \/wp:post-content --><!-- \/wp:list -->&#13;\n<li><strong>Temporada Mitja (15 de febrer &#8211; 31 de maig):<\/strong><!-- wp:list -->\n<ul><!-- wp:list-item -->\n<li>Obert de dilluns a diumenge, de 10:00 a 18:00. <strong>Horaris especials de Setmana Santa:<\/strong> de 10h a 19h.<\/li>\n<\/ul>\n<\/li>&#13;\n<li><strong>Temporada Alta (1 de juny &#8211; 30 de setembre):<\/strong><!-- wp:list -->\n<ul><!-- wp:list-item -->\n<li>Obert de dilluns a diumenge, de 10 a 20h<\/li>\n<!-- \/wp:list-item --><\/ul>\n<!-- \/wp:list --><\/li>&#13;\n<!-- \/wp:list-item -->&#13;\n&#13;\n<!-- wp:list-item -->&#13;\n<li><strong>Temporada Mitja (1 d&#8217; octubre &#8211; 14 de novembre):<\/strong><!-- wp:list -->\n<ul><!-- wp:list-item -->\n<li>Obert de dilluns a diumenge, de 10.00 a 18.00<\/li>\n<!-- \/wp:list-item --><\/ul>\n<!-- \/wp:list --><\/li>&#13;\n<li><strong>Temporada Baixa (15 de novembre &#8211; 14 de febrer):<\/strong><!-- wp:list -->\n<ul><!-- wp:list-item -->\n<li>Obert de dilluns a diumenge, de 10.00 a 17.00.<\/li>\n<\/ul>\n<\/li>&#13;\n<!-- \/wp:list-item -->&#13;\n<!-- \/wp:list -->&#13;\n&#13;\n<!-- wp:paragraph -->&#13;\n<p>El \u00faltimo acceso se permite 30 minutos antes del cierre. Es recomendable confirmar los horarios antes de la visita en su p\u00e1gina web oficial, ya que pueden variar seg\u00fan festividades.<\/p>&#13;\n<!-- \/wp:paragraph -->&#13;\n&#13;\n<!-- wp:heading {\"level\":3} -->&#13;\n<h3 class=\"wp-block-heading\">Precios de entradas a las Ruinas de Emp\u00faries<\/h3>&#13;\n<!-- \/wp:heading -->&#13;\n&#13;\n<!-- wp:list -->&#13;\n<ul><!-- wp:list-item -->&#13;\n<li><strong> Entrada General<\/strong>: Aproximadament 7\u20ac.<\/li>&#13;\n<!-- \/wp:list-item -->&#13;\n&#13;\n<!-- wp:list-item -->&#13;\n<li><strong>Entrada Redu\u00efda:<\/strong> 5 \u20ac (per a estudiants, jubilats, i altres col\u00b7lectius amb acreditaci\u00f3).<\/li>&#13;\n<!-- \/wp:list-item -->&#13;\n&#13;\n<!-- wp:list-item -->&#13;\n<li><strong> Entrada gratu\u00efta:<\/strong> menors de 16 anys, persones a l&#8217;atur, i el primer diumenge de cada mes d&#8217;octubre a juny.<\/li>&#13;\n<!-- \/wp:list-item --><\/ul>&#13;\n<!-- \/wp:list -->&#13;\n&#13;\n<!-- wp:paragraph -->&#13;\n<p>Existen visitas guiadas disponibles con un peque\u00f1o coste adicional, as\u00ed como descuentos para grupos.<\/p>&#13;\n<!-- \/wp:paragraph -->&#13;\n&#13;\n<!-- wp:paragraph -->&#13;\n<p>Puedes obtener m\u00e1s informaci\u00f3n en la <a href=\"https:\/\/patrimoni.gencat.cat\/es\/coleccion\/empuries\">web oficial de Gencat<\/a>.<\/p>&#13;\n<!-- \/wp:paragraph -->&#13;\n&#13;\n<!-- wp:paragraph -->&#13;\n<p>\u00a0<\/p>&#13;\n<!-- \/wp:paragraph -->&#13;\n&#13;\n<!-- wp:paragraph -->&#13;\n<p>Imagen de: Mark Cartwright<\/p>&#13;\n<!-- \/wp:paragraph --><!-- \/wp:list-item --><!-- wp:list {\"translatedWithWPMLTM\":\"1\"} -->&#13;\n<ul><!-- wp:list-item -->&#13;\n<li><strong>Temporada Mitja (15 de febrer &#8211; 31 de maig):<\/strong><!-- wp:list -->\n\n<ul><!-- wp:list-item -->&#13;\n<li>Obert de dilluns a diumenge, de 10:00 a 18:00. <strong>Horaris especials de Setmana Santa:<\/strong> de 10h a 19h.<\/li>&#13;\n<\/ul><\/li>&#13;\n<li><strong>Temporada Alta (1 de juny &#8211; 30 de setembre):<\/strong><!-- wp:list -->\n\n<!-- \/wp:list --><ul><!-- wp:list-item -->&#13;\n<li>Obert de dilluns a diumenge, de 10 a 20h<\/li>&#13;\n<!-- \/wp:list-item --><\/ul><\/li>&#13;\n<!-- \/wp:list-item -->&#13;\n&#13;\n<!-- wp:list-item -->&#13;\n<li><strong>Temporada Mitja (1 d&#8217; octubre &#8211; 14 de novembre):<\/strong><!-- wp:list -->\n\n<!-- \/wp:list --><ul><!-- wp:list-item -->&#13;\n<li>Obert de dilluns a diumenge, de 10.00 a 18.00<\/li>&#13;\n<!-- \/wp:list-item --><\/ul><\/li>&#13;\n<li><strong>Temporada Baixa (15 de novembre &#8211; 14 de febrer):<\/strong><!-- wp:list -->\n\n<ul><!-- wp:list-item -->&#13;\n<li>Obert de dilluns a diumenge, de 10.00 a 17.00.<\/li>&#13;\n<\/ul><\/li>&#13;\n<!-- \/wp:list-item --><\/ul>&#13;\n<!-- \/wp:list -->&#13;\n&#13;\n<!-- wp:paragraph -->&#13;\n<p>El \u00faltimo acceso se permite 30 minutos antes del cierre. Es recomendable confirmar los horarios antes de la visita en su p\u00e1gina web oficial, ya que pueden variar seg\u00fan festividades.<\/p>&#13;\n<!-- \/wp:paragraph -->&#13;\n&#13;\n<!-- wp:heading {\"level\":3} -->&#13;\n<h3 class=\"wp-block-heading\">Precios de entradas a las Ruinas de Emp\u00faries<\/h3>&#13;\n<!-- \/wp:heading -->&#13;\n&#13;\n<!-- wp:list -->&#13;\n<ul><!-- wp:list-item -->&#13;\n<li><strong> Entrada General<\/strong>: Aproximadament 7\u20ac.<\/li>&#13;\n<!-- \/wp:list-item -->&#13;\n&#13;\n<!-- wp:list-item -->&#13;\n<li><strong>Entrada Redu\u00efda:<\/strong> 5 \u20ac (per a estudiants, jubilats, i altres col\u00b7lectius amb acreditaci\u00f3).<\/li>&#13;\n<!-- \/wp:list-item -->&#13;\n&#13;\n<!-- wp:list-item -->&#13;\n<li><strong> Entrada gratu\u00efta:<\/strong> menors de 16 anys, persones a l&#8217;atur, i el primer diumenge de cada mes d&#8217;octubre a juny.<\/li>&#13;\n<!-- \/wp:list-item --><\/ul>&#13;\n<!-- \/wp:list -->&#13;\n&#13;\n<!-- wp:paragraph -->&#13;\n<p>Existen visitas guiadas disponibles con un peque\u00f1o coste adicional, as\u00ed como descuentos para grupos.<\/p>&#13;\n<!-- \/wp:paragraph -->&#13;\n&#13;\n<!-- wp:paragraph -->&#13;\n<p>Puedes obtener m\u00e1s informaci\u00f3n en la <a href=\"https:\/\/patrimoni.gencat.cat\/es\/coleccion\/empuries\">web oficial de Gencat<\/a>.<\/p>&#13;\n<!-- \/wp:paragraph -->&#13;\n&#13;\n<!-- wp:paragraph -->&#13;\n<p>\u00a0<\/p>&#13;\n<!-- \/wp:paragraph -->&#13;\n&#13;\n<!-- wp:paragraph -->&#13;\n<p>Imagen de: Mark Cartwright<\/p>&#13;\n<!-- \/wp:paragraph --><!-- \/wp:list --><!-- \/wp:post-content --><!-- \/wp:list --><ul>\n<!-- wp:list-item {\"translatedWithWPMLTM\":\"1\"} -->&#13;\n<li><strong>Temporada Mitja (15 de febrer &#8211; 31 de maig):<\/strong><!-- wp:list -->\n<ul><!-- wp:list-item -->\n<li>Obert de dilluns a diumenge, de 10:00 a 18:00. <strong>Horaris especials de Setmana Santa:<\/strong> de 10h a 19h.<\/li>\n<\/ul>\n<\/li>&#13;\n<li><strong>Temporada Alta (1 de juny &#8211; 30 de setembre):<\/strong><!-- wp:list -->\n<ul><!-- wp:list-item -->\n<li>Obert de dilluns a diumenge, de 10 a 20h<\/li>\n<!-- \/wp:list-item --><\/ul>\n<!-- \/wp:list --><\/li>&#13;\n<!-- \/wp:list-item -->&#13;\n&#13;\n<!-- wp:list-item -->&#13;\n<li><strong>Temporada Mitja (1 d&#8217; octubre &#8211; 14 de novembre):<\/strong><!-- wp:list -->\n<ul><!-- wp:list-item -->\n<li>Obert de dilluns a diumenge, de 10.00 a 18.00<\/li>\n<!-- \/wp:list-item --><\/ul>\n<!-- \/wp:list --><\/li>&#13;\n<li><strong>Temporada Baixa (15 de novembre &#8211; 14 de febrer):<\/strong><!-- wp:list -->\n<ul><!-- wp:list-item -->\n<li>Obert de dilluns a diumenge, de 10.00 a 17.00.<\/li>\n<\/ul>\n<\/li>&#13;\n<!-- \/wp:list-item -->&#13;\n<!-- \/wp:list -->&#13;\n&#13;\n<!-- wp:paragraph -->&#13;\n<p>El \u00faltimo acceso se permite 30 minutos antes del cierre. Es recomendable confirmar los horarios antes de la visita en su p\u00e1gina web oficial, ya que pueden variar seg\u00fan festividades.<\/p>&#13;\n<!-- \/wp:paragraph -->&#13;\n&#13;\n<!-- wp:heading {\"level\":3} -->&#13;\n<h3 class=\"wp-block-heading\">Precios de entradas a las Ruinas de Emp\u00faries<\/h3>&#13;\n<!-- \/wp:heading -->&#13;\n&#13;\n<!-- wp:list -->&#13;\n<ul><!-- wp:list-item -->&#13;\n<li><strong> Entrada General<\/strong>: Aproximadament 7\u20ac.<\/li>&#13;\n<!-- \/wp:list-item -->&#13;\n&#13;\n<!-- wp:list-item -->&#13;\n<li><strong>Entrada Redu\u00efda:<\/strong> 5 \u20ac (per a estudiants, jubilats, i altres col\u00b7lectius amb acreditaci\u00f3).<\/li>&#13;\n<!-- \/wp:list-item -->&#13;\n&#13;\n<!-- wp:list-item -->&#13;\n<li><strong> Entrada gratu\u00efta:<\/strong> menors de 16 anys, persones a l&#8217;atur, i el primer diumenge de cada mes d&#8217;octubre a juny.<\/li>&#13;\n<!-- \/wp:list-item --><\/ul>&#13;\n<!-- \/wp:list -->&#13;\n&#13;\n<!-- wp:paragraph -->&#13;\n<p>Existen visitas guiadas disponibles con un peque\u00f1o coste adicional, as\u00ed como descuentos para grupos.<\/p>&#13;\n<!-- \/wp:paragraph -->&#13;\n&#13;\n<!-- wp:paragraph -->&#13;\n<p>Puedes obtener m\u00e1s informaci\u00f3n en la <a href=\"https:\/\/patrimoni.gencat.cat\/es\/coleccion\/empuries\">web oficial de Gencat<\/a>.<\/p>&#13;\n<!-- \/wp:paragraph -->&#13;\n&#13;\n<!-- wp:paragraph -->&#13;\n<p>\u00a0<\/p>&#13;\n<!-- \/wp:paragraph -->&#13;\n&#13;\n<!-- wp:paragraph -->&#13;\n<p>Imagen de: Mark Cartwright<\/p>&#13;\n<!-- \/wp:paragraph --><!-- \/wp:list-item --><!-- wp:list {\"translatedWithWPMLTM\":\"1\"} -->&#13;\n<ul><!-- wp:list-item -->&#13;\n<li><strong>Temporada Mitja (15 de febrer &#8211; 31 de maig):<\/strong><!-- wp:list -->\n\n<ul><!-- wp:list-item -->&#13;\n<li>Obert de dilluns a diumenge, de 10:00 a 18:00. <strong>Horaris especials de Setmana Santa:<\/strong> de 10h a 19h.<\/li>&#13;\n<\/ul><\/li>&#13;\n<li><strong>Temporada Alta (1 de juny &#8211; 30 de setembre):<\/strong><!-- wp:list -->\n\n<!-- \/wp:list --><ul><!-- wp:list-item -->&#13;\n<li>Obert de dilluns a diumenge, de 10 a 20h<\/li>&#13;\n<!-- \/wp:list-item --><\/ul><\/li>&#13;\n<!-- \/wp:list-item -->&#13;\n&#13;\n<!-- wp:list-item -->&#13;\n<li><strong>Temporada Mitja (1 d&#8217; octubre &#8211; 14 de novembre):<\/strong><!-- wp:list -->\n\n<!-- \/wp:list --><ul><!-- wp:list-item -->&#13;\n<li>Obert de dilluns a diumenge, de 10.00 a 18.00<\/li>&#13;\n<!-- \/wp:list-item --><\/ul><\/li>&#13;\n<li><strong>Temporada Baixa (15 de novembre &#8211; 14 de febrer):<\/strong><!-- wp:list -->\n\n<ul><!-- wp:list-item -->&#13;\n<li>Obert de dilluns a diumenge, de 10.00 a 17.00.<\/li>&#13;\n<\/ul><\/li>&#13;\n<!-- \/wp:list-item --><\/ul>&#13;\n<!-- \/wp:list -->&#13;\n&#13;\n<!-- wp:paragraph -->&#13;\n<p>El \u00faltimo acceso se permite 30 minutos antes del cierre. Es recomendable confirmar los horarios antes de la visita en su p\u00e1gina web oficial, ya que pueden variar seg\u00fan festividades.<\/p>&#13;\n<!-- \/wp:paragraph -->&#13;\n&#13;\n<!-- wp:heading {\"level\":3} -->&#13;\n<h3 class=\"wp-block-heading\">Precios de entradas a las Ruinas de Emp\u00faries<\/h3>&#13;\n<!-- \/wp:heading -->&#13;\n&#13;\n<!-- wp:list -->&#13;\n<ul><!-- wp:list-item -->&#13;\n<li><strong> Entrada General<\/strong>: Aproximadament 7\u20ac.<\/li>&#13;\n<!-- \/wp:list-item -->&#13;\n&#13;\n<!-- wp:list-item -->&#13;\n<li><strong>Entrada Redu\u00efda:<\/strong> 5 \u20ac (per a estudiants, jubilats, i altres col\u00b7lectius amb acreditaci\u00f3).<\/li>&#13;\n<!-- \/wp:list-item -->&#13;\n&#13;\n<!-- wp:list-item -->&#13;\n<li><strong> Entrada gratu\u00efta:<\/strong> menors de 16 anys, persones a l&#8217;atur, i el primer diumenge de cada mes d&#8217;octubre a juny.<\/li>&#13;\n<!-- \/wp:list-item --><\/ul>&#13;\n<!-- \/wp:list -->&#13;\n&#13;\n<!-- wp:paragraph -->&#13;\n<p>Existen visitas guiadas disponibles con un peque\u00f1o coste adicional, as\u00ed como descuentos para grupos.<\/p>&#13;\n<!-- \/wp:paragraph -->&#13;\n&#13;\n<!-- wp:paragraph -->&#13;\n<p>Puedes obtener m\u00e1s informaci\u00f3n en la <a href=\"https:\/\/patrimoni.gencat.cat\/es\/coleccion\/empuries\">web oficial de Gencat<\/a>.<\/p>&#13;\n<!-- \/wp:paragraph -->&#13;\n&#13;\n<!-- wp:paragraph -->&#13;\n<p>\u00a0<\/p>&#13;\n<!-- \/wp:paragraph -->&#13;\n&#13;\n<!-- wp:paragraph -->&#13;\n<p>Imagen de: Mark Cartwright<\/p>&#13;\n<!-- \/wp:paragraph --><!-- \/wp:list --><!-- \/wp:post-content --><!-- \/wp:list-item --><li><strong>Temporada Mitja (15 de febrer &#8211; 31 de maig):<\/strong><br \/>\n<!-- wp:list {\"translatedWithWPMLTM\":\"1\"} -->\r\n<ul><!-- wp:list-item {\"translatedWithWPMLTM\":\"1\"} -->\r\n<li>Obert de dilluns a diumenge, de 10:00 a 18:00. <strong>Horaris especials de Setmana Santa:<\/strong> de 10h a 19h.<\/li>\r\n<\/ul>\r\n<\/li>\r\n<li><strong>Temporada Alta (1 de juny &#8211; 30 de setembre):<\/strong><!-- wp:list {\"translatedWithWPMLTM\":\"1\"} -->\r\n<ul><!-- wp:list-item {\"translatedWithWPMLTM\":\"1\"} -->&#13;\n<li>Obert de dilluns a diumenge, de 10 a 20h<\/li>&#13;\n<!-- \/wp:list-item --><\/ul>\r\n<!-- \/wp:list --><\/li>\r\n<!-- \/wp:list-item -->\r\n\r\n<!-- wp:list-item -->\r\n<li><strong>Temporada Media (1 de octubre &#8211; 14 de noviembre):<\/strong><!-- wp:list -->\r\n<ul><!-- wp:list-item -->\r\n<li>Obert de dilluns a diumenge, de 10.00 a 18.00<\/li>\r\n<!-- \/wp:list-item --><\/ul>\r\n<!-- \/wp:list --><\/li>\r\n<li><strong>Temporada Baja (15 de noviembre &#8211; 14 de febrero):<\/strong><!-- wp:list -->\r\n<ul><!-- wp:list-item -->\r\n<li>Obert de dilluns a diumenge, de 10.00 a 17.00.<\/li>\r\n<\/ul>\r\n<\/li>\r\n<!-- \/wp:list-item --><\/ul>\r\n<!-- \/wp:list -->\r\n\r\n<!-- wp:paragraph -->\r\n<p>El \u00faltimo acceso se permite 30 minutos antes del cierre. Es recomendable confirmar los horarios antes de la visita en su p\u00e1gina web oficial, ya que pueden variar seg\u00fan festividades.<\/p>\r\n<!-- \/wp:paragraph -->\r\n\r\n<!-- wp:heading {\"level\":3} -->\r\n<h3 class=\"wp-block-heading\">Precios de entradas a las Ruinas de Emp\u00faries<\/h3>\r\n<!-- \/wp:heading -->\r\n\r\n<!-- wp:list -->\r\n<ul><!-- wp:list-item -->\r\n<li><strong> Entrada General<\/strong>: Aproximadament 7\u20ac.<\/li>\r\n<!-- \/wp:list-item -->\r\n\r\n<!-- wp:list-item -->\r\n<li><strong>Entrada Redu\u00efda:<\/strong> 5 \u20ac (per a estudiants, jubilats, i altres col\u00b7lectius amb acreditaci\u00f3).<\/li>\r\n<!-- \/wp:list-item -->\r\n\r\n<!-- wp:list-item -->\r\n<li><strong> Entrada gratu\u00efta:<\/strong> menors de 16 anys, persones a l&#8217;atur, i el primer diumenge de cada mes d&#8217;octubre a juny.<\/li>\r\n<!-- \/wp:list-item --><\/ul>\r\n<!-- \/wp:list -->\r\n\r\n<!-- wp:paragraph -->\r\n<p>Existen visitas guiadas disponibles con un peque\u00f1o coste adicional, as\u00ed como descuentos para grupos.<\/p>\r\n<!-- \/wp:paragraph -->\r\n\r\n<!-- wp:paragraph -->\r\n<p>Puedes obtener m\u00e1s informaci\u00f3n en la <a href=\"https:\/\/patrimoni.gencat.cat\/es\/coleccion\/empuries\">web oficial de Gencat<\/a>.<\/p>\r\n<!-- \/wp:paragraph -->\r\n\r\n<!-- wp:paragraph -->\r\n<p>&nbsp;<\/p>\r\n<!-- \/wp:paragraph -->\r\n\r\n<!-- wp:paragraph -->\r\n<p>Imagen de: Mark Cartwright<\/p>\r\n<!-- \/wp:paragraph --><!-- \/wp:list-item --><ul>\n<!-- wp:list-item {\"translatedWithWPMLTM\":\"1\"} -->&#13;\n<li><strong>Temporada Mitja (15 de febrer &#8211; 31 de maig):<\/strong><!-- wp:list -->\n<ul><!-- wp:list-item -->\n<li>Obert de dilluns a diumenge, de 10:00 a 18:00. <strong>Horaris especials de Setmana Santa:<\/strong> de 10h a 19h.<\/li>\n<\/ul>\n<\/li>&#13;\n<li><strong>Temporada Alta (1 de juny &#8211; 30 de setembre):<\/strong><!-- wp:list -->\n<ul><!-- wp:list-item -->\n<li>Obert de dilluns a diumenge, de 10 a 20h<\/li>\n<!-- \/wp:list-item --><\/ul>\n<!-- \/wp:list --><\/li>&#13;\n<!-- \/wp:list-item -->&#13;\n&#13;\n<!-- wp:list-item -->&#13;\n<li><strong>Temporada Mitja (1 d&#8217; octubre &#8211; 14 de novembre):<\/strong><!-- wp:list -->\n<ul><!-- wp:list-item -->\n<li>Obert de dilluns a diumenge, de 10.00 a 18.00<\/li>\n<!-- \/wp:list-item --><\/ul>\n<!-- \/wp:list --><\/li>&#13;\n<li><strong>Temporada Baixa (15 de novembre &#8211; 14 de febrer):<\/strong><!-- wp:list -->\n<ul><!-- wp:list-item -->\n<li>Obert de dilluns a diumenge, de 10.00 a 17.00.<\/li>\n<\/ul>\n<\/li>&#13;\n<!-- \/wp:list-item -->&#13;\n<!-- \/wp:list -->&#13;\n&#13;\n<!-- wp:paragraph -->&#13;\n<p>El \u00faltimo acceso se permite 30 minutos antes del cierre. Es recomendable confirmar los horarios antes de la visita en su p\u00e1gina web oficial, ya que pueden variar seg\u00fan festividades.<\/p>&#13;\n<!-- \/wp:paragraph -->&#13;\n&#13;\n<!-- wp:heading {\"level\":3} -->&#13;\n<h3 class=\"wp-block-heading\">Precios de entradas a las Ruinas de Emp\u00faries<\/h3>&#13;\n<!-- \/wp:heading -->&#13;\n&#13;\n<!-- wp:list -->&#13;\n<ul><!-- wp:list-item -->&#13;\n<li><strong> Entrada General<\/strong>: Aproximadament 7\u20ac.<\/li>&#13;\n<!-- \/wp:list-item -->&#13;\n&#13;\n<!-- wp:list-item -->&#13;\n<li><strong>Entrada Redu\u00efda:<\/strong> 5 \u20ac (per a estudiants, jubilats, i altres col\u00b7lectius amb acreditaci\u00f3).<\/li>&#13;\n<!-- \/wp:list-item -->&#13;\n&#13;\n<!-- wp:list-item -->&#13;\n<li><strong> Entrada gratu\u00efta:<\/strong> menors de 16 anys, persones a l&#8217;atur, i el primer diumenge de cada mes d&#8217;octubre a juny.<\/li>&#13;\n<!-- \/wp:list-item --><\/ul>&#13;\n<!-- \/wp:list -->&#13;\n&#13;\n<!-- wp:paragraph -->&#13;\n<p>Existen visitas guiadas disponibles con un peque\u00f1o coste adicional, as\u00ed como descuentos para grupos.<\/p>&#13;\n<!-- \/wp:paragraph -->&#13;\n&#13;\n<!-- wp:paragraph -->&#13;\n<p>Puedes obtener m\u00e1s informaci\u00f3n en la <a href=\"https:\/\/patrimoni.gencat.cat\/es\/coleccion\/empuries\">web oficial de Gencat<\/a>.<\/p>&#13;\n<!-- \/wp:paragraph -->&#13;\n&#13;\n<!-- wp:paragraph -->&#13;\n<p>\u00a0<\/p>&#13;\n<!-- \/wp:paragraph -->&#13;\n&#13;\n<!-- wp:paragraph -->&#13;\n<p>Imagen de: Mark Cartwright<\/p>&#13;\n<!-- \/wp:paragraph --><!-- \/wp:list-item --><!-- wp:list {\"translatedWithWPMLTM\":\"1\"} -->&#13;\n<ul><!-- wp:list-item -->&#13;\n<li><strong>Temporada Mitja (15 de febrer &#8211; 31 de maig):<\/strong><!-- wp:list -->\n\n<ul><!-- wp:list-item -->&#13;\n<li>Obert de dilluns a diumenge, de 10:00 a 18:00. <strong>Horaris especials de Setmana Santa:<\/strong> de 10h a 19h.<\/li>&#13;\n<\/ul><\/li>&#13;\n<li><strong>Temporada Alta (1 de juny &#8211; 30 de setembre):<\/strong><!-- wp:list -->\n\n<!-- \/wp:list --><ul><!-- wp:list-item -->&#13;\n<li>Obert de dilluns a diumenge, de 10 a 20h<\/li>&#13;\n<!-- \/wp:list-item --><\/ul><\/li>&#13;\n<!-- \/wp:list-item -->&#13;\n&#13;\n<!-- wp:list-item -->&#13;\n<li><strong>Temporada Mitja (1 d&#8217; octubre &#8211; 14 de novembre):<\/strong><!-- wp:list -->\n\n<!-- \/wp:list --><ul><!-- wp:list-item -->&#13;\n<li>Obert de dilluns a diumenge, de 10.00 a 18.00<\/li>&#13;\n<!-- \/wp:list-item --><\/ul><\/li>&#13;\n<li><strong>Temporada Baixa (15 de novembre &#8211; 14 de febrer):<\/strong><!-- wp:list -->\n\n<ul><!-- wp:list-item -->&#13;\n<li>Obert de dilluns a diumenge, de 10.00 a 17.00.<\/li>&#13;\n<\/ul><\/li>&#13;\n<!-- \/wp:list-item --><\/ul>&#13;\n<!-- \/wp:list -->&#13;\n&#13;\n<!-- wp:paragraph -->&#13;\n<p>El \u00faltimo acceso se permite 30 minutos antes del cierre. Es recomendable confirmar los horarios antes de la visita en su p\u00e1gina web oficial, ya que pueden variar seg\u00fan festividades.<\/p>&#13;\n<!-- \/wp:paragraph -->&#13;\n&#13;\n<!-- wp:heading {\"level\":3} -->&#13;\n<h3 class=\"wp-block-heading\">Precios de entradas a las Ruinas de Emp\u00faries<\/h3>&#13;\n<!-- \/wp:heading -->&#13;\n&#13;\n<!-- wp:list -->&#13;\n<ul><!-- wp:list-item -->&#13;\n<li><strong> Entrada General<\/strong>: Aproximadament 7\u20ac.<\/li>&#13;\n<!-- \/wp:list-item -->&#13;\n&#13;\n<!-- wp:list-item -->&#13;\n<li><strong>Entrada Redu\u00efda:<\/strong> 5 \u20ac (per a estudiants, jubilats, i altres col\u00b7lectius amb acreditaci\u00f3).<\/li>&#13;\n<!-- \/wp:list-item -->&#13;\n&#13;\n<!-- wp:list-item -->&#13;\n<li><strong> Entrada gratu\u00efta:<\/strong> menors de 16 anys, persones a l&#8217;atur, i el primer diumenge de cada mes d&#8217;octubre a juny.<\/li>&#13;\n<!-- \/wp:list-item --><\/ul>&#13;\n<!-- \/wp:list -->&#13;\n&#13;\n<!-- wp:paragraph -->&#13;\n<p>Existen visitas guiadas disponibles con un peque\u00f1o coste adicional, as\u00ed como descuentos para grupos.<\/p>&#13;\n<!-- \/wp:paragraph -->&#13;\n&#13;\n<!-- wp:paragraph -->&#13;\n<p>Puedes obtener m\u00e1s informaci\u00f3n en la <a href=\"https:\/\/patrimoni.gencat.cat\/es\/coleccion\/empuries\">web oficial de Gencat<\/a>.<\/p>&#13;\n<!-- \/wp:paragraph -->&#13;\n&#13;\n<!-- wp:paragraph -->&#13;\n<p>\u00a0<\/p>&#13;\n<!-- \/wp:paragraph -->&#13;\n&#13;\n<!-- wp:paragraph -->&#13;\n<p>Imagen de: Mark Cartwright<\/p>&#13;\n<!-- \/wp:paragraph --><!-- \/wp:list --><!-- \/wp:post-content --><!-- \/wp:list --><!-- wp:post-content --><!-- wp:paragraph {\"translatedWithWPMLTM\":\"1\"} -->&#13;\n<p>Les <strong>Ru\u00efnes d&#8217;Emp\u00faries<\/strong> situades a la Costa Brava s\u00f3n un testimoni fascinant de les antigues civilitzacions grega i romana que van habitar la pen\u00ednsula ib\u00e8rica. Aquest impressionant jaciment arqueol\u00f2gic, un dels m\u00e9s importants d&#8217;Espanya, us permetr\u00e0 viatjar en el temps i explorar el llegat de dues cultures que van influir profundament en la hist\u00f2ria d&#8217;Europa. En aquesta guia t&#8217;expliquem tot el que cal saber per visitar les Ru\u00efnes d&#8217;Emp\u00faries: com arribar, qu\u00e8 veure, horaris, preus i consells per aprofitar al m\u00e0xim la teva visita.  <\/p>&#13;\n<!-- \/wp:paragraph --><!-- wp:paragraph {\"translatedWithWPMLTM\":\"1\"} -->&#13;\n<p>Si no tens allotjament, reserva ara la teva estada als <a href=\"https:\/\/sagavinaestartit.com\/ca\/\"><strong>Apartaments Sa Gavina<\/strong><\/a>, situats a pocs metres de la platja de l&#8217;Estartit, a nom\u00e9s 25 minuts amb cotxe de les Ru\u00efnes d&#8217;Emp\u00faries.<\/p>&#13;\n<!-- \/wp:paragraph --><!-- wp:heading {\"translatedWithWPMLTM\":\"1\"} -->&#13;\n<h2 class=\"wp-block-heading\">Hist\u00f2ria de les Ru\u00efnes d&#8217;Emp\u00faries.<\/h2>&#13;\n<!-- \/wp:heading --><!-- wp:paragraph {\"translatedWithWPMLTM\":\"1\"} -->&#13;\n<p>Emp\u00faries,t\u00e9 una hist\u00f2ria que es remunta al segle VI aC. Va ser fundada inicialment com un enclavament grec anomenat <strong> Emporion<\/strong> (que significa &#8220;mercat&#8221;), convertint-se en un important port comercial de la Mediterr\u00e0nia. Posteriorment, al segle II a.C., els romans van arribar i van establir una ciutat prop de la col\u00f2nia grega, creant un important nucli urb\u00e0 que va prosperar fins al segle III d.C. <\/p>&#13;\n<!-- \/wp:paragraph --><!-- wp:paragraph {\"translatedWithWPMLTM\":\"1\"} -->&#13;\n<p>El que fa especial a les ru\u00efnes d&#8217;Emp\u00faries \u00e9s que \u00e9s l&#8217;\u00fanic jaciment a la pen\u00ednsula ib\u00e8rica on es poden visitar <strong> restes d&#8217;una ciutat grega i romana al mateix lloc<\/strong>. Aquest gresol cultural reflecteix la barreja d&#8217;estils arquitect\u00f2nics, vida quotidiana i costums de les dues civilitzacions. <\/p>&#13;\n<!-- \/wp:paragraph --><!-- wp:image {\"id\":22987,\"width\":\"595px\",\"height\":\"auto\",\"aspectRatio\":\"1.67047308319739\",\"sizeSlug\":\"large\",\"linkDestination\":\"none\",\"translatedWithWPMLTM\":\"1\"} -->&#13;\n<figure class=\"wp-block-image size-large is-resized\"><img decoding=\"async\" width=\"1024\" height=\"613\" class=\"lazyload wp-image-22987\" style=\"aspect-ratio: 1.67047308319739; width: 595px; height: auto;\" src=\"https:\/\/sagavinaestartit.com\/wp-content\/uploads\/2024\/08\/emporion-1024x613.png\" data-orig-src=\"https:\/\/sagavinaestartit.com\/wp-content\/uploads\/2024\/08\/emporion-1024x613.png\" alt=\"hist&#xF2;ria empuries\" srcset=\"data:image\/svg+xml,%3Csvg%20xmlns%3D%27http%3A%2F%2Fwww.w3.org%2F2000%2Fsvg%27%20width%3D%271024%27%20height%3D%27613%27%20viewBox%3D%270%200%201024%20613%27%3E%3Crect%20width%3D%271024%27%20height%3D%27613%27%20fill-opacity%3D%220%22%2F%3E%3C%2Fsvg%3E\" data-srcset=\"https:\/\/sagavinaestartit.com\/wp-content\/uploads\/2024\/08\/emporion-200x120.png 200w, https:\/\/sagavinaestartit.com\/wp-content\/uploads\/2024\/08\/emporion-300x180.png 300w, https:\/\/sagavinaestartit.com\/wp-content\/uploads\/2024\/08\/emporion-400x240.png 400w, https:\/\/sagavinaestartit.com\/wp-content\/uploads\/2024\/08\/emporion-600x359.png 600w, https:\/\/sagavinaestartit.com\/wp-content\/uploads\/2024\/08\/emporion-768x460.png 768w, https:\/\/sagavinaestartit.com\/wp-content\/uploads\/2024\/08\/emporion-800x479.png 800w, https:\/\/sagavinaestartit.com\/wp-content\/uploads\/2024\/08\/emporion-1024x613.png 1024w, https:\/\/sagavinaestartit.com\/wp-content\/uploads\/2024\/08\/emporion-1200x719.png 1200w, https:\/\/sagavinaestartit.com\/wp-content\/uploads\/2024\/08\/emporion-1536x920.png 1536w\" data-sizes=\"auto\" data-orig-sizes=\"(max-width: 1024px) 100vw, 1024px\" \/>&#13;\n<figcaption class=\"wp-element-caption\">Fuente: Arre caballo<\/figcaption>&#13;\n<\/figure>&#13;\n<!-- \/wp:image --><!-- wp:heading {\"translatedWithWPMLTM\":\"1\"} -->&#13;\n<h2 class=\"wp-block-heading\">Com arrivar a les Ru\u00ednes d&#8217;Emp\u00faries<\/h2>&#13;\n<!-- \/wp:heading --><!-- wp:paragraph {\"translatedWithWPMLTM\":\"1\"} -->&#13;\n<p>Les ru\u00efnes d&#8217;Emp\u00faries s\u00f3n a prop del municipi de <strong>l&#8217;Escala<\/strong>, a la prov\u00edncia de Girona, Catalunya, en plena Costa Brava. Arribar \u00e9s senzill, tant si viatges amb cotxe com amb transport p\u00fablic. Descobriu <a href=\"https:\/\/maps.app.goo.gl\/mHMnRw8Bs6hYANKR6\">com arribar a les ru\u00efnes d&#8217;Emp\u00faries a trav\u00e9s de Google Maps.<\/a>  <\/p>&#13;\n<!-- \/wp:paragraph --><!-- wp:heading {\"level\":3,\"translatedWithWPMLTM\":\"1\"} -->&#13;\n<h3 class=\"wp-block-heading\">En Cotxe<\/h3>&#13;\n<!-- \/wp:heading --><!-- wp:list {\"translatedWithWPMLTM\":\"1\"} -->\r\n<ul><!-- wp:list-item {\"translatedWithWPMLTM\":\"1\"} -->&#13;\n<li>Des de <strong>Barcelona<\/strong> el trajecte dura aproximadament 1 hora i 45 minuts per l&#8217;AP-7 en direcci\u00f3 nord. Despr\u00e9s, agafa la sortida 5 en direcci\u00f3 a <strong>l&#8217;Escala.<\/strong> <\/li>&#13;\n<!-- \/wp:list-item -->\r\n\r\n<!-- wp:list-item {\"translatedWithWPMLTM\":\"1\"} -->&#13;\n<li>Des de <strong>Girona<\/strong> s\u00f3n uns 40 minuts per la C-31. Segueix les indicacions cap a l&#8217;Escala i despr\u00e9s cap a les ru\u00efnes d&#8217;Emp\u00faries. <\/li>&#13;\n<!-- \/wp:list-item -->\r\n\r\n<!-- wp:list-item {\"translatedWithWPMLTM\":\"1\"} -->&#13;\n<li>Hi ha un aparcament proper al jaciment que facilita la visita.<\/li>&#13;\n<!-- \/wp:list-item --><\/ul>\r\n<!-- \/wp:list --><!-- wp:heading {\"level\":3,\"translatedWithWPMLTM\":\"1\"} -->&#13;\n<h3 class=\"wp-block-heading\">En Transporte P\u00fablic<\/h3>&#13;\n<!-- \/wp:heading --><!-- wp:list {\"translatedWithWPMLTM\":\"1\"} -->\r\n<ul><!-- wp:list-item {\"translatedWithWPMLTM\":\"1\"} -->&#13;\n<li>Des de <strong>Barcelon<\/strong>a o <strong>Girona<\/strong>, podeu agafar un tren fins a <strong>Figueres<\/strong>, i despr\u00e9s un autob\u00fas cap a <strong>l&#8217;Escala<\/strong>. Des del centre de l&#8217;Escala, podeu caminar o agafar un taxi fins a les ru\u00efnes, que s\u00f3n a uns 3 km. <\/li>&#13;\n<!-- \/wp:list-item --><\/ul>\r\n<!-- \/wp:list --><!-- wp:heading {\"translatedWithWPMLTM\":\"1\"} -->&#13;\n<h2 class=\"wp-block-heading\">Qu\u00e8 veure a les Ru\u00efnes d&#8217;Emp\u00faries<\/h2>&#13;\n<!-- \/wp:heading --><!-- wp:image {\"id\":22992,\"width\":\"592px\",\"height\":\"auto\",\"aspectRatio\":\"1.5105740181268883\",\"sizeSlug\":\"full\",\"linkDestination\":\"none\",\"translatedWithWPMLTM\":\"1\"} -->&#13;\n<figure class=\"wp-block-image size-full is-resized\"><img decoding=\"async\" width=\"1000\" height=\"662\" class=\"lazyload wp-image-22992\" style=\"aspect-ratio: 1.5105740181268883; width: 592px; height: auto;\" src=\"https:\/\/sagavinaestartit.com\/wp-content\/uploads\/2024\/08\/empuries.jpg\" data-orig-src=\"https:\/\/sagavinaestartit.com\/wp-content\/uploads\/2024\/08\/empuries.jpg\" alt=\"\" srcset=\"data:image\/svg+xml,%3Csvg%20xmlns%3D%27http%3A%2F%2Fwww.w3.org%2F2000%2Fsvg%27%20width%3D%271000%27%20height%3D%27662%27%20viewBox%3D%270%200%201000%20662%27%3E%3Crect%20width%3D%271000%27%20height%3D%27662%27%20fill-opacity%3D%220%22%2F%3E%3C%2Fsvg%3E\" data-srcset=\"https:\/\/sagavinaestartit.com\/wp-content\/uploads\/2024\/08\/empuries-200x132.jpg 200w, https:\/\/sagavinaestartit.com\/wp-content\/uploads\/2024\/08\/empuries-300x199.jpg 300w, https:\/\/sagavinaestartit.com\/wp-content\/uploads\/2024\/08\/empuries-400x265.jpg 400w, https:\/\/sagavinaestartit.com\/wp-content\/uploads\/2024\/08\/empuries-600x397.jpg 600w, https:\/\/sagavinaestartit.com\/wp-content\/uploads\/2024\/08\/empuries-768x508.jpg 768w, https:\/\/sagavinaestartit.com\/wp-content\/uploads\/2024\/08\/empuries-800x530.jpg 800w, https:\/\/sagavinaestartit.com\/wp-content\/uploads\/2024\/08\/empuries.jpg 1000w\" data-sizes=\"auto\" data-orig-sizes=\"(max-width: 1000px) 100vw, 1000px\" \/>&#13;\n<figcaption class=\"wp-element-caption\">Font: Raul G en Tripadvisor<\/figcaption>&#13;\n<\/figure>&#13;\n<!-- \/wp:image --><!-- wp:paragraph {\"translatedWithWPMLTM\":\"1\"} -->&#13;\n<p>En visitar Emp\u00faries, us submergireu en un viatge per la hist\u00f2ria que inclou dues grans \u00e0rees arqueol\u00f2giques: la ciutat grega i la ciutat romana. A continuaci\u00f3, alguns dels punts m\u00e9s destacats: <\/p>&#13;\n<!-- \/wp:paragraph --><!-- wp:heading {\"level\":3,\"translatedWithWPMLTM\":\"1\"} -->&#13;\n<h3 class=\"wp-block-heading\">Ciutat Grega<\/h3>&#13;\n<!-- \/wp:heading --><!-- wp:list {\"translatedWithWPMLTM\":\"1\"} -->\r\n<ul><!-- wp:list-item {\"translatedWithWPMLTM\":\"1\"} -->&#13;\n<li><strong>Muralles Gregues<\/strong>: Fortificacions que protegien el nucli original d&#8217;Emporion.<\/li>&#13;\n<!-- \/wp:list-item -->\r\n\r\n<!-- wp:list-item {\"translatedWithWPMLTM\":\"1\"} -->&#13;\n<li><strong>Temples i Santuaris<\/strong>: Entre els m\u00e9s importants hi ha el temple d&#8217;<strong>Asclepi<\/strong>, el d\u00e9u de la medicina.<\/li>&#13;\n<!-- \/wp:list-item -->\r\n\r\n<!-- wp:list-item {\"translatedWithWPMLTM\":\"1\"} -->&#13;\n<li><strong> Agor\u00e1:<\/strong> Pla\u00e7a p\u00fablica on es desenvolupaven activitats comercials i socials.<\/li>&#13;\n<!-- \/wp:list-item --><\/ul>\r\n<!-- \/wp:list --><!-- wp:heading {\"level\":3,\"translatedWithWPMLTM\":\"1\"} -->&#13;\n<h3 class=\"wp-block-heading\">Ciutat Romana<\/h3>&#13;\n<!-- \/wp:heading --><!-- wp:list {\"translatedWithWPMLTM\":\"1\"} -->\r\n<ul><!-- wp:list-item {\"translatedWithWPMLTM\":\"1\"} -->&#13;\n<li><strong> F\u00f2rum Rom\u00e0:<\/strong> El centre pol\u00edtic i social de la ciutat romana, on es conserven restes dedificis administratius.<\/li>&#13;\n<!-- \/wp:list-item -->\r\n\r\n<!-- wp:list-item {\"translatedWithWPMLTM\":\"1\"} -->&#13;\n<li><strong>Mosaics:<\/strong> Impressionants restes de mosaics decoratius que cobrien el terra de cases nobles.<\/li>&#13;\n<!-- \/wp:list-item -->\r\n\r\n<!-- wp:list-item {\"translatedWithWPMLTM\":\"1\"} -->&#13;\n<li><strong> Amfiteatre i Termes Romanes: <\/strong> Restes de l&#8217;antic amfiteatre i les termes que reflecteixen la vida quotidiana de l&#8217;\u00e8poca.<\/li>&#13;\n<!-- \/wp:list-item --><\/ul>\r\n<!-- \/wp:list --><!-- wp:heading {\"level\":3,\"translatedWithWPMLTM\":\"1\"} -->&#13;\n<h3 class=\"wp-block-heading\">Museu d&#8217;Arqueologia de Catalunya &#8211; Emp\u00faries<\/h3>&#13;\n<!-- \/wp:heading --><!-- wp:paragraph {\"translatedWithWPMLTM\":\"1\"} -->&#13;\n<p>Ubicat al costat del jaciment, aquest museu acull una impressionant col\u00b7lecci\u00f3 d&#8217;artefactes trobats a les excavacions, com cer\u00e0miques, escultures i monedes. \u00c9s una visita obligada per entendre millor la hist\u00f2ria i la cultura que van habitar el lloc. <\/p>&#13;\n<!-- \/wp:paragraph --><!-- wp:heading {\"translatedWithWPMLTM\":\"1\"} -->&#13;\n<h2 class=\"wp-block-heading\">Horaris de Visita i Tarifes el 2025<\/h2>&#13;\n<!-- \/wp:heading --><!-- wp:image {\"id\":22997,\"width\":\"578px\",\"height\":\"auto\",\"aspectRatio\":\"1.7394179894179893\",\"sizeSlug\":\"large\",\"linkDestination\":\"none\",\"translatedWithWPMLTM\":\"1\"} -->&#13;\n<figure class=\"wp-block-image size-large is-resized\"><img decoding=\"async\" width=\"1024\" height=\"589\" class=\"lazyload wp-image-22997\" style=\"aspect-ratio: 1.7394179894179893; width: 578px; height: auto;\" src=\"https:\/\/sagavinaestartit.com\/wp-content\/uploads\/2024\/08\/ruinas-empurias-1024x589.png\" data-orig-src=\"https:\/\/sagavinaestartit.com\/wp-content\/uploads\/2024\/08\/ruinas-empurias-1024x589.png\" alt=\"\" srcset=\"data:image\/svg+xml,%3Csvg%20xmlns%3D%27http%3A%2F%2Fwww.w3.org%2F2000%2Fsvg%27%20width%3D%271024%27%20height%3D%27589%27%20viewBox%3D%270%200%201024%20589%27%3E%3Crect%20width%3D%271024%27%20height%3D%27589%27%20fill-opacity%3D%220%22%2F%3E%3C%2Fsvg%3E\" data-srcset=\"https:\/\/sagavinaestartit.com\/wp-content\/uploads\/2024\/08\/ruinas-empurias-200x115.png 200w, https:\/\/sagavinaestartit.com\/wp-content\/uploads\/2024\/08\/ruinas-empurias-300x172.png 300w, https:\/\/sagavinaestartit.com\/wp-content\/uploads\/2024\/08\/ruinas-empurias-400x230.png 400w, https:\/\/sagavinaestartit.com\/wp-content\/uploads\/2024\/08\/ruinas-empurias-600x345.png 600w, https:\/\/sagavinaestartit.com\/wp-content\/uploads\/2024\/08\/ruinas-empurias-768x442.png 768w, https:\/\/sagavinaestartit.com\/wp-content\/uploads\/2024\/08\/ruinas-empurias-800x460.png 800w, https:\/\/sagavinaestartit.com\/wp-content\/uploads\/2024\/08\/ruinas-empurias-1024x589.png 1024w, https:\/\/sagavinaestartit.com\/wp-content\/uploads\/2024\/08\/ruinas-empurias-1200x690.png 1200w, https:\/\/sagavinaestartit.com\/wp-content\/uploads\/2024\/08\/ruinas-empurias.png 1315w\" data-sizes=\"auto\" data-orig-sizes=\"(max-width: 1024px) 100vw, 1024px\" \/><\/figure>&#13;\n<!-- \/wp:image --><!-- wp:paragraph {\"translatedWithWPMLTM\":\"1\"} -->&#13;\n<p>El jaciment arqueol\u00f2gic d&#8217;Emp\u00faries \u00e9s obert durant tot l&#8217;any, encara que els horaris varien segons la temporada:<\/p>&#13;\n<!-- \/wp:paragraph --><!-- wp:list-item {\"translatedWithWPMLTM\":\"1\"} -->\r\n<li><strong>Temporada Mitja (1 d&#8217; octubre &#8211; 14 de novembre):<\/strong><!-- wp:list {\"translatedWithWPMLTM\":\"1\"} -->\r\n<ul><!-- wp:list-item {\"translatedWithWPMLTM\":\"1\"} -->&#13;\n<li>Obert de dilluns a diumenge, de 10.00 a 18.00<\/li>&#13;\n<!-- \/wp:list-item --><\/ul>\r\n<!-- \/wp:list --><\/li>\r\n<li><strong>Temporada Baja (15 de noviembre &#8211; 14 de febrero):<\/strong><!-- wp:list {\"translatedWithWPMLTM\":\"1\"} -->\r\n<ul><!-- wp:list-item {\"translatedWithWPMLTM\":\"1\"} -->&#13;\n<li>Obert de dilluns a diumenge, de 10.00 a 17.00.<\/li>&#13;\n&#13;\n&#13;\n<!-- \/wp:list-item --><\/ul>\r\n<!-- \/wp:list -->\r\n\r\n<!-- wp:paragraph {\"translatedWithWPMLTM\":\"1\"} -->&#13;\n<p>El darrer acc\u00e9s es permet 30 minuts abans del tancament. \u00c9s recomanable confirmar els horaris abans de la visita a la p\u00e0gina web oficial, ja que poden variar segons festivitats. <\/p>&#13;\n<!-- \/wp:paragraph -->\r\n\r\n<!-- wp:heading {\"level\":3,\"translatedWithWPMLTM\":\"1\"} -->&#13;\n<h3 class=\"wp-block-heading\">Preus d&#8217;entrades a les ru\u00efnes d&#8217;Emp\u00faries<\/h3>&#13;\n<!-- \/wp:heading -->\r\n\r\n<!-- wp:list {\"translatedWithWPMLTM\":\"1\"} -->\r\n<ul><!-- wp:list-item {\"translatedWithWPMLTM\":\"1\"} -->&#13;\n<li><strong> Entrada General<\/strong>: Aproximadament 7\u20ac.<\/li>&#13;\n<!-- \/wp:list-item -->\r\n\r\n<!-- wp:list-item {\"translatedWithWPMLTM\":\"1\"} -->&#13;\n<li><strong>Entrada Redu\u00efda:<\/strong> 5 \u20ac (per a estudiants, jubilats, i altres col\u00b7lectius amb acreditaci\u00f3).<\/li>&#13;\n<!-- \/wp:list-item -->\r\n\r\n<!-- wp:list-item {\"translatedWithWPMLTM\":\"1\"} -->&#13;\n<li><strong> Entrada gratu\u00efta:<\/strong> menors de 16 anys, persones a l&#8217;atur, i el primer diumenge de cada mes d&#8217;octubre a juny.<\/li>&#13;\n<!-- \/wp:list-item --><\/ul>\r\n<!-- \/wp:list -->\r\n\r\n<!-- wp:paragraph {\"translatedWithWPMLTM\":\"1\"} -->&#13;\n<p>Hi ha visites guiades disponibles amb un petit cost addicional, aix\u00ed com descomptes per a grups.<\/p>&#13;\n<!-- \/wp:paragraph -->\r\n\r\n<!-- wp:paragraph {\"translatedWithWPMLTM\":\"1\"} -->&#13;\n<p>Pots obtenir m\u00e9s informaci\u00f3 a la <a href=\"https:\/\/patrimoni.gencat.cat\/es\/coleccion\/empuries\">web oficial de Gencat.<\/a><\/p>&#13;\n<!-- \/wp:paragraph -->\r\n\r\n<!-- wp:paragraph {\"translatedWithWPMLTM\":\"1\"} -->&#13;\n<p>\u00a0<\/p>&#13;\n<!-- \/wp:paragraph -->\r\n\r\n<!-- wp:paragraph {\"translatedWithWPMLTM\":\"1\"} -->&#13;\n<p>Imatge de: Mark Cartwright<\/p>&#13;\n<!-- \/wp:paragraph --><!-- \/wp:list-item --><li><strong>Temporada Mitja (15 de febrer &#8211; 31 de maig):<\/strong><br \/>\n<!-- wp:list {\"translatedWithWPMLTM\":\"1\"} -->\r\n<ul><!-- wp:list-item {\"translatedWithWPMLTM\":\"1\"} -->\r\n<li>Obert de dilluns a diumenge, de 10:00 a 18:00. <strong>Horaris especials de Setmana Santa:<\/strong> de 10h a 19h.<\/li>\r\n<\/ul>\r\n<\/li>\r\n<li><strong>Temporada Alta (1 de juny &#8211; 30 de setembre):<\/strong><!-- wp:list {\"translatedWithWPMLTM\":\"1\"} -->\r\n<ul><!-- wp:list-item {\"translatedWithWPMLTM\":\"1\"} -->&#13;\n<li>Obert de dilluns a diumenge, de 10 a 20h<\/li>&#13;\n<!-- \/wp:list-item --><\/ul>\r\n<!-- \/wp:list --><\/li>\r\n<!-- \/wp:list-item -->\r\n\r\n<!-- wp:list-item -->\r\n<li><strong>Temporada Media (1 de octubre &#8211; 14 de noviembre):<\/strong><!-- wp:list -->\r\n<ul><!-- wp:list-item -->\r\n<li>Obert de dilluns a diumenge, de 10.00 a 18.00<\/li>\r\n<!-- \/wp:list-item --><\/ul>\r\n<!-- \/wp:list --><\/li>\r\n<li><strong>Temporada Baja (15 de noviembre &#8211; 14 de febrero):<\/strong><!-- wp:list -->\r\n<ul><!-- wp:list-item -->\r\n<li>Obert de dilluns a diumenge, de 10.00 a 17.00.<\/li>\r\n<\/ul>\r\n<\/li>\r\n<!-- \/wp:list-item --><\/ul>\r\n<!-- \/wp:list -->\r\n\r\n<!-- wp:paragraph -->\r\n<p>El \u00faltimo acceso se permite 30 minutos antes del cierre. Es recomendable confirmar los horarios antes de la visita en su p\u00e1gina web oficial, ya que pueden variar seg\u00fan festividades.<\/p>\r\n<!-- \/wp:paragraph -->\r\n\r\n<!-- wp:heading {\"level\":3} -->\r\n<h3 class=\"wp-block-heading\">Precios de entradas a las Ruinas de Emp\u00faries<\/h3>\r\n<!-- \/wp:heading -->\r\n\r\n<!-- wp:list -->\r\n<ul><!-- wp:list-item -->\r\n<li><strong> Entrada General<\/strong>: Aproximadament 7\u20ac.<\/li>\r\n<!-- \/wp:list-item -->\r\n\r\n<!-- wp:list-item -->\r\n<li><strong>Entrada Redu\u00efda:<\/strong> 5 \u20ac (per a estudiants, jubilats, i altres col\u00b7lectius amb acreditaci\u00f3).<\/li>\r\n<!-- \/wp:list-item -->\r\n\r\n<!-- wp:list-item -->\r\n<li><strong> Entrada gratu\u00efta:<\/strong> menors de 16 anys, persones a l&#8217;atur, i el primer diumenge de cada mes d&#8217;octubre a juny.<\/li>\r\n<!-- \/wp:list-item --><\/ul>\r\n<!-- \/wp:list -->\r\n\r\n<!-- wp:paragraph -->\r\n<p>Existen visitas guiadas disponibles con un peque\u00f1o coste adicional, as\u00ed como descuentos para grupos.<\/p>\r\n<!-- \/wp:paragraph -->\r\n\r\n<!-- wp:paragraph -->\r\n<p>Puedes obtener m\u00e1s informaci\u00f3n en la <a href=\"https:\/\/patrimoni.gencat.cat\/es\/coleccion\/empuries\">web oficial de Gencat<\/a>.<\/p>\r\n<!-- \/wp:paragraph -->\r\n\r\n<!-- wp:paragraph -->\r\n<p>&nbsp;<\/p>\r\n<!-- \/wp:paragraph -->\r\n\r\n<!-- wp:paragraph -->\r\n<p>Imagen de: Mark Cartwright<\/p>\r\n<!-- \/wp:paragraph --><!-- \/wp:list --><ul>\n<!-- wp:list-item {\"translatedWithWPMLTM\":\"1\"} -->&#13;\n<li><strong>Temporada Mitja (15 de febrer &#8211; 31 de maig):<\/strong><!-- wp:list -->\n<ul><!-- wp:list-item -->\n<li>Obert de dilluns a diumenge, de 10:00 a 18:00. <strong>Horaris especials de Setmana Santa:<\/strong> de 10h a 19h.<\/li>\n<\/ul>\n<\/li>&#13;\n<li><strong>Temporada Alta (1 de juny &#8211; 30 de setembre):<\/strong><!-- wp:list -->\n<ul><!-- wp:list-item -->\n<li>Obert de dilluns a diumenge, de 10 a 20h<\/li>\n<!-- \/wp:list-item --><\/ul>\n<!-- \/wp:list --><\/li>&#13;\n<!-- \/wp:list-item -->&#13;\n&#13;\n<!-- wp:list-item -->&#13;\n<li><strong>Temporada Mitja (1 d&#8217; octubre &#8211; 14 de novembre):<\/strong><!-- wp:list -->\n<ul><!-- wp:list-item -->\n<li>Obert de dilluns a diumenge, de 10.00 a 18.00<\/li>\n<!-- \/wp:list-item --><\/ul>\n<!-- \/wp:list --><\/li>&#13;\n<li><strong>Temporada Baixa (15 de novembre &#8211; 14 de febrer):<\/strong><!-- wp:list -->\n<ul><!-- wp:list-item -->\n<li>Obert de dilluns a diumenge, de 10.00 a 17.00.<\/li>\n<\/ul>\n<\/li>&#13;\n<!-- \/wp:list-item -->&#13;\n<!-- \/wp:list -->&#13;\n&#13;\n<!-- wp:paragraph -->&#13;\n<p>El \u00faltimo acceso se permite 30 minutos antes del cierre. Es recomendable confirmar los horarios antes de la visita en su p\u00e1gina web oficial, ya que pueden variar seg\u00fan festividades.<\/p>&#13;\n<!-- \/wp:paragraph -->&#13;\n&#13;\n<!-- wp:heading {\"level\":3} -->&#13;\n<h3 class=\"wp-block-heading\">Precios de entradas a las Ruinas de Emp\u00faries<\/h3>&#13;\n<!-- \/wp:heading -->&#13;\n&#13;\n<!-- wp:list -->&#13;\n<ul><!-- wp:list-item -->&#13;\n<li><strong> Entrada General<\/strong>: Aproximadament 7\u20ac.<\/li>&#13;\n<!-- \/wp:list-item -->&#13;\n&#13;\n<!-- wp:list-item -->&#13;\n<li><strong>Entrada Redu\u00efda:<\/strong> 5 \u20ac (per a estudiants, jubilats, i altres col\u00b7lectius amb acreditaci\u00f3).<\/li>&#13;\n<!-- \/wp:list-item -->&#13;\n&#13;\n<!-- wp:list-item -->&#13;\n<li><strong> Entrada gratu\u00efta:<\/strong> menors de 16 anys, persones a l&#8217;atur, i el primer diumenge de cada mes d&#8217;octubre a juny.<\/li>&#13;\n<!-- \/wp:list-item --><\/ul>&#13;\n<!-- \/wp:list -->&#13;\n&#13;\n<!-- wp:paragraph -->&#13;\n<p>Existen visitas guiadas disponibles con un peque\u00f1o coste adicional, as\u00ed como descuentos para grupos.<\/p>&#13;\n<!-- \/wp:paragraph -->&#13;\n&#13;\n<!-- wp:paragraph -->&#13;\n<p>Puedes obtener m\u00e1s informaci\u00f3n en la <a href=\"https:\/\/patrimoni.gencat.cat\/es\/coleccion\/empuries\">web oficial de Gencat<\/a>.<\/p>&#13;\n<!-- \/wp:paragraph -->&#13;\n&#13;\n<!-- wp:paragraph -->&#13;\n<p>\u00a0<\/p>&#13;\n<!-- \/wp:paragraph -->&#13;\n&#13;\n<!-- wp:paragraph -->&#13;\n<p>Imagen de: Mark Cartwright<\/p>&#13;\n<!-- \/wp:paragraph --><!-- \/wp:list-item --><!-- wp:list {\"translatedWithWPMLTM\":\"1\"} -->&#13;\n<ul><!-- wp:list-item -->&#13;\n<li><strong>Temporada Mitja (15 de febrer &#8211; 31 de maig):<\/strong><!-- wp:list -->\n\n<ul><!-- wp:list-item -->&#13;\n<li>Obert de dilluns a diumenge, de 10:00 a 18:00. <strong>Horaris especials de Setmana Santa:<\/strong> de 10h a 19h.<\/li>&#13;\n<\/ul><\/li>&#13;\n<li><strong>Temporada Alta (1 de juny &#8211; 30 de setembre):<\/strong><!-- wp:list -->\n\n<!-- \/wp:list --><ul><!-- wp:list-item -->&#13;\n<li>Obert de dilluns a diumenge, de 10 a 20h<\/li>&#13;\n<!-- \/wp:list-item --><\/ul><\/li>&#13;\n<!-- \/wp:list-item -->&#13;\n&#13;\n<!-- wp:list-item -->&#13;\n<li><strong>Temporada Mitja (1 d&#8217; octubre &#8211; 14 de novembre):<\/strong><!-- wp:list -->\n\n<!-- \/wp:list --><ul><!-- wp:list-item -->&#13;\n<li>Obert de dilluns a diumenge, de 10.00 a 18.00<\/li>&#13;\n<!-- \/wp:list-item --><\/ul><\/li>&#13;\n<li><strong>Temporada Baixa (15 de novembre &#8211; 14 de febrer):<\/strong><!-- wp:list -->\n\n<ul><!-- wp:list-item -->&#13;\n<li>Obert de dilluns a diumenge, de 10.00 a 17.00.<\/li>&#13;\n<\/ul><\/li>&#13;\n<!-- \/wp:list-item --><\/ul>&#13;\n<!-- \/wp:list -->&#13;\n&#13;\n<!-- wp:paragraph -->&#13;\n<p>El \u00faltimo acceso se permite 30 minutos antes del cierre. Es recomendable confirmar los horarios antes de la visita en su p\u00e1gina web oficial, ya que pueden variar seg\u00fan festividades.<\/p>&#13;\n<!-- \/wp:paragraph -->&#13;\n&#13;\n<!-- wp:heading {\"level\":3} -->&#13;\n<h3 class=\"wp-block-heading\">Precios de entradas a las Ruinas de Emp\u00faries<\/h3>&#13;\n<!-- \/wp:heading -->&#13;\n&#13;\n<!-- wp:list -->&#13;\n<ul><!-- wp:list-item -->&#13;\n<li><strong> Entrada General<\/strong>: Aproximadament 7\u20ac.<\/li>&#13;\n<!-- \/wp:list-item -->&#13;\n&#13;\n<!-- wp:list-item -->&#13;\n<li><strong>Entrada Redu\u00efda:<\/strong> 5 \u20ac (per a estudiants, jubilats, i altres col\u00b7lectius amb acreditaci\u00f3).<\/li>&#13;\n<!-- \/wp:list-item -->&#13;\n&#13;\n<!-- wp:list-item -->&#13;\n<li><strong> Entrada gratu\u00efta:<\/strong> menors de 16 anys, persones a l&#8217;atur, i el primer diumenge de cada mes d&#8217;octubre a juny.<\/li>&#13;\n<!-- \/wp:list-item --><\/ul>&#13;\n<!-- \/wp:list -->&#13;\n&#13;\n<!-- wp:paragraph -->&#13;\n<p>Existen visitas guiadas disponibles con un peque\u00f1o coste adicional, as\u00ed como descuentos para grupos.<\/p>&#13;\n<!-- \/wp:paragraph -->&#13;\n&#13;\n<!-- wp:paragraph -->&#13;\n<p>Puedes obtener m\u00e1s informaci\u00f3n en la <a href=\"https:\/\/patrimoni.gencat.cat\/es\/coleccion\/empuries\">web oficial de Gencat<\/a>.<\/p>&#13;\n<!-- \/wp:paragraph -->&#13;\n&#13;\n<!-- wp:paragraph -->&#13;\n<p>\u00a0<\/p>&#13;\n<!-- \/wp:paragraph -->&#13;\n&#13;\n<!-- wp:paragraph -->&#13;\n<p>Imagen de: Mark Cartwright<\/p>&#13;\n<!-- \/wp:paragraph --><!-- \/wp:list --><!-- \/wp:post-content -->","protected":false},"excerpt":{"rendered":"<p>&#13; Temporada Mitja (15 de febrer &#8211; 31 de maig): &#13; Obert de dilluns a diumenge, de 10:00 a 18:00. Horaris especials de Setmana Santa: de 10h a 19h. &#13; &#13; Temporada Alta (1 de juny &#8211; 30 de setembre):  [&#8230;]<\/p>\n","protected":false},"author":1,"featured_media":26349,"comment_status":"closed","ping_status":"closed","sticky":false,"template":"","format":"standard","meta":{"footnotes":""},"categories":[439],"tags":[532,391,508,505,540],"class_list":["post-31504","post","type-post","status-publish","format-standard","has-post-thumbnail","hentry","category-imprescindibles","tag-costa-brava-ca","tag-ruinas-empuriasruinas-empuries","tag-sa-gavina-ca","tag-turisme-de-proximitat","tag-visites-guiades-ca"],"yoast_head":"<!-- This site is optimized with the Yoast SEO plugin v27.1.1 - https:\/\/yoast.com\/product\/yoast-seo-wordpress\/ -->\n<title>Ru\u00efnes d&#039;Emp\u00faries: Guia completa per visitar-les el 2025 | Apartaments a l&#039;Estartit<\/title>\n<meta name=\"description\" content=\"Descobriu les Ru\u00efnes d&#039;Emp\u00faries, l&#039;\u00fanic jaciment arqueol\u00f2gic d&#039;Espanya on van conviure grecs i romans.\" \/>\n<meta name=\"robots\" content=\"index, follow, max-snippet:-1, max-image-preview:large, max-video-preview:-1\" \/>\n<link rel=\"canonical\" href=\"https:\/\/sagavinaestartit.com\/ca\/ruines-dempuries-guia-completa-per-visitar-les-el-2025\/\" \/>\n<meta property=\"og:locale\" content=\"ca_ES\" \/>\n<meta property=\"og:type\" content=\"article\" \/>\n<meta property=\"og:title\" content=\"Ru\u00efnes d&#039;Emp\u00faries: Guia completa per visitar-les el 2025 | Apartaments a l&#039;Estartit\" \/>\n<meta property=\"og:description\" content=\"Descobriu les Ru\u00efnes d&#039;Emp\u00faries, l&#039;\u00fanic jaciment arqueol\u00f2gic d&#039;Espanya on van conviure grecs i romans.\" \/>\n<meta property=\"og:url\" content=\"https:\/\/sagavinaestartit.com\/ca\/ruines-dempuries-guia-completa-per-visitar-les-el-2025\/\" \/>\n<meta property=\"og:site_name\" content=\"Apartaments a l&#039;Estartit\" \/>\n<meta property=\"article:published_time\" content=\"2024-08-27T12:41:54+00:00\" \/>\n<meta property=\"article:modified_time\" content=\"2025-03-31T14:51:16+00:00\" \/>\n<meta property=\"og:image\" content=\"https:\/\/sagavinaestartit.com\/wp-content\/uploads\/2024\/08\/empuries.jpg\" \/>\n\t<meta property=\"og:image:width\" content=\"1000\" \/>\n\t<meta property=\"og:image:height\" content=\"662\" \/>\n\t<meta property=\"og:image:type\" content=\"image\/jpeg\" \/>\n<meta name=\"author\" content=\"tecnico_alojapro\" \/>\n<meta name=\"twitter:card\" content=\"summary_large_image\" \/>\n<meta name=\"twitter:label1\" content=\"Escrit per\" \/>\n\t<meta name=\"twitter:data1\" content=\"tecnico_alojapro\" \/>\n\t<meta name=\"twitter:label2\" content=\"Temps estimat de lectura\" \/>\n\t<meta name=\"twitter:data2\" content=\"6 minuts\" \/>\n<script type=\"application\/ld+json\" class=\"yoast-schema-graph\">{\"@context\":\"https:\/\/schema.org\",\"@graph\":[{\"@type\":\"Article\",\"@id\":\"https:\/\/sagavinaestartit.com\/ca\/ruines-dempuries-guia-completa-per-visitar-les-el-2025\/#article\",\"isPartOf\":{\"@id\":\"https:\/\/sagavinaestartit.com\/ca\/ruines-dempuries-guia-completa-per-visitar-les-el-2025\/\"},\"author\":{\"name\":\"tecnico_alojapro\",\"@id\":\"https:\/\/sagavinaestartit.com\/ca\/#\/schema\/person\/72b3f9a420869474351007377bde83c0\"},\"headline\":\"Ru\u00efnes d&#8217;Emp\u00faries: Guia completa per visitar-les el 2025\",\"datePublished\":\"2024-08-27T12:41:54+00:00\",\"dateModified\":\"2025-03-31T14:51:16+00:00\",\"mainEntityOfPage\":{\"@id\":\"https:\/\/sagavinaestartit.com\/ca\/ruines-dempuries-guia-completa-per-visitar-les-el-2025\/\"},\"wordCount\":1348,\"publisher\":{\"@id\":\"https:\/\/sagavinaestartit.com\/ca\/#organization\"},\"image\":{\"@id\":\"https:\/\/sagavinaestartit.com\/ca\/ruines-dempuries-guia-completa-per-visitar-les-el-2025\/#primaryimage\"},\"thumbnailUrl\":\"https:\/\/sagavinaestartit.com\/wp-content\/uploads\/2024\/08\/empuries.jpg\",\"keywords\":[\"Costa Brava\",\"ruinas empurias|ruinas empuries\",\"Sa gavina\",\"turisme de proximitat\",\"visites guiades\"],\"articleSection\":[\"Imprescindibles\"],\"inLanguage\":\"ca\"},{\"@type\":\"WebPage\",\"@id\":\"https:\/\/sagavinaestartit.com\/ca\/ruines-dempuries-guia-completa-per-visitar-les-el-2025\/\",\"url\":\"https:\/\/sagavinaestartit.com\/ca\/ruines-dempuries-guia-completa-per-visitar-les-el-2025\/\",\"name\":\"Ru\u00efnes d'Emp\u00faries: Guia completa per visitar-les el 2025 | Apartaments a l'Estartit\",\"isPartOf\":{\"@id\":\"https:\/\/sagavinaestartit.com\/ca\/#website\"},\"primaryImageOfPage\":{\"@id\":\"https:\/\/sagavinaestartit.com\/ca\/ruines-dempuries-guia-completa-per-visitar-les-el-2025\/#primaryimage\"},\"image\":{\"@id\":\"https:\/\/sagavinaestartit.com\/ca\/ruines-dempuries-guia-completa-per-visitar-les-el-2025\/#primaryimage\"},\"thumbnailUrl\":\"https:\/\/sagavinaestartit.com\/wp-content\/uploads\/2024\/08\/empuries.jpg\",\"datePublished\":\"2024-08-27T12:41:54+00:00\",\"dateModified\":\"2025-03-31T14:51:16+00:00\",\"description\":\"Descobriu les Ru\u00efnes d'Emp\u00faries, l'\u00fanic jaciment arqueol\u00f2gic d'Espanya on van conviure grecs i romans.\",\"breadcrumb\":{\"@id\":\"https:\/\/sagavinaestartit.com\/ca\/ruines-dempuries-guia-completa-per-visitar-les-el-2025\/#breadcrumb\"},\"inLanguage\":\"ca\",\"potentialAction\":[{\"@type\":\"ReadAction\",\"target\":[\"https:\/\/sagavinaestartit.com\/ca\/ruines-dempuries-guia-completa-per-visitar-les-el-2025\/\"]}]},{\"@type\":\"ImageObject\",\"inLanguage\":\"ca\",\"@id\":\"https:\/\/sagavinaestartit.com\/ca\/ruines-dempuries-guia-completa-per-visitar-les-el-2025\/#primaryimage\",\"url\":\"https:\/\/sagavinaestartit.com\/wp-content\/uploads\/2024\/08\/empuries.jpg\",\"contentUrl\":\"https:\/\/sagavinaestartit.com\/wp-content\/uploads\/2024\/08\/empuries.jpg\",\"width\":1000,\"height\":662,\"caption\":\"empuries\"},{\"@type\":\"BreadcrumbList\",\"@id\":\"https:\/\/sagavinaestartit.com\/ca\/ruines-dempuries-guia-completa-per-visitar-les-el-2025\/#breadcrumb\",\"itemListElement\":[{\"@type\":\"ListItem\",\"position\":1,\"name\":\"Portada\",\"item\":\"https:\/\/sagavinaestartit.com\/ca\/home\/\"},{\"@type\":\"ListItem\",\"position\":2,\"name\":\"Ru\u00efnes d&#8217;Emp\u00faries: Guia completa per visitar-les el 2025\"}]},{\"@type\":\"WebSite\",\"@id\":\"https:\/\/sagavinaestartit.com\/ca\/#website\",\"url\":\"https:\/\/sagavinaestartit.com\/ca\/\",\"name\":\"Sa Gavina Apartaments\",\"description\":\"Sa Gavina Apartaments\",\"publisher\":{\"@id\":\"https:\/\/sagavinaestartit.com\/ca\/#organization\"},\"potentialAction\":[{\"@type\":\"SearchAction\",\"target\":{\"@type\":\"EntryPoint\",\"urlTemplate\":\"https:\/\/sagavinaestartit.com\/ca\/?s={search_term_string}\"},\"query-input\":{\"@type\":\"PropertyValueSpecification\",\"valueRequired\":true,\"valueName\":\"search_term_string\"}}],\"inLanguage\":\"ca\"},{\"@type\":\"Organization\",\"@id\":\"https:\/\/sagavinaestartit.com\/ca\/#organization\",\"name\":\"Sa Gavina Apartaments\",\"url\":\"https:\/\/sagavinaestartit.com\/ca\/\",\"logo\":{\"@type\":\"ImageObject\",\"inLanguage\":\"ca\",\"@id\":\"https:\/\/sagavinaestartit.com\/ca\/#\/schema\/logo\/image\/\",\"url\":\"https:\/\/sagavinaestartit.com\/wp-content\/uploads\/2024\/12\/3-1.png\",\"contentUrl\":\"https:\/\/sagavinaestartit.com\/wp-content\/uploads\/2024\/12\/3-1.png\",\"width\":500,\"height\":200,\"caption\":\"Sa Gavina Apartaments\"},\"image\":{\"@id\":\"https:\/\/sagavinaestartit.com\/ca\/#\/schema\/logo\/image\/\"}},{\"@type\":\"Person\",\"@id\":\"https:\/\/sagavinaestartit.com\/ca\/#\/schema\/person\/72b3f9a420869474351007377bde83c0\",\"name\":\"tecnico_alojapro\",\"sameAs\":[\"https:\/\/sagavinaestartit.com\"]}]}<\/script>\n<!-- \/ Yoast SEO plugin. -->","yoast_head_json":{"title":"Ru\u00efnes d'Emp\u00faries: Guia completa per visitar-les el 2025 | Apartaments a l'Estartit","description":"Descobriu les Ru\u00efnes d'Emp\u00faries, l'\u00fanic jaciment arqueol\u00f2gic d'Espanya on van conviure grecs i romans.","robots":{"index":"index","follow":"follow","max-snippet":"max-snippet:-1","max-image-preview":"max-image-preview:large","max-video-preview":"max-video-preview:-1"},"canonical":"https:\/\/sagavinaestartit.com\/ca\/ruines-dempuries-guia-completa-per-visitar-les-el-2025\/","og_locale":"ca_ES","og_type":"article","og_title":"Ru\u00efnes d'Emp\u00faries: Guia completa per visitar-les el 2025 | Apartaments a l'Estartit","og_description":"Descobriu les Ru\u00efnes d'Emp\u00faries, l'\u00fanic jaciment arqueol\u00f2gic d'Espanya on van conviure grecs i romans.","og_url":"https:\/\/sagavinaestartit.com\/ca\/ruines-dempuries-guia-completa-per-visitar-les-el-2025\/","og_site_name":"Apartaments a l'Estartit","article_published_time":"2024-08-27T12:41:54+00:00","article_modified_time":"2025-03-31T14:51:16+00:00","og_image":[{"width":1000,"height":662,"url":"https:\/\/sagavinaestartit.com\/wp-content\/uploads\/2024\/08\/empuries.jpg","type":"image\/jpeg"}],"author":"tecnico_alojapro","twitter_card":"summary_large_image","twitter_misc":{"Escrit per":"tecnico_alojapro","Temps estimat de lectura":"6 minuts"},"schema":{"@context":"https:\/\/schema.org","@graph":[{"@type":"Article","@id":"https:\/\/sagavinaestartit.com\/ca\/ruines-dempuries-guia-completa-per-visitar-les-el-2025\/#article","isPartOf":{"@id":"https:\/\/sagavinaestartit.com\/ca\/ruines-dempuries-guia-completa-per-visitar-les-el-2025\/"},"author":{"name":"tecnico_alojapro","@id":"https:\/\/sagavinaestartit.com\/ca\/#\/schema\/person\/72b3f9a420869474351007377bde83c0"},"headline":"Ru\u00efnes d&#8217;Emp\u00faries: Guia completa per visitar-les el 2025","datePublished":"2024-08-27T12:41:54+00:00","dateModified":"2025-03-31T14:51:16+00:00","mainEntityOfPage":{"@id":"https:\/\/sagavinaestartit.com\/ca\/ruines-dempuries-guia-completa-per-visitar-les-el-2025\/"},"wordCount":1348,"publisher":{"@id":"https:\/\/sagavinaestartit.com\/ca\/#organization"},"image":{"@id":"https:\/\/sagavinaestartit.com\/ca\/ruines-dempuries-guia-completa-per-visitar-les-el-2025\/#primaryimage"},"thumbnailUrl":"https:\/\/sagavinaestartit.com\/wp-content\/uploads\/2024\/08\/empuries.jpg","keywords":["Costa Brava","ruinas empurias|ruinas empuries","Sa gavina","turisme de proximitat","visites guiades"],"articleSection":["Imprescindibles"],"inLanguage":"ca"},{"@type":"WebPage","@id":"https:\/\/sagavinaestartit.com\/ca\/ruines-dempuries-guia-completa-per-visitar-les-el-2025\/","url":"https:\/\/sagavinaestartit.com\/ca\/ruines-dempuries-guia-completa-per-visitar-les-el-2025\/","name":"Ru\u00efnes d'Emp\u00faries: Guia completa per visitar-les el 2025 | Apartaments a l'Estartit","isPartOf":{"@id":"https:\/\/sagavinaestartit.com\/ca\/#website"},"primaryImageOfPage":{"@id":"https:\/\/sagavinaestartit.com\/ca\/ruines-dempuries-guia-completa-per-visitar-les-el-2025\/#primaryimage"},"image":{"@id":"https:\/\/sagavinaestartit.com\/ca\/ruines-dempuries-guia-completa-per-visitar-les-el-2025\/#primaryimage"},"thumbnailUrl":"https:\/\/sagavinaestartit.com\/wp-content\/uploads\/2024\/08\/empuries.jpg","datePublished":"2024-08-27T12:41:54+00:00","dateModified":"2025-03-31T14:51:16+00:00","description":"Descobriu les Ru\u00efnes d'Emp\u00faries, l'\u00fanic jaciment arqueol\u00f2gic d'Espanya on van conviure grecs i romans.","breadcrumb":{"@id":"https:\/\/sagavinaestartit.com\/ca\/ruines-dempuries-guia-completa-per-visitar-les-el-2025\/#breadcrumb"},"inLanguage":"ca","potentialAction":[{"@type":"ReadAction","target":["https:\/\/sagavinaestartit.com\/ca\/ruines-dempuries-guia-completa-per-visitar-les-el-2025\/"]}]},{"@type":"ImageObject","inLanguage":"ca","@id":"https:\/\/sagavinaestartit.com\/ca\/ruines-dempuries-guia-completa-per-visitar-les-el-2025\/#primaryimage","url":"https:\/\/sagavinaestartit.com\/wp-content\/uploads\/2024\/08\/empuries.jpg","contentUrl":"https:\/\/sagavinaestartit.com\/wp-content\/uploads\/2024\/08\/empuries.jpg","width":1000,"height":662,"caption":"empuries"},{"@type":"BreadcrumbList","@id":"https:\/\/sagavinaestartit.com\/ca\/ruines-dempuries-guia-completa-per-visitar-les-el-2025\/#breadcrumb","itemListElement":[{"@type":"ListItem","position":1,"name":"Portada","item":"https:\/\/sagavinaestartit.com\/ca\/home\/"},{"@type":"ListItem","position":2,"name":"Ru\u00efnes d&#8217;Emp\u00faries: Guia completa per visitar-les el 2025"}]},{"@type":"WebSite","@id":"https:\/\/sagavinaestartit.com\/ca\/#website","url":"https:\/\/sagavinaestartit.com\/ca\/","name":"Sa Gavina Apartaments","description":"Sa Gavina Apartaments","publisher":{"@id":"https:\/\/sagavinaestartit.com\/ca\/#organization"},"potentialAction":[{"@type":"SearchAction","target":{"@type":"EntryPoint","urlTemplate":"https:\/\/sagavinaestartit.com\/ca\/?s={search_term_string}"},"query-input":{"@type":"PropertyValueSpecification","valueRequired":true,"valueName":"search_term_string"}}],"inLanguage":"ca"},{"@type":"Organization","@id":"https:\/\/sagavinaestartit.com\/ca\/#organization","name":"Sa Gavina Apartaments","url":"https:\/\/sagavinaestartit.com\/ca\/","logo":{"@type":"ImageObject","inLanguage":"ca","@id":"https:\/\/sagavinaestartit.com\/ca\/#\/schema\/logo\/image\/","url":"https:\/\/sagavinaestartit.com\/wp-content\/uploads\/2024\/12\/3-1.png","contentUrl":"https:\/\/sagavinaestartit.com\/wp-content\/uploads\/2024\/12\/3-1.png","width":500,"height":200,"caption":"Sa Gavina Apartaments"},"image":{"@id":"https:\/\/sagavinaestartit.com\/ca\/#\/schema\/logo\/image\/"}},{"@type":"Person","@id":"https:\/\/sagavinaestartit.com\/ca\/#\/schema\/person\/72b3f9a420869474351007377bde83c0","name":"tecnico_alojapro","sameAs":["https:\/\/sagavinaestartit.com"]}]}},"_links":{"self":[{"href":"https:\/\/sagavinaestartit.com\/ca\/wp-json\/wp\/v2\/posts\/31504","targetHints":{"allow":["GET"]}}],"collection":[{"href":"https:\/\/sagavinaestartit.com\/ca\/wp-json\/wp\/v2\/posts"}],"about":[{"href":"https:\/\/sagavinaestartit.com\/ca\/wp-json\/wp\/v2\/types\/post"}],"author":[{"embeddable":true,"href":"https:\/\/sagavinaestartit.com\/ca\/wp-json\/wp\/v2\/users\/1"}],"replies":[{"embeddable":true,"href":"https:\/\/sagavinaestartit.com\/ca\/wp-json\/wp\/v2\/comments?post=31504"}],"version-history":[{"count":0,"href":"https:\/\/sagavinaestartit.com\/ca\/wp-json\/wp\/v2\/posts\/31504\/revisions"}],"wp:featuredmedia":[{"embeddable":true,"href":"https:\/\/sagavinaestartit.com\/ca\/wp-json\/wp\/v2\/media\/26349"}],"wp:attachment":[{"href":"https:\/\/sagavinaestartit.com\/ca\/wp-json\/wp\/v2\/media?parent=31504"}],"wp:term":[{"taxonomy":"category","embeddable":true,"href":"https:\/\/sagavinaestartit.com\/ca\/wp-json\/wp\/v2\/categories?post=31504"},{"taxonomy":"post_tag","embeddable":true,"href":"https:\/\/sagavinaestartit.com\/ca\/wp-json\/wp\/v2\/tags?post=31504"}],"curies":[{"name":"wp","href":"https:\/\/api.w.org\/{rel}","templated":true}]}}