{"id":28794,"date":"2023-05-25T13:06:22","date_gmt":"2023-05-25T11:06:22","guid":{"rendered":"https:\/\/sagavinaestartit.com\/2023\/05\/25\/visca-la-magia-la-11a-edicio-de-la-fira-de-magia-fimag-a-lestartit\/"},"modified":"2023-05-25T13:06:22","modified_gmt":"2023-05-25T11:06:22","slug":"visca-la-magia-la-11a-edicio-de-la-fira-de-magia-fimag-a-lestartit","status":"publish","type":"post","link":"https:\/\/sagavinaestartit.com\/ca\/visca-la-magia-la-11a-edicio-de-la-fira-de-magia-fimag-a-lestartit\/","title":{"rendered":"Visca la m\u00e0gia, la 11a edici\u00f3 de la Fira de M\u00e0gia FIMAG a l&#8217;Estartit!"},"content":{"rendered":"<p><span style=\"font-weight: 400;\">La 11a edici\u00f3 de la <a href=\"https:\/\/www.fimag.cat\/programacio\/\"><strong>Fira de M\u00e0gia FIMAG<\/strong><\/a> est\u00e0 a punt d&#8217;arribar a <strong>Torroella de Montgr\u00ed<\/strong>. Des dels <strong>Apartaments Sa Gavina Gaud\u00ed<\/strong> de l&#8217;Estartit us convidem a descobrir la m\u00e0gia en un esdeveniment \u00fanic. Apte per a totes les edats, \u00e9s ideal per gaudir en fam\u00edlia i amb amics.<\/span><\/p>\n<p><span style=\"font-weight: 400;\">El cap de setmana del 2 al 4 de juny us espera un cap de setmana ple de rialles i sorpresa amb les actuacions d&#8217;una gran varietat d&#8217;artistes i mags.<\/span><\/p>\n<h2><b>Descobriu els destacats artistes que formaran part d&#8217;aquest esdeveniment \u00fanic a l&#8217;Estartit<\/b><\/h2>\n<p><span style=\"font-weight: 400;\">Coneixeu el programa de la fira, que inclou una gran varietat d&#8217;actuacions i espectacles que se celebraran en diferents ubicacions de Torroella de Montgr\u00ed. Us presentem alguns dels artistes destacats:<\/span><\/p>\n<h3><b>MAGINN\u00c0RIUM &#8211; Pau Segal\u00e9s <\/b><\/h3>\n<p><span style=\"font-weight: 400;\">El dissabte 3 i el diumenge 4 de juny us espera <\/span><b>Pau Segal\u00e9s<\/b><span style=\"font-weight: 400;\"> a la Pla\u00e7a Ernest Lluch. Des de les <\/span><b>16:30 fins a les 19:00<\/b><span style=\"font-weight: 400;\">, en espectacles de <\/span><b>mitja hora de durada<\/b><span style=\"font-weight: 400;\">, viureu una experi\u00e8ncia <\/span><span style=\"font-weight: 400;\">\u00fanica<\/span><span style=\"font-weight: 400;\"> i excepcional endinsant-vos en un m\u00f3n m\u00e0gic.<\/span><br \/>\n<span style=\"font-weight: 400;\">A <\/span><b>Maginn\u00e0rium<\/b><span style=\"font-weight: 400;\">, una <\/span><b>caravana<\/b><span style=\"font-weight: 400;\"> convertida en teatre amb capacitat per a <\/span><b>16 persones<\/b><span style=\"font-weight: 400;\">, gaudireu d&#8217;un entreteniment \u00fanic: poesia visual, m\u00e0gia, m\u00fasica en directe i surrealisme.<\/span><\/p>\n<h3><b>DESCABELLADO &#8211; Jandro<\/b><\/h3>\n<p><span style=\"font-weight: 400;\">El diumenge <\/span><b>4 de juny<\/b><span style=\"font-weight: 400;\"> a les <\/span><b>17:30<\/b><span style=\"font-weight: 400;\"> desafieu la l\u00f2gica amb Jandro! A Descabellado viureu un espectacle ple d&#8217;humor <\/span><b>a l&#8217;Auditori Espai Ter.<\/b><span style=\"font-weight: 400;\"> Suma&#8217;t a un viatge m\u00e0gic i c\u00f2mic en una actuaci\u00f3 ideal per gaudir en fam\u00edlia, la desconcert i les rialles estan garantides.<\/span><\/p>\n<h3><b>EL MENTALISTA \u2013 Javier Bot\u00eda<\/b><\/h3>\n<p><span style=\"font-weight: 400;\">Prepareu-vos per a una funci\u00f3 fascinant i participativa amb EL MENTALISTA de Javier Bot\u00eda! El dissabte 3 i el diumenge 4 de juny presenciareu a l&#8217;<\/span><b>Auditori La Tina<\/b><span style=\"font-weight: 400;\"> una actuaci\u00f3 especial que combina el stand-up comedy amb el mentalisme m\u00e9s sorprenent.<\/span><\/p>\n<p><span style=\"font-weight: 400;\">Horaris:<\/span><\/p>\n<ul>\n<li>Dissabte: 11:45h, 13:00h, 17:30h i 19:30h<\/li>\n<li>Diumenge: 11:45h, 13:00h, 16:30h i 18:30h<\/li>\n<\/ul>\n<p>Coneixeu <a href=\"https:\/\/www.fimag.cat\/programacio\/\">aqu\u00ed<\/a> la programaci\u00f3 completa de la fira.<\/p>\n<p><span style=\"font-weight: 400;\">La Fira de M\u00e0gia FIMAG a l&#8217;Estartit us brindar\u00e0 moments m\u00e0gics i experi\u00e8ncies inoblidables. No espereu m\u00e9s i reserveu les vostres entrades per endinsar-vos en aquest fascinant esdeveniment! Gaudiu de la vostra estada als <a href=\"https:\/\/sagavinaestartit.com\/\"><strong>Apartaments Sa Gavina Gaud\u00ed<\/strong><\/a> de l&#8217;Estartit i deixeu-vos portar per la m\u00e0gia de Torroella de Montgr\u00ed.<\/span><\/p>\n","protected":false},"excerpt":{"rendered":"<p>La 11a edici\u00f3 de la Fira de M\u00e0gia FIMAG est\u00e0 a punt d&#8217;arribar a Torroella de Montgr\u00ed. Des dels Apartaments Sa Gavina Gaud\u00ed de l&#8217;Estartit us convidem a descobrir la m\u00e0gia en un esdeveniment \u00fanic. Apte per a totes les  [&#8230;]<\/p>\n","protected":false},"author":1,"featured_media":20746,"comment_status":"open","ping_status":"open","sticky":false,"template":"","format":"standard","meta":{"footnotes":""},"categories":[119],"tags":[],"class_list":["post-28794","post","type-post","status-publish","format-standard","has-post-thumbnail","hentry","category-novetats"],"yoast_head":"<!-- This site is optimized with the Yoast SEO plugin v27.1.1 - https:\/\/yoast.com\/product\/yoast-seo-wordpress\/ -->\n<title>Visca la m\u00e0gia, la 11a edici\u00f3 de la Fira de M\u00e0gia FIMAG a l&#039;Estartit! | Apartaments a l&#039;Estartit<\/title>\n<meta name=\"robots\" content=\"index, follow, max-snippet:-1, max-image-preview:large, max-video-preview:-1\" \/>\n<link rel=\"canonical\" href=\"https:\/\/sagavinaestartit.com\/ca\/visca-la-magia-la-11a-edicio-de-la-fira-de-magia-fimag-a-lestartit\/\" \/>\n<meta property=\"og:locale\" content=\"ca_ES\" \/>\n<meta property=\"og:type\" content=\"article\" \/>\n<meta property=\"og:title\" content=\"Visca la m\u00e0gia, la 11a edici\u00f3 de la Fira de M\u00e0gia FIMAG a l&#039;Estartit! | Apartaments a l&#039;Estartit\" \/>\n<meta property=\"og:description\" content=\"La 11a edici\u00f3 de la Fira de M\u00e0gia FIMAG est\u00e0 a punt d&#8217;arribar a Torroella de Montgr\u00ed. Des dels Apartaments Sa Gavina Gaud\u00ed de l&#8217;Estartit us convidem a descobrir la m\u00e0gia en un esdeveniment \u00fanic. Apte per a totes les [...]\" \/>\n<meta property=\"og:url\" content=\"https:\/\/sagavinaestartit.com\/ca\/visca-la-magia-la-11a-edicio-de-la-fira-de-magia-fimag-a-lestartit\/\" \/>\n<meta property=\"og:site_name\" content=\"Apartaments a l&#039;Estartit\" \/>\n<meta property=\"article:published_time\" content=\"2023-05-25T11:06:22+00:00\" \/>\n<meta property=\"og:image\" content=\"https:\/\/sagavinaestartit.com\/wp-content\/uploads\/2023\/05\/FIMAG.png\" \/>\n\t<meta property=\"og:image:width\" content=\"850\" \/>\n\t<meta property=\"og:image:height\" content=\"550\" \/>\n\t<meta property=\"og:image:type\" content=\"image\/png\" \/>\n<meta name=\"author\" content=\"tecnico_alojapro\" \/>\n<meta name=\"twitter:card\" content=\"summary_large_image\" \/>\n<meta name=\"twitter:label1\" content=\"Escrit per\" \/>\n\t<meta name=\"twitter:data1\" content=\"tecnico_alojapro\" \/>\n\t<meta name=\"twitter:label2\" content=\"Temps estimat de lectura\" \/>\n\t<meta name=\"twitter:data2\" content=\"2 minuts\" \/>\n<script type=\"application\/ld+json\" class=\"yoast-schema-graph\">{\"@context\":\"https:\/\/schema.org\",\"@graph\":[{\"@type\":\"Article\",\"@id\":\"https:\/\/sagavinaestartit.com\/ca\/visca-la-magia-la-11a-edicio-de-la-fira-de-magia-fimag-a-lestartit\/#article\",\"isPartOf\":{\"@id\":\"https:\/\/sagavinaestartit.com\/ca\/visca-la-magia-la-11a-edicio-de-la-fira-de-magia-fimag-a-lestartit\/\"},\"author\":{\"name\":\"tecnico_alojapro\",\"@id\":\"https:\/\/sagavinaestartit.com\/ca\/#\/schema\/person\/72b3f9a420869474351007377bde83c0\"},\"headline\":\"Visca la m\u00e0gia, la 11a edici\u00f3 de la Fira de M\u00e0gia FIMAG a l&#8217;Estartit!\",\"datePublished\":\"2023-05-25T11:06:22+00:00\",\"mainEntityOfPage\":{\"@id\":\"https:\/\/sagavinaestartit.com\/ca\/visca-la-magia-la-11a-edicio-de-la-fira-de-magia-fimag-a-lestartit\/\"},\"wordCount\":405,\"commentCount\":0,\"publisher\":{\"@id\":\"https:\/\/sagavinaestartit.com\/ca\/#organization\"},\"image\":{\"@id\":\"https:\/\/sagavinaestartit.com\/ca\/visca-la-magia-la-11a-edicio-de-la-fira-de-magia-fimag-a-lestartit\/#primaryimage\"},\"thumbnailUrl\":\"https:\/\/sagavinaestartit.com\/wp-content\/uploads\/2023\/05\/FIMAG.png\",\"articleSection\":[\"Novetats\"],\"inLanguage\":\"ca\",\"potentialAction\":[{\"@type\":\"CommentAction\",\"name\":\"Comment\",\"target\":[\"https:\/\/sagavinaestartit.com\/ca\/visca-la-magia-la-11a-edicio-de-la-fira-de-magia-fimag-a-lestartit\/#respond\"]}]},{\"@type\":\"WebPage\",\"@id\":\"https:\/\/sagavinaestartit.com\/ca\/visca-la-magia-la-11a-edicio-de-la-fira-de-magia-fimag-a-lestartit\/\",\"url\":\"https:\/\/sagavinaestartit.com\/ca\/visca-la-magia-la-11a-edicio-de-la-fira-de-magia-fimag-a-lestartit\/\",\"name\":\"Visca la m\u00e0gia, la 11a edici\u00f3 de la Fira de M\u00e0gia FIMAG a l'Estartit! | Apartaments a l'Estartit\",\"isPartOf\":{\"@id\":\"https:\/\/sagavinaestartit.com\/ca\/#website\"},\"primaryImageOfPage\":{\"@id\":\"https:\/\/sagavinaestartit.com\/ca\/visca-la-magia-la-11a-edicio-de-la-fira-de-magia-fimag-a-lestartit\/#primaryimage\"},\"image\":{\"@id\":\"https:\/\/sagavinaestartit.com\/ca\/visca-la-magia-la-11a-edicio-de-la-fira-de-magia-fimag-a-lestartit\/#primaryimage\"},\"thumbnailUrl\":\"https:\/\/sagavinaestartit.com\/wp-content\/uploads\/2023\/05\/FIMAG.png\",\"datePublished\":\"2023-05-25T11:06:22+00:00\",\"breadcrumb\":{\"@id\":\"https:\/\/sagavinaestartit.com\/ca\/visca-la-magia-la-11a-edicio-de-la-fira-de-magia-fimag-a-lestartit\/#breadcrumb\"},\"inLanguage\":\"ca\",\"potentialAction\":[{\"@type\":\"ReadAction\",\"target\":[\"https:\/\/sagavinaestartit.com\/ca\/visca-la-magia-la-11a-edicio-de-la-fira-de-magia-fimag-a-lestartit\/\"]}]},{\"@type\":\"ImageObject\",\"inLanguage\":\"ca\",\"@id\":\"https:\/\/sagavinaestartit.com\/ca\/visca-la-magia-la-11a-edicio-de-la-fira-de-magia-fimag-a-lestartit\/#primaryimage\",\"url\":\"https:\/\/sagavinaestartit.com\/wp-content\/uploads\/2023\/05\/FIMAG.png\",\"contentUrl\":\"https:\/\/sagavinaestartit.com\/wp-content\/uploads\/2023\/05\/FIMAG.png\",\"width\":850,\"height\":550,\"caption\":\"magia estartit fimag\"},{\"@type\":\"BreadcrumbList\",\"@id\":\"https:\/\/sagavinaestartit.com\/ca\/visca-la-magia-la-11a-edicio-de-la-fira-de-magia-fimag-a-lestartit\/#breadcrumb\",\"itemListElement\":[{\"@type\":\"ListItem\",\"position\":1,\"name\":\"Portada\",\"item\":\"https:\/\/sagavinaestartit.com\/ca\/home\/\"},{\"@type\":\"ListItem\",\"position\":2,\"name\":\"Visca la m\u00e0gia, la 11a edici\u00f3 de la Fira de M\u00e0gia FIMAG a l&#8217;Estartit!\"}]},{\"@type\":\"WebSite\",\"@id\":\"https:\/\/sagavinaestartit.com\/ca\/#website\",\"url\":\"https:\/\/sagavinaestartit.com\/ca\/\",\"name\":\"Sa Gavina Apartaments\",\"description\":\"Sa Gavina Apartaments\",\"publisher\":{\"@id\":\"https:\/\/sagavinaestartit.com\/ca\/#organization\"},\"potentialAction\":[{\"@type\":\"SearchAction\",\"target\":{\"@type\":\"EntryPoint\",\"urlTemplate\":\"https:\/\/sagavinaestartit.com\/ca\/?s={search_term_string}\"},\"query-input\":{\"@type\":\"PropertyValueSpecification\",\"valueRequired\":true,\"valueName\":\"search_term_string\"}}],\"inLanguage\":\"ca\"},{\"@type\":\"Organization\",\"@id\":\"https:\/\/sagavinaestartit.com\/ca\/#organization\",\"name\":\"Sa Gavina Apartaments\",\"url\":\"https:\/\/sagavinaestartit.com\/ca\/\",\"logo\":{\"@type\":\"ImageObject\",\"inLanguage\":\"ca\",\"@id\":\"https:\/\/sagavinaestartit.com\/ca\/#\/schema\/logo\/image\/\",\"url\":\"https:\/\/sagavinaestartit.com\/wp-content\/uploads\/2024\/12\/3-1.png\",\"contentUrl\":\"https:\/\/sagavinaestartit.com\/wp-content\/uploads\/2024\/12\/3-1.png\",\"width\":500,\"height\":200,\"caption\":\"Sa Gavina Apartaments\"},\"image\":{\"@id\":\"https:\/\/sagavinaestartit.com\/ca\/#\/schema\/logo\/image\/\"}},{\"@type\":\"Person\",\"@id\":\"https:\/\/sagavinaestartit.com\/ca\/#\/schema\/person\/72b3f9a420869474351007377bde83c0\",\"name\":\"tecnico_alojapro\",\"sameAs\":[\"https:\/\/sagavinaestartit.com\"]}]}<\/script>\n<!-- \/ Yoast SEO plugin. -->","yoast_head_json":{"title":"Visca la m\u00e0gia, la 11a edici\u00f3 de la Fira de M\u00e0gia FIMAG a l'Estartit! | Apartaments a l'Estartit","robots":{"index":"index","follow":"follow","max-snippet":"max-snippet:-1","max-image-preview":"max-image-preview:large","max-video-preview":"max-video-preview:-1"},"canonical":"https:\/\/sagavinaestartit.com\/ca\/visca-la-magia-la-11a-edicio-de-la-fira-de-magia-fimag-a-lestartit\/","og_locale":"ca_ES","og_type":"article","og_title":"Visca la m\u00e0gia, la 11a edici\u00f3 de la Fira de M\u00e0gia FIMAG a l'Estartit! | Apartaments a l'Estartit","og_description":"La 11a edici\u00f3 de la Fira de M\u00e0gia FIMAG est\u00e0 a punt d&#8217;arribar a Torroella de Montgr\u00ed. Des dels Apartaments Sa Gavina Gaud\u00ed de l&#8217;Estartit us convidem a descobrir la m\u00e0gia en un esdeveniment \u00fanic. Apte per a totes les [...]","og_url":"https:\/\/sagavinaestartit.com\/ca\/visca-la-magia-la-11a-edicio-de-la-fira-de-magia-fimag-a-lestartit\/","og_site_name":"Apartaments a l'Estartit","article_published_time":"2023-05-25T11:06:22+00:00","og_image":[{"width":850,"height":550,"url":"https:\/\/sagavinaestartit.com\/wp-content\/uploads\/2023\/05\/FIMAG.png","type":"image\/png"}],"author":"tecnico_alojapro","twitter_card":"summary_large_image","twitter_misc":{"Escrit per":"tecnico_alojapro","Temps estimat de lectura":"2 minuts"},"schema":{"@context":"https:\/\/schema.org","@graph":[{"@type":"Article","@id":"https:\/\/sagavinaestartit.com\/ca\/visca-la-magia-la-11a-edicio-de-la-fira-de-magia-fimag-a-lestartit\/#article","isPartOf":{"@id":"https:\/\/sagavinaestartit.com\/ca\/visca-la-magia-la-11a-edicio-de-la-fira-de-magia-fimag-a-lestartit\/"},"author":{"name":"tecnico_alojapro","@id":"https:\/\/sagavinaestartit.com\/ca\/#\/schema\/person\/72b3f9a420869474351007377bde83c0"},"headline":"Visca la m\u00e0gia, la 11a edici\u00f3 de la Fira de M\u00e0gia FIMAG a l&#8217;Estartit!","datePublished":"2023-05-25T11:06:22+00:00","mainEntityOfPage":{"@id":"https:\/\/sagavinaestartit.com\/ca\/visca-la-magia-la-11a-edicio-de-la-fira-de-magia-fimag-a-lestartit\/"},"wordCount":405,"commentCount":0,"publisher":{"@id":"https:\/\/sagavinaestartit.com\/ca\/#organization"},"image":{"@id":"https:\/\/sagavinaestartit.com\/ca\/visca-la-magia-la-11a-edicio-de-la-fira-de-magia-fimag-a-lestartit\/#primaryimage"},"thumbnailUrl":"https:\/\/sagavinaestartit.com\/wp-content\/uploads\/2023\/05\/FIMAG.png","articleSection":["Novetats"],"inLanguage":"ca","potentialAction":[{"@type":"CommentAction","name":"Comment","target":["https:\/\/sagavinaestartit.com\/ca\/visca-la-magia-la-11a-edicio-de-la-fira-de-magia-fimag-a-lestartit\/#respond"]}]},{"@type":"WebPage","@id":"https:\/\/sagavinaestartit.com\/ca\/visca-la-magia-la-11a-edicio-de-la-fira-de-magia-fimag-a-lestartit\/","url":"https:\/\/sagavinaestartit.com\/ca\/visca-la-magia-la-11a-edicio-de-la-fira-de-magia-fimag-a-lestartit\/","name":"Visca la m\u00e0gia, la 11a edici\u00f3 de la Fira de M\u00e0gia FIMAG a l'Estartit! | Apartaments a l'Estartit","isPartOf":{"@id":"https:\/\/sagavinaestartit.com\/ca\/#website"},"primaryImageOfPage":{"@id":"https:\/\/sagavinaestartit.com\/ca\/visca-la-magia-la-11a-edicio-de-la-fira-de-magia-fimag-a-lestartit\/#primaryimage"},"image":{"@id":"https:\/\/sagavinaestartit.com\/ca\/visca-la-magia-la-11a-edicio-de-la-fira-de-magia-fimag-a-lestartit\/#primaryimage"},"thumbnailUrl":"https:\/\/sagavinaestartit.com\/wp-content\/uploads\/2023\/05\/FIMAG.png","datePublished":"2023-05-25T11:06:22+00:00","breadcrumb":{"@id":"https:\/\/sagavinaestartit.com\/ca\/visca-la-magia-la-11a-edicio-de-la-fira-de-magia-fimag-a-lestartit\/#breadcrumb"},"inLanguage":"ca","potentialAction":[{"@type":"ReadAction","target":["https:\/\/sagavinaestartit.com\/ca\/visca-la-magia-la-11a-edicio-de-la-fira-de-magia-fimag-a-lestartit\/"]}]},{"@type":"ImageObject","inLanguage":"ca","@id":"https:\/\/sagavinaestartit.com\/ca\/visca-la-magia-la-11a-edicio-de-la-fira-de-magia-fimag-a-lestartit\/#primaryimage","url":"https:\/\/sagavinaestartit.com\/wp-content\/uploads\/2023\/05\/FIMAG.png","contentUrl":"https:\/\/sagavinaestartit.com\/wp-content\/uploads\/2023\/05\/FIMAG.png","width":850,"height":550,"caption":"magia estartit fimag"},{"@type":"BreadcrumbList","@id":"https:\/\/sagavinaestartit.com\/ca\/visca-la-magia-la-11a-edicio-de-la-fira-de-magia-fimag-a-lestartit\/#breadcrumb","itemListElement":[{"@type":"ListItem","position":1,"name":"Portada","item":"https:\/\/sagavinaestartit.com\/ca\/home\/"},{"@type":"ListItem","position":2,"name":"Visca la m\u00e0gia, la 11a edici\u00f3 de la Fira de M\u00e0gia FIMAG a l&#8217;Estartit!"}]},{"@type":"WebSite","@id":"https:\/\/sagavinaestartit.com\/ca\/#website","url":"https:\/\/sagavinaestartit.com\/ca\/","name":"Sa Gavina Apartaments","description":"Sa Gavina Apartaments","publisher":{"@id":"https:\/\/sagavinaestartit.com\/ca\/#organization"},"potentialAction":[{"@type":"SearchAction","target":{"@type":"EntryPoint","urlTemplate":"https:\/\/sagavinaestartit.com\/ca\/?s={search_term_string}"},"query-input":{"@type":"PropertyValueSpecification","valueRequired":true,"valueName":"search_term_string"}}],"inLanguage":"ca"},{"@type":"Organization","@id":"https:\/\/sagavinaestartit.com\/ca\/#organization","name":"Sa Gavina Apartaments","url":"https:\/\/sagavinaestartit.com\/ca\/","logo":{"@type":"ImageObject","inLanguage":"ca","@id":"https:\/\/sagavinaestartit.com\/ca\/#\/schema\/logo\/image\/","url":"https:\/\/sagavinaestartit.com\/wp-content\/uploads\/2024\/12\/3-1.png","contentUrl":"https:\/\/sagavinaestartit.com\/wp-content\/uploads\/2024\/12\/3-1.png","width":500,"height":200,"caption":"Sa Gavina Apartaments"},"image":{"@id":"https:\/\/sagavinaestartit.com\/ca\/#\/schema\/logo\/image\/"}},{"@type":"Person","@id":"https:\/\/sagavinaestartit.com\/ca\/#\/schema\/person\/72b3f9a420869474351007377bde83c0","name":"tecnico_alojapro","sameAs":["https:\/\/sagavinaestartit.com"]}]}},"_links":{"self":[{"href":"https:\/\/sagavinaestartit.com\/ca\/wp-json\/wp\/v2\/posts\/28794","targetHints":{"allow":["GET"]}}],"collection":[{"href":"https:\/\/sagavinaestartit.com\/ca\/wp-json\/wp\/v2\/posts"}],"about":[{"href":"https:\/\/sagavinaestartit.com\/ca\/wp-json\/wp\/v2\/types\/post"}],"author":[{"embeddable":true,"href":"https:\/\/sagavinaestartit.com\/ca\/wp-json\/wp\/v2\/users\/1"}],"replies":[{"embeddable":true,"href":"https:\/\/sagavinaestartit.com\/ca\/wp-json\/wp\/v2\/comments?post=28794"}],"version-history":[{"count":0,"href":"https:\/\/sagavinaestartit.com\/ca\/wp-json\/wp\/v2\/posts\/28794\/revisions"}],"wp:featuredmedia":[{"embeddable":true,"href":"https:\/\/sagavinaestartit.com\/ca\/wp-json\/wp\/v2\/media\/20746"}],"wp:attachment":[{"href":"https:\/\/sagavinaestartit.com\/ca\/wp-json\/wp\/v2\/media?parent=28794"}],"wp:term":[{"taxonomy":"category","embeddable":true,"href":"https:\/\/sagavinaestartit.com\/ca\/wp-json\/wp\/v2\/categories?post=28794"},{"taxonomy":"post_tag","embeddable":true,"href":"https:\/\/sagavinaestartit.com\/ca\/wp-json\/wp\/v2\/tags?post=28794"}],"curies":[{"name":"wp","href":"https:\/\/api.w.org\/{rel}","templated":true}]}}