{"id":28777,"date":"2022-07-20T15:00:11","date_gmt":"2022-07-20T13:00:11","guid":{"rendered":"https:\/\/sagavinaestartit.com\/2022\/07\/20\/festival-fringe-estartit-de-2022\/"},"modified":"2022-07-20T15:00:11","modified_gmt":"2022-07-20T13:00:11","slug":"festival-fringe-estartit-de-2022","status":"publish","type":"post","link":"https:\/\/sagavinaestartit.com\/ca\/festival-fringe-estartit-de-2022\/","title":{"rendered":"Festival Fringe Estartit de 2022"},"content":{"rendered":"<h2>Una oportunitat de diversi\u00f3 a Torroella, l&#8217;Estartit.<\/h2>\n<p>Est\u00e0 pensant com passar-te la tarda a l&#8217;aire lliure a la costa brava? Li expliquem un pla que no et decebr\u00e0: podr\u00e0 passar el dia al festival Fringe del 15-20 de juliol de 2022. Les joventuts musicals de Torroella de Montgr\u00ed de l&#8217;Estartit, han organitzat la vuitena edici\u00f3 d&#8217;aquest festival en aquesta localitat.<\/p>\n<p>Els concerts es duran a terme a les proximitats dels nostres apartaments, d&#8217;aquesta manera podr\u00e0 deleitarse amb un entreteniment diferent. Ja s&#8217;han viscut experi\u00e8ncies molt interessants. En els darrers dies passats, es va poder gaudir del concert de The Miniters of Mastime un grup de m\u00fasica que interpreta can\u00e7ons dels segles passats. A m\u00e9s, s&#8217;ha comptat amb l&#8217;actuaci\u00f3 de &#8220;The Delightful Pocket Company&#8221;.<\/p>\n<h2>Quins concerts podr\u00e0 trobar al festival Fringe?<\/h2>\n<p>El festival ha comptat amb el suport del banc de Sabadell i altres patrocinadors. En la recta final queden quatre concerts per celebrar. Les actuacions s&#8217;han realitzat en vuit escenaris diferents, on la m\u00fasica contempor\u00e0nia, la cl\u00e0ssica i el jazz s&#8217;uneixen per arribar a tots els p\u00fablics.<\/p>\n<p>La vetllada continuar\u00e0 dimecres 20 de juliol al <a href=\"https:\/\/www.google.es\/maps\/dir\/42.0531759,3.2091109\/@42.0532385,3.1390822,12z\" target=\"_blank\" rel=\"noopener\">passeig del Passeig del Molinet <\/a>\u00a0a les 19\u202fh amb Vicente L\u00f3pez amb la guitarra i la cantant Alba Armengou que donaran continu\u00eftat al festival. Interpretar\u00e1n una selecci\u00f3 de can\u00e7ons programades per a l&#8217;esdeveniment que podr\u00e0 veure fent clic al seg\u00fcent enlla\u00e7. Despr\u00e9s Aseel Massoud, cantant\u00a0 i Ahmad Dyab amb la guitarra, li mostraran l&#8217;ess\u00e8ncia espanyola del flamenc, el qual ha fusionat sons del seu pa\u00eds d&#8217;or\u00edgen, Siria. L&#8217;escenari on es realitza es troba a 5 minuts dels nostres apartaments.<\/p>\n<p>Tamb\u00e9 escoltarem a la Mar Grimalt amb les seves can\u00e7ons sentides com \u201cA dos pams del nivell de terra\u201d i \u201cSi arribo a ser Vell\u201d entre d&#8217;altres. Can\u00e7ons d&#8217;all\u00f2 m\u00e9s atemporals. Pot escoltar \u201cSi arribes a ser Vell\u201d de Mar Grimalt fent clic en el v\u00eddeo.<\/p>\n<div class=\"video-shortcode\"><iframe title=\"Si arrib a ser vell | Miquel Bau\u00e7\u00e0 x Mar Grimalt\" width=\"1170\" height=\"658\" src=\"https:\/\/www.youtube.com\/embed\/W_1v3wVEITE?feature=oembed\" frameborder=\"0\" allow=\"accelerometer; autoplay; clipboard-write; encrypted-media; gyroscope; picture-in-picture; web-share\" referrerpolicy=\"strict-origin-when-cross-origin\" allowfullscreen><\/iframe><\/div>\n<p>Podrem escoltar m\u00e9s tard les can\u00e7ons populars de la zona com: Tango o Pepito. Per veure m\u00e9s informaci\u00f3 sobre les <a href=\"https:\/\/www.festivaldetorroella.cat\/baixades\/2022-07-20paulagrande-fringefulldesala.pdf\" target=\"_blank\" rel=\"noopener\">can\u00e7ons populars<\/a> fes clic a l&#8217;enlla\u00e7.<\/p>\n<h3>Com pot accedir al concert?<\/h3>\n<p>Tots els concerts del 8\u00e8 Fringe Festival de Torroella de Montgr\u00ed tindran un aforament del 70%, seran gratu\u00efts i la inscripci\u00f3 pr\u00e8via es necess\u00e0ria per accedir al recinte. Les entrades pels concerts que se celebrin a l&#8217;Espai Ter s&#8217;hauran de reservar pr\u00e8viament a trav\u00e9s del web del festival, www.fringetorroella-estartit.cat.<\/p>\n<p>Durant l&#8217;estiu comptar\u00e0 amb moltes oportunitats per reservar un apartament, per\u00f2 nom\u00e9s unes quantes ocasions per trobar l&#8217;apartament perfecte. <a href=\"https:\/\/widget3.alojapro.com?from=12\/08\/2022&amp;to=30\/10\/2022&amp;rooms=1&amp;platformId=2&amp;widgetId=2128&amp;roomsCfg=1-2-0&amp;firstSearch=true&amp;roomId=&amp;propertyId=&amp;destinationId=5293&amp;cityAutoComplete=L'Estartit - Girona - (ESPA\u00d1A)&amp;language=ca\">Reservi el seu!<\/a> Mentrestant, pot mirar m\u00e9s<a href=\"https:\/\/www.sagavinaestartit.cat\/activitats\/?_ga=2.184386469.2088161718.1658241059-1708294757.1658241059\"> activitats<\/a> per fer a l&#8217;Estartit durant les seves vacances.<\/p>\n","protected":false},"excerpt":{"rendered":"<p>Una oportunitat de diversi\u00f3 a Torroella, l&#8217;Estartit. Est\u00e0 pensant com passar-te la tarda a l&#8217;aire lliure a la costa brava? Li expliquem un pla que no et decebr\u00e0: podr\u00e0 passar el dia al festival Fringe del 15-20 de juliol de  [&#8230;]<\/p>\n","protected":false},"author":1,"featured_media":19135,"comment_status":"open","ping_status":"open","sticky":false,"template":"","format":"standard","meta":{"footnotes":""},"categories":[119],"tags":[],"class_list":["post-28777","post","type-post","status-publish","format-standard","has-post-thumbnail","hentry","category-novetats"],"yoast_head":"<!-- This site is optimized with the Yoast SEO plugin v27.1.1 - https:\/\/yoast.com\/product\/yoast-seo-wordpress\/ -->\n<title>Festival Fringe Estartit de 2022 | Apartaments a l&#039;Estartit<\/title>\n<meta name=\"robots\" content=\"index, follow, max-snippet:-1, max-image-preview:large, max-video-preview:-1\" \/>\n<link rel=\"canonical\" href=\"https:\/\/sagavinaestartit.com\/ca\/festival-fringe-estartit-de-2022\/\" \/>\n<meta property=\"og:locale\" content=\"ca_ES\" \/>\n<meta property=\"og:type\" content=\"article\" \/>\n<meta property=\"og:title\" content=\"Festival Fringe Estartit de 2022 | Apartaments a l&#039;Estartit\" \/>\n<meta property=\"og:description\" content=\"Una oportunitat de diversi\u00f3 a Torroella, l&#8217;Estartit. Est\u00e0 pensant com passar-te la tarda a l&#8217;aire lliure a la costa brava? Li expliquem un pla que no et decebr\u00e0: podr\u00e0 passar el dia al festival Fringe del 15-20 de juliol de [...]\" \/>\n<meta property=\"og:url\" content=\"https:\/\/sagavinaestartit.com\/ca\/festival-fringe-estartit-de-2022\/\" \/>\n<meta property=\"og:site_name\" content=\"Apartaments a l&#039;Estartit\" \/>\n<meta property=\"article:published_time\" content=\"2022-07-20T13:00:11+00:00\" \/>\n<meta property=\"og:image\" content=\"https:\/\/sagavinaestartit.com\/wp-content\/uploads\/2022\/07\/festa-major-de-santa-anna-2022.png\" \/>\n\t<meta property=\"og:image:width\" content=\"850\" \/>\n\t<meta property=\"og:image:height\" content=\"550\" \/>\n\t<meta property=\"og:image:type\" content=\"image\/png\" \/>\n<meta name=\"author\" content=\"tecnico_alojapro\" \/>\n<meta name=\"twitter:card\" content=\"summary_large_image\" \/>\n<meta name=\"twitter:label1\" content=\"Escrit per\" \/>\n\t<meta name=\"twitter:data1\" content=\"tecnico_alojapro\" \/>\n\t<meta name=\"twitter:label2\" content=\"Temps estimat de lectura\" \/>\n\t<meta name=\"twitter:data2\" content=\"2 minuts\" \/>\n<script type=\"application\/ld+json\" class=\"yoast-schema-graph\">{\"@context\":\"https:\/\/schema.org\",\"@graph\":[{\"@type\":\"Article\",\"@id\":\"https:\/\/sagavinaestartit.com\/ca\/festival-fringe-estartit-de-2022\/#article\",\"isPartOf\":{\"@id\":\"https:\/\/sagavinaestartit.com\/ca\/festival-fringe-estartit-de-2022\/\"},\"author\":{\"name\":\"tecnico_alojapro\",\"@id\":\"https:\/\/sagavinaestartit.com\/ca\/#\/schema\/person\/72b3f9a420869474351007377bde83c0\"},\"headline\":\"Festival Fringe Estartit de 2022\",\"datePublished\":\"2022-07-20T13:00:11+00:00\",\"mainEntityOfPage\":{\"@id\":\"https:\/\/sagavinaestartit.com\/ca\/festival-fringe-estartit-de-2022\/\"},\"wordCount\":489,\"commentCount\":0,\"publisher\":{\"@id\":\"https:\/\/sagavinaestartit.com\/ca\/#organization\"},\"image\":{\"@id\":\"https:\/\/sagavinaestartit.com\/ca\/festival-fringe-estartit-de-2022\/#primaryimage\"},\"thumbnailUrl\":\"https:\/\/sagavinaestartit.com\/wp-content\/uploads\/2022\/07\/festa-major-de-santa-anna-2022.png\",\"articleSection\":[\"Novetats\"],\"inLanguage\":\"ca\",\"potentialAction\":[{\"@type\":\"CommentAction\",\"name\":\"Comment\",\"target\":[\"https:\/\/sagavinaestartit.com\/ca\/festival-fringe-estartit-de-2022\/#respond\"]}]},{\"@type\":\"WebPage\",\"@id\":\"https:\/\/sagavinaestartit.com\/ca\/festival-fringe-estartit-de-2022\/\",\"url\":\"https:\/\/sagavinaestartit.com\/ca\/festival-fringe-estartit-de-2022\/\",\"name\":\"Festival Fringe Estartit de 2022 | Apartaments a l'Estartit\",\"isPartOf\":{\"@id\":\"https:\/\/sagavinaestartit.com\/ca\/#website\"},\"primaryImageOfPage\":{\"@id\":\"https:\/\/sagavinaestartit.com\/ca\/festival-fringe-estartit-de-2022\/#primaryimage\"},\"image\":{\"@id\":\"https:\/\/sagavinaestartit.com\/ca\/festival-fringe-estartit-de-2022\/#primaryimage\"},\"thumbnailUrl\":\"https:\/\/sagavinaestartit.com\/wp-content\/uploads\/2022\/07\/festa-major-de-santa-anna-2022.png\",\"datePublished\":\"2022-07-20T13:00:11+00:00\",\"breadcrumb\":{\"@id\":\"https:\/\/sagavinaestartit.com\/ca\/festival-fringe-estartit-de-2022\/#breadcrumb\"},\"inLanguage\":\"ca\",\"potentialAction\":[{\"@type\":\"ReadAction\",\"target\":[\"https:\/\/sagavinaestartit.com\/ca\/festival-fringe-estartit-de-2022\/\"]}]},{\"@type\":\"ImageObject\",\"inLanguage\":\"ca\",\"@id\":\"https:\/\/sagavinaestartit.com\/ca\/festival-fringe-estartit-de-2022\/#primaryimage\",\"url\":\"https:\/\/sagavinaestartit.com\/wp-content\/uploads\/2022\/07\/festa-major-de-santa-anna-2022.png\",\"contentUrl\":\"https:\/\/sagavinaestartit.com\/wp-content\/uploads\/2022\/07\/festa-major-de-santa-anna-2022.png\",\"width\":850,\"height\":550,\"caption\":\"Festival Friege Torruella\"},{\"@type\":\"BreadcrumbList\",\"@id\":\"https:\/\/sagavinaestartit.com\/ca\/festival-fringe-estartit-de-2022\/#breadcrumb\",\"itemListElement\":[{\"@type\":\"ListItem\",\"position\":1,\"name\":\"Portada\",\"item\":\"https:\/\/sagavinaestartit.com\/ca\/home\/\"},{\"@type\":\"ListItem\",\"position\":2,\"name\":\"Festival Fringe Estartit de 2022\"}]},{\"@type\":\"WebSite\",\"@id\":\"https:\/\/sagavinaestartit.com\/ca\/#website\",\"url\":\"https:\/\/sagavinaestartit.com\/ca\/\",\"name\":\"Sa Gavina Apartaments\",\"description\":\"Sa Gavina Apartaments\",\"publisher\":{\"@id\":\"https:\/\/sagavinaestartit.com\/ca\/#organization\"},\"potentialAction\":[{\"@type\":\"SearchAction\",\"target\":{\"@type\":\"EntryPoint\",\"urlTemplate\":\"https:\/\/sagavinaestartit.com\/ca\/?s={search_term_string}\"},\"query-input\":{\"@type\":\"PropertyValueSpecification\",\"valueRequired\":true,\"valueName\":\"search_term_string\"}}],\"inLanguage\":\"ca\"},{\"@type\":\"Organization\",\"@id\":\"https:\/\/sagavinaestartit.com\/ca\/#organization\",\"name\":\"Sa Gavina Apartaments\",\"url\":\"https:\/\/sagavinaestartit.com\/ca\/\",\"logo\":{\"@type\":\"ImageObject\",\"inLanguage\":\"ca\",\"@id\":\"https:\/\/sagavinaestartit.com\/ca\/#\/schema\/logo\/image\/\",\"url\":\"https:\/\/sagavinaestartit.com\/wp-content\/uploads\/2024\/12\/3-1.png\",\"contentUrl\":\"https:\/\/sagavinaestartit.com\/wp-content\/uploads\/2024\/12\/3-1.png\",\"width\":500,\"height\":200,\"caption\":\"Sa Gavina Apartaments\"},\"image\":{\"@id\":\"https:\/\/sagavinaestartit.com\/ca\/#\/schema\/logo\/image\/\"}},{\"@type\":\"Person\",\"@id\":\"https:\/\/sagavinaestartit.com\/ca\/#\/schema\/person\/72b3f9a420869474351007377bde83c0\",\"name\":\"tecnico_alojapro\",\"sameAs\":[\"https:\/\/sagavinaestartit.com\"]}]}<\/script>\n<!-- \/ Yoast SEO plugin. -->","yoast_head_json":{"title":"Festival Fringe Estartit de 2022 | Apartaments a l'Estartit","robots":{"index":"index","follow":"follow","max-snippet":"max-snippet:-1","max-image-preview":"max-image-preview:large","max-video-preview":"max-video-preview:-1"},"canonical":"https:\/\/sagavinaestartit.com\/ca\/festival-fringe-estartit-de-2022\/","og_locale":"ca_ES","og_type":"article","og_title":"Festival Fringe Estartit de 2022 | Apartaments a l'Estartit","og_description":"Una oportunitat de diversi\u00f3 a Torroella, l&#8217;Estartit. Est\u00e0 pensant com passar-te la tarda a l&#8217;aire lliure a la costa brava? Li expliquem un pla que no et decebr\u00e0: podr\u00e0 passar el dia al festival Fringe del 15-20 de juliol de [...]","og_url":"https:\/\/sagavinaestartit.com\/ca\/festival-fringe-estartit-de-2022\/","og_site_name":"Apartaments a l'Estartit","article_published_time":"2022-07-20T13:00:11+00:00","og_image":[{"width":850,"height":550,"url":"https:\/\/sagavinaestartit.com\/wp-content\/uploads\/2022\/07\/festa-major-de-santa-anna-2022.png","type":"image\/png"}],"author":"tecnico_alojapro","twitter_card":"summary_large_image","twitter_misc":{"Escrit per":"tecnico_alojapro","Temps estimat de lectura":"2 minuts"},"schema":{"@context":"https:\/\/schema.org","@graph":[{"@type":"Article","@id":"https:\/\/sagavinaestartit.com\/ca\/festival-fringe-estartit-de-2022\/#article","isPartOf":{"@id":"https:\/\/sagavinaestartit.com\/ca\/festival-fringe-estartit-de-2022\/"},"author":{"name":"tecnico_alojapro","@id":"https:\/\/sagavinaestartit.com\/ca\/#\/schema\/person\/72b3f9a420869474351007377bde83c0"},"headline":"Festival Fringe Estartit de 2022","datePublished":"2022-07-20T13:00:11+00:00","mainEntityOfPage":{"@id":"https:\/\/sagavinaestartit.com\/ca\/festival-fringe-estartit-de-2022\/"},"wordCount":489,"commentCount":0,"publisher":{"@id":"https:\/\/sagavinaestartit.com\/ca\/#organization"},"image":{"@id":"https:\/\/sagavinaestartit.com\/ca\/festival-fringe-estartit-de-2022\/#primaryimage"},"thumbnailUrl":"https:\/\/sagavinaestartit.com\/wp-content\/uploads\/2022\/07\/festa-major-de-santa-anna-2022.png","articleSection":["Novetats"],"inLanguage":"ca","potentialAction":[{"@type":"CommentAction","name":"Comment","target":["https:\/\/sagavinaestartit.com\/ca\/festival-fringe-estartit-de-2022\/#respond"]}]},{"@type":"WebPage","@id":"https:\/\/sagavinaestartit.com\/ca\/festival-fringe-estartit-de-2022\/","url":"https:\/\/sagavinaestartit.com\/ca\/festival-fringe-estartit-de-2022\/","name":"Festival Fringe Estartit de 2022 | Apartaments a l'Estartit","isPartOf":{"@id":"https:\/\/sagavinaestartit.com\/ca\/#website"},"primaryImageOfPage":{"@id":"https:\/\/sagavinaestartit.com\/ca\/festival-fringe-estartit-de-2022\/#primaryimage"},"image":{"@id":"https:\/\/sagavinaestartit.com\/ca\/festival-fringe-estartit-de-2022\/#primaryimage"},"thumbnailUrl":"https:\/\/sagavinaestartit.com\/wp-content\/uploads\/2022\/07\/festa-major-de-santa-anna-2022.png","datePublished":"2022-07-20T13:00:11+00:00","breadcrumb":{"@id":"https:\/\/sagavinaestartit.com\/ca\/festival-fringe-estartit-de-2022\/#breadcrumb"},"inLanguage":"ca","potentialAction":[{"@type":"ReadAction","target":["https:\/\/sagavinaestartit.com\/ca\/festival-fringe-estartit-de-2022\/"]}]},{"@type":"ImageObject","inLanguage":"ca","@id":"https:\/\/sagavinaestartit.com\/ca\/festival-fringe-estartit-de-2022\/#primaryimage","url":"https:\/\/sagavinaestartit.com\/wp-content\/uploads\/2022\/07\/festa-major-de-santa-anna-2022.png","contentUrl":"https:\/\/sagavinaestartit.com\/wp-content\/uploads\/2022\/07\/festa-major-de-santa-anna-2022.png","width":850,"height":550,"caption":"Festival Friege Torruella"},{"@type":"BreadcrumbList","@id":"https:\/\/sagavinaestartit.com\/ca\/festival-fringe-estartit-de-2022\/#breadcrumb","itemListElement":[{"@type":"ListItem","position":1,"name":"Portada","item":"https:\/\/sagavinaestartit.com\/ca\/home\/"},{"@type":"ListItem","position":2,"name":"Festival Fringe Estartit de 2022"}]},{"@type":"WebSite","@id":"https:\/\/sagavinaestartit.com\/ca\/#website","url":"https:\/\/sagavinaestartit.com\/ca\/","name":"Sa Gavina Apartaments","description":"Sa Gavina Apartaments","publisher":{"@id":"https:\/\/sagavinaestartit.com\/ca\/#organization"},"potentialAction":[{"@type":"SearchAction","target":{"@type":"EntryPoint","urlTemplate":"https:\/\/sagavinaestartit.com\/ca\/?s={search_term_string}"},"query-input":{"@type":"PropertyValueSpecification","valueRequired":true,"valueName":"search_term_string"}}],"inLanguage":"ca"},{"@type":"Organization","@id":"https:\/\/sagavinaestartit.com\/ca\/#organization","name":"Sa Gavina Apartaments","url":"https:\/\/sagavinaestartit.com\/ca\/","logo":{"@type":"ImageObject","inLanguage":"ca","@id":"https:\/\/sagavinaestartit.com\/ca\/#\/schema\/logo\/image\/","url":"https:\/\/sagavinaestartit.com\/wp-content\/uploads\/2024\/12\/3-1.png","contentUrl":"https:\/\/sagavinaestartit.com\/wp-content\/uploads\/2024\/12\/3-1.png","width":500,"height":200,"caption":"Sa Gavina Apartaments"},"image":{"@id":"https:\/\/sagavinaestartit.com\/ca\/#\/schema\/logo\/image\/"}},{"@type":"Person","@id":"https:\/\/sagavinaestartit.com\/ca\/#\/schema\/person\/72b3f9a420869474351007377bde83c0","name":"tecnico_alojapro","sameAs":["https:\/\/sagavinaestartit.com"]}]}},"_links":{"self":[{"href":"https:\/\/sagavinaestartit.com\/ca\/wp-json\/wp\/v2\/posts\/28777","targetHints":{"allow":["GET"]}}],"collection":[{"href":"https:\/\/sagavinaestartit.com\/ca\/wp-json\/wp\/v2\/posts"}],"about":[{"href":"https:\/\/sagavinaestartit.com\/ca\/wp-json\/wp\/v2\/types\/post"}],"author":[{"embeddable":true,"href":"https:\/\/sagavinaestartit.com\/ca\/wp-json\/wp\/v2\/users\/1"}],"replies":[{"embeddable":true,"href":"https:\/\/sagavinaestartit.com\/ca\/wp-json\/wp\/v2\/comments?post=28777"}],"version-history":[{"count":0,"href":"https:\/\/sagavinaestartit.com\/ca\/wp-json\/wp\/v2\/posts\/28777\/revisions"}],"wp:featuredmedia":[{"embeddable":true,"href":"https:\/\/sagavinaestartit.com\/ca\/wp-json\/wp\/v2\/media\/19135"}],"wp:attachment":[{"href":"https:\/\/sagavinaestartit.com\/ca\/wp-json\/wp\/v2\/media?parent=28777"}],"wp:term":[{"taxonomy":"category","embeddable":true,"href":"https:\/\/sagavinaestartit.com\/ca\/wp-json\/wp\/v2\/categories?post=28777"},{"taxonomy":"post_tag","embeddable":true,"href":"https:\/\/sagavinaestartit.com\/ca\/wp-json\/wp\/v2\/tags?post=28777"}],"curies":[{"name":"wp","href":"https:\/\/api.w.org\/{rel}","templated":true}]}}