{"id":28760,"date":"2022-01-13T14:44:34","date_gmt":"2022-01-13T13:44:34","guid":{"rendered":"https:\/\/sagavinaestartit.com\/2022\/01\/13\/crematorrons-2022\/"},"modified":"2022-01-13T14:44:34","modified_gmt":"2022-01-13T13:44:34","slug":"crematorrons-2022","status":"publish","type":"post","link":"https:\/\/sagavinaestartit.com\/ca\/crematorrons-2022\/","title":{"rendered":"CremaTorrons 2022"},"content":{"rendered":"<h2>Animi&#8217;s a participar en la carrera CremaTorrons!<\/h2>\n<p>A Torroella de Montgr\u00ed ja s&#8217;ha tornat una tradici\u00f3 participar en la CremaTorrons despr\u00e9s de les festes de nadal i any nou.<\/p>\n<p>La CremaTorrons se celebra enguany el dia 23 de gener de 2022, sent ja la 5a edici\u00f3 que es duu a terme. La carrera s&#8217;iniciar\u00e0 en el Nou Pavell\u00f3 Municipal d&#8217;Esports de Torroella i t\u00e9 diverses modalitats perqu\u00e8 tothom pugui gaudir de la que m\u00e9s li agradi.<\/p>\n<h2>Modalitats de la Crematorrons<\/h2>\n<p>Existeixen 5 modalitats amb diferents nivells de dificultat. La que t\u00e9 el recorregut m\u00e9s llarg \u00e9s la de l&#8217;E-Bike (de 36,4 km) i la m\u00e9s curta \u00e9s la Marxa a Peu (de 7,37 km).<\/p>\n<ul>\n<li><strong>E-Bike:<\/strong> 36,4 km i 633 metres de desnivell<\/li>\n<li><strong>BTT Volta Llarga:<\/strong> 36,4 km i 633 metres de desnivell<\/li>\n<li><strong>BTT Volta Adobi:<\/strong> 23 km i 419 metres de desnivell<\/li>\n<li><strong>Trail Running:<\/strong> 23 km i 9,9 metres de desnivell<\/li>\n<li><strong>Marxa a peu:<\/strong> 7,37 km i 368 metres de desnivell<\/li>\n<\/ul>\n<h2>Horari de les carreres<\/h2>\n<ul>\n<li><strong>09.10<\/strong> &#8211; Carrera d&#8217;E-Bike<\/li>\n<li><strong>09.15<\/strong> &#8211; Carreras de BTT Volta Llarga i Volta Adobi<\/li>\n<li><strong>09.20<\/strong> &#8211; Trail Running i Marxa a peu<\/li>\n<\/ul>\n<h2>Inscripcions per a participar en la CremaTorrons<\/h2>\n<p>Per a participar en les carreres \u00e9s necessari inscriure&#8217;s pr\u00e8viament. Pot fer-ho accedint a aquest <a href=\"https:\/\/curses.cat\/crematorrons2022\/index.php\" target=\"_blank\" rel=\"noopener\"><strong>enlla\u00e7<\/strong><\/a>.<\/p>\n<p>El preu varia depenent de la modalitat que tri\u00ef i de si est\u00e0 federat o federada. D&#8217;una banda, les carreres BTT Volta Llarga, Volta Adobi i E-Bike costen 20 \u20ac per a les persones que estiguin federades i 25 \u20ac per a les no federades. Les carreres Trail &amp; Run i Marxa a Peu costen 13 \u20ac per als majors de 14 anys i 8 \u20ac per als menors de catorze.<\/p>\n<p>Si vol m\u00e9s informaci\u00f3 pot accedir al seg\u00fcent <a href=\"https:\/\/www.agendatorroella.com\/ca\/programacio\/c\/5288-cursa-crematorrons.html\" target=\"_blank\" rel=\"noopener\"><strong>enlla\u00e7<\/strong><\/a>.<\/p>\n<p>Per a descarregar-se el cartell de la cursa, faci clic <strong><a href=\"https:\/\/curses.cat\/crematorrons2022\/cartell.jpg\" target=\"_blank\" rel=\"noopener\">aqu\u00ed<\/a><\/strong>.<\/p>\n<hr \/>\n<p>Fotografia: www.agendatorroella.com<\/p>\n","protected":false},"excerpt":{"rendered":"<p>Animi&#8217;s a participar en la carrera CremaTorrons! A Torroella de Montgr\u00ed ja s&#8217;ha tornat una tradici\u00f3 participar en la CremaTorrons despr\u00e9s de les festes de nadal i any nou. La CremaTorrons se celebra enguany el dia 23 de gener de  [&#8230;]<\/p>\n","protected":false},"author":1,"featured_media":18301,"comment_status":"open","ping_status":"open","sticky":false,"template":"","format":"standard","meta":{"footnotes":""},"categories":[116],"tags":[397],"class_list":["post-28760","post","type-post","status-publish","format-standard","has-post-thumbnail","hentry","category-activitats-a-lestartit","tag-activitats-a-lestartitcursesesport"],"yoast_head":"<!-- This site is optimized with the Yoast SEO plugin v27.1.1 - https:\/\/yoast.com\/product\/yoast-seo-wordpress\/ -->\n<title>CremaTorrons 2022 | Apartaments a l&#039;Estartit<\/title>\n<meta name=\"robots\" content=\"index, follow, max-snippet:-1, max-image-preview:large, max-video-preview:-1\" \/>\n<link rel=\"canonical\" href=\"https:\/\/sagavinaestartit.com\/ca\/crematorrons-2022\/\" \/>\n<meta property=\"og:locale\" content=\"ca_ES\" \/>\n<meta property=\"og:type\" content=\"article\" \/>\n<meta property=\"og:title\" content=\"CremaTorrons 2022 | Apartaments a l&#039;Estartit\" \/>\n<meta property=\"og:description\" content=\"Animi&#8217;s a participar en la carrera CremaTorrons! A Torroella de Montgr\u00ed ja s&#8217;ha tornat una tradici\u00f3 participar en la CremaTorrons despr\u00e9s de les festes de nadal i any nou. La CremaTorrons se celebra enguany el dia 23 de gener de [...]\" \/>\n<meta property=\"og:url\" content=\"https:\/\/sagavinaestartit.com\/ca\/crematorrons-2022\/\" \/>\n<meta property=\"og:site_name\" content=\"Apartaments a l&#039;Estartit\" \/>\n<meta property=\"article:published_time\" content=\"2022-01-13T13:44:34+00:00\" \/>\n<meta property=\"og:image\" content=\"https:\/\/sagavinaestartit.com\/wp-content\/uploads\/2022\/01\/crematorrons.jpg\" \/>\n\t<meta property=\"og:image:width\" content=\"850\" \/>\n\t<meta property=\"og:image:height\" content=\"550\" \/>\n\t<meta property=\"og:image:type\" content=\"image\/jpeg\" \/>\n<meta name=\"author\" content=\"tecnico_alojapro\" \/>\n<meta name=\"twitter:card\" content=\"summary_large_image\" \/>\n<meta name=\"twitter:label1\" content=\"Escrit per\" \/>\n\t<meta name=\"twitter:data1\" content=\"tecnico_alojapro\" \/>\n\t<meta name=\"twitter:label2\" content=\"Temps estimat de lectura\" \/>\n\t<meta name=\"twitter:data2\" content=\"1 minut\" \/>\n<script type=\"application\/ld+json\" class=\"yoast-schema-graph\">{\"@context\":\"https:\/\/schema.org\",\"@graph\":[{\"@type\":\"Article\",\"@id\":\"https:\/\/sagavinaestartit.com\/ca\/crematorrons-2022\/#article\",\"isPartOf\":{\"@id\":\"https:\/\/sagavinaestartit.com\/ca\/crematorrons-2022\/\"},\"author\":{\"name\":\"tecnico_alojapro\",\"@id\":\"https:\/\/sagavinaestartit.com\/ca\/#\/schema\/person\/72b3f9a420869474351007377bde83c0\"},\"headline\":\"CremaTorrons 2022\",\"datePublished\":\"2022-01-13T13:44:34+00:00\",\"mainEntityOfPage\":{\"@id\":\"https:\/\/sagavinaestartit.com\/ca\/crematorrons-2022\/\"},\"wordCount\":294,\"commentCount\":0,\"publisher\":{\"@id\":\"https:\/\/sagavinaestartit.com\/ca\/#organization\"},\"image\":{\"@id\":\"https:\/\/sagavinaestartit.com\/ca\/crematorrons-2022\/#primaryimage\"},\"thumbnailUrl\":\"https:\/\/sagavinaestartit.com\/wp-content\/uploads\/2022\/01\/crematorrons.jpg\",\"keywords\":[\"activitats a l'Estartit|curses|esport\"],\"articleSection\":[\"Activitats a l'Estartit\"],\"inLanguage\":\"ca\",\"potentialAction\":[{\"@type\":\"CommentAction\",\"name\":\"Comment\",\"target\":[\"https:\/\/sagavinaestartit.com\/ca\/crematorrons-2022\/#respond\"]}]},{\"@type\":\"WebPage\",\"@id\":\"https:\/\/sagavinaestartit.com\/ca\/crematorrons-2022\/\",\"url\":\"https:\/\/sagavinaestartit.com\/ca\/crematorrons-2022\/\",\"name\":\"CremaTorrons 2022 | Apartaments a l'Estartit\",\"isPartOf\":{\"@id\":\"https:\/\/sagavinaestartit.com\/ca\/#website\"},\"primaryImageOfPage\":{\"@id\":\"https:\/\/sagavinaestartit.com\/ca\/crematorrons-2022\/#primaryimage\"},\"image\":{\"@id\":\"https:\/\/sagavinaestartit.com\/ca\/crematorrons-2022\/#primaryimage\"},\"thumbnailUrl\":\"https:\/\/sagavinaestartit.com\/wp-content\/uploads\/2022\/01\/crematorrons.jpg\",\"datePublished\":\"2022-01-13T13:44:34+00:00\",\"breadcrumb\":{\"@id\":\"https:\/\/sagavinaestartit.com\/ca\/crematorrons-2022\/#breadcrumb\"},\"inLanguage\":\"ca\",\"potentialAction\":[{\"@type\":\"ReadAction\",\"target\":[\"https:\/\/sagavinaestartit.com\/ca\/crematorrons-2022\/\"]}]},{\"@type\":\"ImageObject\",\"inLanguage\":\"ca\",\"@id\":\"https:\/\/sagavinaestartit.com\/ca\/crematorrons-2022\/#primaryimage\",\"url\":\"https:\/\/sagavinaestartit.com\/wp-content\/uploads\/2022\/01\/crematorrons.jpg\",\"contentUrl\":\"https:\/\/sagavinaestartit.com\/wp-content\/uploads\/2022\/01\/crematorrons.jpg\",\"width\":850,\"height\":550,\"caption\":\"crematorrons\"},{\"@type\":\"BreadcrumbList\",\"@id\":\"https:\/\/sagavinaestartit.com\/ca\/crematorrons-2022\/#breadcrumb\",\"itemListElement\":[{\"@type\":\"ListItem\",\"position\":1,\"name\":\"Portada\",\"item\":\"https:\/\/sagavinaestartit.com\/ca\/home\/\"},{\"@type\":\"ListItem\",\"position\":2,\"name\":\"CremaTorrons 2022\"}]},{\"@type\":\"WebSite\",\"@id\":\"https:\/\/sagavinaestartit.com\/ca\/#website\",\"url\":\"https:\/\/sagavinaestartit.com\/ca\/\",\"name\":\"Sa Gavina Apartaments\",\"description\":\"Sa Gavina Apartaments\",\"publisher\":{\"@id\":\"https:\/\/sagavinaestartit.com\/ca\/#organization\"},\"potentialAction\":[{\"@type\":\"SearchAction\",\"target\":{\"@type\":\"EntryPoint\",\"urlTemplate\":\"https:\/\/sagavinaestartit.com\/ca\/?s={search_term_string}\"},\"query-input\":{\"@type\":\"PropertyValueSpecification\",\"valueRequired\":true,\"valueName\":\"search_term_string\"}}],\"inLanguage\":\"ca\"},{\"@type\":\"Organization\",\"@id\":\"https:\/\/sagavinaestartit.com\/ca\/#organization\",\"name\":\"Sa Gavina Apartaments\",\"url\":\"https:\/\/sagavinaestartit.com\/ca\/\",\"logo\":{\"@type\":\"ImageObject\",\"inLanguage\":\"ca\",\"@id\":\"https:\/\/sagavinaestartit.com\/ca\/#\/schema\/logo\/image\/\",\"url\":\"https:\/\/sagavinaestartit.com\/wp-content\/uploads\/2024\/12\/3-1.png\",\"contentUrl\":\"https:\/\/sagavinaestartit.com\/wp-content\/uploads\/2024\/12\/3-1.png\",\"width\":500,\"height\":200,\"caption\":\"Sa Gavina Apartaments\"},\"image\":{\"@id\":\"https:\/\/sagavinaestartit.com\/ca\/#\/schema\/logo\/image\/\"}},{\"@type\":\"Person\",\"@id\":\"https:\/\/sagavinaestartit.com\/ca\/#\/schema\/person\/72b3f9a420869474351007377bde83c0\",\"name\":\"tecnico_alojapro\",\"sameAs\":[\"https:\/\/sagavinaestartit.com\"]}]}<\/script>\n<!-- \/ Yoast SEO plugin. -->","yoast_head_json":{"title":"CremaTorrons 2022 | Apartaments a l'Estartit","robots":{"index":"index","follow":"follow","max-snippet":"max-snippet:-1","max-image-preview":"max-image-preview:large","max-video-preview":"max-video-preview:-1"},"canonical":"https:\/\/sagavinaestartit.com\/ca\/crematorrons-2022\/","og_locale":"ca_ES","og_type":"article","og_title":"CremaTorrons 2022 | Apartaments a l'Estartit","og_description":"Animi&#8217;s a participar en la carrera CremaTorrons! A Torroella de Montgr\u00ed ja s&#8217;ha tornat una tradici\u00f3 participar en la CremaTorrons despr\u00e9s de les festes de nadal i any nou. La CremaTorrons se celebra enguany el dia 23 de gener de [...]","og_url":"https:\/\/sagavinaestartit.com\/ca\/crematorrons-2022\/","og_site_name":"Apartaments a l'Estartit","article_published_time":"2022-01-13T13:44:34+00:00","og_image":[{"width":850,"height":550,"url":"https:\/\/sagavinaestartit.com\/wp-content\/uploads\/2022\/01\/crematorrons.jpg","type":"image\/jpeg"}],"author":"tecnico_alojapro","twitter_card":"summary_large_image","twitter_misc":{"Escrit per":"tecnico_alojapro","Temps estimat de lectura":"1 minut"},"schema":{"@context":"https:\/\/schema.org","@graph":[{"@type":"Article","@id":"https:\/\/sagavinaestartit.com\/ca\/crematorrons-2022\/#article","isPartOf":{"@id":"https:\/\/sagavinaestartit.com\/ca\/crematorrons-2022\/"},"author":{"name":"tecnico_alojapro","@id":"https:\/\/sagavinaestartit.com\/ca\/#\/schema\/person\/72b3f9a420869474351007377bde83c0"},"headline":"CremaTorrons 2022","datePublished":"2022-01-13T13:44:34+00:00","mainEntityOfPage":{"@id":"https:\/\/sagavinaestartit.com\/ca\/crematorrons-2022\/"},"wordCount":294,"commentCount":0,"publisher":{"@id":"https:\/\/sagavinaestartit.com\/ca\/#organization"},"image":{"@id":"https:\/\/sagavinaestartit.com\/ca\/crematorrons-2022\/#primaryimage"},"thumbnailUrl":"https:\/\/sagavinaestartit.com\/wp-content\/uploads\/2022\/01\/crematorrons.jpg","keywords":["activitats a l'Estartit|curses|esport"],"articleSection":["Activitats a l'Estartit"],"inLanguage":"ca","potentialAction":[{"@type":"CommentAction","name":"Comment","target":["https:\/\/sagavinaestartit.com\/ca\/crematorrons-2022\/#respond"]}]},{"@type":"WebPage","@id":"https:\/\/sagavinaestartit.com\/ca\/crematorrons-2022\/","url":"https:\/\/sagavinaestartit.com\/ca\/crematorrons-2022\/","name":"CremaTorrons 2022 | Apartaments a l'Estartit","isPartOf":{"@id":"https:\/\/sagavinaestartit.com\/ca\/#website"},"primaryImageOfPage":{"@id":"https:\/\/sagavinaestartit.com\/ca\/crematorrons-2022\/#primaryimage"},"image":{"@id":"https:\/\/sagavinaestartit.com\/ca\/crematorrons-2022\/#primaryimage"},"thumbnailUrl":"https:\/\/sagavinaestartit.com\/wp-content\/uploads\/2022\/01\/crematorrons.jpg","datePublished":"2022-01-13T13:44:34+00:00","breadcrumb":{"@id":"https:\/\/sagavinaestartit.com\/ca\/crematorrons-2022\/#breadcrumb"},"inLanguage":"ca","potentialAction":[{"@type":"ReadAction","target":["https:\/\/sagavinaestartit.com\/ca\/crematorrons-2022\/"]}]},{"@type":"ImageObject","inLanguage":"ca","@id":"https:\/\/sagavinaestartit.com\/ca\/crematorrons-2022\/#primaryimage","url":"https:\/\/sagavinaestartit.com\/wp-content\/uploads\/2022\/01\/crematorrons.jpg","contentUrl":"https:\/\/sagavinaestartit.com\/wp-content\/uploads\/2022\/01\/crematorrons.jpg","width":850,"height":550,"caption":"crematorrons"},{"@type":"BreadcrumbList","@id":"https:\/\/sagavinaestartit.com\/ca\/crematorrons-2022\/#breadcrumb","itemListElement":[{"@type":"ListItem","position":1,"name":"Portada","item":"https:\/\/sagavinaestartit.com\/ca\/home\/"},{"@type":"ListItem","position":2,"name":"CremaTorrons 2022"}]},{"@type":"WebSite","@id":"https:\/\/sagavinaestartit.com\/ca\/#website","url":"https:\/\/sagavinaestartit.com\/ca\/","name":"Sa Gavina Apartaments","description":"Sa Gavina Apartaments","publisher":{"@id":"https:\/\/sagavinaestartit.com\/ca\/#organization"},"potentialAction":[{"@type":"SearchAction","target":{"@type":"EntryPoint","urlTemplate":"https:\/\/sagavinaestartit.com\/ca\/?s={search_term_string}"},"query-input":{"@type":"PropertyValueSpecification","valueRequired":true,"valueName":"search_term_string"}}],"inLanguage":"ca"},{"@type":"Organization","@id":"https:\/\/sagavinaestartit.com\/ca\/#organization","name":"Sa Gavina Apartaments","url":"https:\/\/sagavinaestartit.com\/ca\/","logo":{"@type":"ImageObject","inLanguage":"ca","@id":"https:\/\/sagavinaestartit.com\/ca\/#\/schema\/logo\/image\/","url":"https:\/\/sagavinaestartit.com\/wp-content\/uploads\/2024\/12\/3-1.png","contentUrl":"https:\/\/sagavinaestartit.com\/wp-content\/uploads\/2024\/12\/3-1.png","width":500,"height":200,"caption":"Sa Gavina Apartaments"},"image":{"@id":"https:\/\/sagavinaestartit.com\/ca\/#\/schema\/logo\/image\/"}},{"@type":"Person","@id":"https:\/\/sagavinaestartit.com\/ca\/#\/schema\/person\/72b3f9a420869474351007377bde83c0","name":"tecnico_alojapro","sameAs":["https:\/\/sagavinaestartit.com"]}]}},"_links":{"self":[{"href":"https:\/\/sagavinaestartit.com\/ca\/wp-json\/wp\/v2\/posts\/28760","targetHints":{"allow":["GET"]}}],"collection":[{"href":"https:\/\/sagavinaestartit.com\/ca\/wp-json\/wp\/v2\/posts"}],"about":[{"href":"https:\/\/sagavinaestartit.com\/ca\/wp-json\/wp\/v2\/types\/post"}],"author":[{"embeddable":true,"href":"https:\/\/sagavinaestartit.com\/ca\/wp-json\/wp\/v2\/users\/1"}],"replies":[{"embeddable":true,"href":"https:\/\/sagavinaestartit.com\/ca\/wp-json\/wp\/v2\/comments?post=28760"}],"version-history":[{"count":0,"href":"https:\/\/sagavinaestartit.com\/ca\/wp-json\/wp\/v2\/posts\/28760\/revisions"}],"wp:featuredmedia":[{"embeddable":true,"href":"https:\/\/sagavinaestartit.com\/ca\/wp-json\/wp\/v2\/media\/18301"}],"wp:attachment":[{"href":"https:\/\/sagavinaestartit.com\/ca\/wp-json\/wp\/v2\/media?parent=28760"}],"wp:term":[{"taxonomy":"category","embeddable":true,"href":"https:\/\/sagavinaestartit.com\/ca\/wp-json\/wp\/v2\/categories?post=28760"},{"taxonomy":"post_tag","embeddable":true,"href":"https:\/\/sagavinaestartit.com\/ca\/wp-json\/wp\/v2\/tags?post=28760"}],"curies":[{"name":"wp","href":"https:\/\/api.w.org\/{rel}","templated":true}]}}