{"id":28682,"date":"2018-04-07T15:45:25","date_gmt":"2018-04-07T13:45:25","guid":{"rendered":"https:\/\/sagavinaestartit.com\/2018\/04\/07\/jornades-gastronomiques-de-la-clova-a-lestartit-durant-el-juny\/"},"modified":"2018-04-07T15:45:25","modified_gmt":"2018-04-07T13:45:25","slug":"jornades-gastronomiques-de-la-clova-a-lestartit-durant-el-juny","status":"publish","type":"post","link":"https:\/\/sagavinaestartit.com\/ca\/jornades-gastronomiques-de-la-clova-a-lestartit-durant-el-juny\/","title":{"rendered":"Jornades gastron\u00f2miques de la clova a l&#8217;Estartit durant el juny"},"content":{"rendered":"<p style=\"font-weight: 400; text-align: justify;\">Si els visitants dels nostres apartaments de lloguer a l&#8217;Estartit van poder gaudir al mes de maig de unes jornades gastron\u00f2miques que portaven per nom &#8220;De la Barca a la Taula&#8221;, el mes de juny \u00e9s moment per a l&#8217;edici\u00f3 n\u00famero 19 de les jornades basades a la cuina de la &#8220;clova&#8221;.<\/p>\n<p style=\"font-weight: 400; text-align: justify;\">Un total de 11 restaurants han preparat dos complets men\u00fas basats en una selecci\u00f3 d&#8217;esp\u00e8cies de clova entre les que podrem trobar: escopinyes, clo\u00efsses, cargols de mar, o tellerines, i uns segons plats on s&#8217;inclouen peixos de pesca local.<\/p>\n<p style=\"font-weight: 400; text-align: justify;\">Productes d&#8217;alta qualitat que s&#8217;acompanyen, a m\u00e9s, dels millors vins del Celler del Castell de Peralada.<\/p>\n<p style=\"font-weight: 400; text-align: justify;\">Aquests men\u00fas es poden consultar al seg\u00fcent enlla\u00e7, aix\u00ed com els restaurants participants en aquestes jornades tan apetitoses:\u00a0<a href=\"http:\/\/www.visitestartit.com\/es\/576\/Actividades-destacadas\/Jornadas-gastronomicas-\">http:\/\/www.visitestartit.com\/es\/576\/Actividades-destacadas\/Jornadas-gastronomicas-<\/a><\/p>\n","protected":false},"excerpt":{"rendered":"<p>Si els visitants dels nostres apartaments de lloguer a l&#8217;Estartit van poder gaudir al mes de maig de unes jornades gastron\u00f2miques que portaven per nom &#8220;De la Barca a la Taula&#8221;, el mes de juny \u00e9s moment per a l&#8217;edici\u00f3  [&#8230;]<\/p>\n","protected":false},"author":1,"featured_media":14123,"comment_status":"open","ping_status":"open","sticky":false,"template":"","format":"standard","meta":{"footnotes":""},"categories":[119],"tags":[],"class_list":["post-28682","post","type-post","status-publish","format-standard","has-post-thumbnail","hentry","category-novetats"],"yoast_head":"<!-- This site is optimized with the Yoast SEO plugin v27.1.1 - https:\/\/yoast.com\/product\/yoast-seo-wordpress\/ -->\n<title>Jornades gastron\u00f2miques de la clova a l&#039;Estartit durant el juny | Apartaments a l&#039;Estartit<\/title>\n<meta name=\"robots\" content=\"index, follow, max-snippet:-1, max-image-preview:large, max-video-preview:-1\" \/>\n<link rel=\"canonical\" href=\"https:\/\/sagavinaestartit.com\/ca\/jornades-gastronomiques-de-la-clova-a-lestartit-durant-el-juny\/\" \/>\n<meta property=\"og:locale\" content=\"ca_ES\" \/>\n<meta property=\"og:type\" content=\"article\" \/>\n<meta property=\"og:title\" content=\"Jornades gastron\u00f2miques de la clova a l&#039;Estartit durant el juny | Apartaments a l&#039;Estartit\" \/>\n<meta property=\"og:description\" content=\"Si els visitants dels nostres apartaments de lloguer a l&#8217;Estartit van poder gaudir al mes de maig de unes jornades gastron\u00f2miques que portaven per nom &#8220;De la Barca a la Taula&#8221;, el mes de juny \u00e9s moment per a l&#8217;edici\u00f3 [...]\" \/>\n<meta property=\"og:url\" content=\"https:\/\/sagavinaestartit.com\/ca\/jornades-gastronomiques-de-la-clova-a-lestartit-durant-el-juny\/\" \/>\n<meta property=\"og:site_name\" content=\"Apartaments a l&#039;Estartit\" \/>\n<meta property=\"article:published_time\" content=\"2018-04-07T13:45:25+00:00\" \/>\n<meta property=\"og:image\" content=\"https:\/\/sagavinaestartit.com\/wp-content\/uploads\/2018\/04\/large_alquiler_apartamentos_estartit_jornadas_gastronomicas_la_clova.jpg\" \/>\n\t<meta property=\"og:image:width\" content=\"295\" \/>\n\t<meta property=\"og:image:height\" content=\"500\" \/>\n\t<meta property=\"og:image:type\" content=\"image\/jpeg\" \/>\n<meta name=\"author\" content=\"tecnico_alojapro\" \/>\n<meta name=\"twitter:card\" content=\"summary_large_image\" \/>\n<meta name=\"twitter:label1\" content=\"Escrit per\" \/>\n\t<meta name=\"twitter:data1\" content=\"tecnico_alojapro\" \/>\n\t<meta name=\"twitter:label2\" content=\"Temps estimat de lectura\" \/>\n\t<meta name=\"twitter:data2\" content=\"1 minut\" \/>\n<script type=\"application\/ld+json\" class=\"yoast-schema-graph\">{\"@context\":\"https:\/\/schema.org\",\"@graph\":[{\"@type\":\"Article\",\"@id\":\"https:\/\/sagavinaestartit.com\/ca\/jornades-gastronomiques-de-la-clova-a-lestartit-durant-el-juny\/#article\",\"isPartOf\":{\"@id\":\"https:\/\/sagavinaestartit.com\/ca\/jornades-gastronomiques-de-la-clova-a-lestartit-durant-el-juny\/\"},\"author\":{\"name\":\"tecnico_alojapro\",\"@id\":\"https:\/\/sagavinaestartit.com\/ca\/#\/schema\/person\/72b3f9a420869474351007377bde83c0\"},\"headline\":\"Jornades gastron\u00f2miques de la clova a l&#8217;Estartit durant el juny\",\"datePublished\":\"2018-04-07T13:45:25+00:00\",\"mainEntityOfPage\":{\"@id\":\"https:\/\/sagavinaestartit.com\/ca\/jornades-gastronomiques-de-la-clova-a-lestartit-durant-el-juny\/\"},\"wordCount\":156,\"commentCount\":0,\"publisher\":{\"@id\":\"https:\/\/sagavinaestartit.com\/ca\/#organization\"},\"image\":{\"@id\":\"https:\/\/sagavinaestartit.com\/ca\/jornades-gastronomiques-de-la-clova-a-lestartit-durant-el-juny\/#primaryimage\"},\"thumbnailUrl\":\"https:\/\/sagavinaestartit.com\/wp-content\/uploads\/2018\/04\/large_alquiler_apartamentos_estartit_jornadas_gastronomicas_la_clova.jpg\",\"articleSection\":[\"Novetats\"],\"inLanguage\":\"ca\",\"potentialAction\":[{\"@type\":\"CommentAction\",\"name\":\"Comment\",\"target\":[\"https:\/\/sagavinaestartit.com\/ca\/jornades-gastronomiques-de-la-clova-a-lestartit-durant-el-juny\/#respond\"]}]},{\"@type\":\"WebPage\",\"@id\":\"https:\/\/sagavinaestartit.com\/ca\/jornades-gastronomiques-de-la-clova-a-lestartit-durant-el-juny\/\",\"url\":\"https:\/\/sagavinaestartit.com\/ca\/jornades-gastronomiques-de-la-clova-a-lestartit-durant-el-juny\/\",\"name\":\"Jornades gastron\u00f2miques de la clova a l'Estartit durant el juny | Apartaments a l'Estartit\",\"isPartOf\":{\"@id\":\"https:\/\/sagavinaestartit.com\/ca\/#website\"},\"primaryImageOfPage\":{\"@id\":\"https:\/\/sagavinaestartit.com\/ca\/jornades-gastronomiques-de-la-clova-a-lestartit-durant-el-juny\/#primaryimage\"},\"image\":{\"@id\":\"https:\/\/sagavinaestartit.com\/ca\/jornades-gastronomiques-de-la-clova-a-lestartit-durant-el-juny\/#primaryimage\"},\"thumbnailUrl\":\"https:\/\/sagavinaestartit.com\/wp-content\/uploads\/2018\/04\/large_alquiler_apartamentos_estartit_jornadas_gastronomicas_la_clova.jpg\",\"datePublished\":\"2018-04-07T13:45:25+00:00\",\"breadcrumb\":{\"@id\":\"https:\/\/sagavinaestartit.com\/ca\/jornades-gastronomiques-de-la-clova-a-lestartit-durant-el-juny\/#breadcrumb\"},\"inLanguage\":\"ca\",\"potentialAction\":[{\"@type\":\"ReadAction\",\"target\":[\"https:\/\/sagavinaestartit.com\/ca\/jornades-gastronomiques-de-la-clova-a-lestartit-durant-el-juny\/\"]}]},{\"@type\":\"ImageObject\",\"inLanguage\":\"ca\",\"@id\":\"https:\/\/sagavinaestartit.com\/ca\/jornades-gastronomiques-de-la-clova-a-lestartit-durant-el-juny\/#primaryimage\",\"url\":\"https:\/\/sagavinaestartit.com\/wp-content\/uploads\/2018\/04\/large_alquiler_apartamentos_estartit_jornadas_gastronomicas_la_clova.jpg\",\"contentUrl\":\"https:\/\/sagavinaestartit.com\/wp-content\/uploads\/2018\/04\/large_alquiler_apartamentos_estartit_jornadas_gastronomicas_la_clova.jpg\",\"width\":295,\"height\":500},{\"@type\":\"BreadcrumbList\",\"@id\":\"https:\/\/sagavinaestartit.com\/ca\/jornades-gastronomiques-de-la-clova-a-lestartit-durant-el-juny\/#breadcrumb\",\"itemListElement\":[{\"@type\":\"ListItem\",\"position\":1,\"name\":\"Portada\",\"item\":\"https:\/\/sagavinaestartit.com\/ca\/home\/\"},{\"@type\":\"ListItem\",\"position\":2,\"name\":\"Jornades gastron\u00f2miques de la clova a l&#8217;Estartit durant el juny\"}]},{\"@type\":\"WebSite\",\"@id\":\"https:\/\/sagavinaestartit.com\/ca\/#website\",\"url\":\"https:\/\/sagavinaestartit.com\/ca\/\",\"name\":\"Sa Gavina Apartaments\",\"description\":\"Sa Gavina Apartaments\",\"publisher\":{\"@id\":\"https:\/\/sagavinaestartit.com\/ca\/#organization\"},\"potentialAction\":[{\"@type\":\"SearchAction\",\"target\":{\"@type\":\"EntryPoint\",\"urlTemplate\":\"https:\/\/sagavinaestartit.com\/ca\/?s={search_term_string}\"},\"query-input\":{\"@type\":\"PropertyValueSpecification\",\"valueRequired\":true,\"valueName\":\"search_term_string\"}}],\"inLanguage\":\"ca\"},{\"@type\":\"Organization\",\"@id\":\"https:\/\/sagavinaestartit.com\/ca\/#organization\",\"name\":\"Sa Gavina Apartaments\",\"url\":\"https:\/\/sagavinaestartit.com\/ca\/\",\"logo\":{\"@type\":\"ImageObject\",\"inLanguage\":\"ca\",\"@id\":\"https:\/\/sagavinaestartit.com\/ca\/#\/schema\/logo\/image\/\",\"url\":\"https:\/\/sagavinaestartit.com\/wp-content\/uploads\/2024\/12\/3-1.png\",\"contentUrl\":\"https:\/\/sagavinaestartit.com\/wp-content\/uploads\/2024\/12\/3-1.png\",\"width\":500,\"height\":200,\"caption\":\"Sa Gavina Apartaments\"},\"image\":{\"@id\":\"https:\/\/sagavinaestartit.com\/ca\/#\/schema\/logo\/image\/\"}},{\"@type\":\"Person\",\"@id\":\"https:\/\/sagavinaestartit.com\/ca\/#\/schema\/person\/72b3f9a420869474351007377bde83c0\",\"name\":\"tecnico_alojapro\",\"sameAs\":[\"https:\/\/sagavinaestartit.com\"]}]}<\/script>\n<!-- \/ Yoast SEO plugin. -->","yoast_head_json":{"title":"Jornades gastron\u00f2miques de la clova a l'Estartit durant el juny | Apartaments a l'Estartit","robots":{"index":"index","follow":"follow","max-snippet":"max-snippet:-1","max-image-preview":"max-image-preview:large","max-video-preview":"max-video-preview:-1"},"canonical":"https:\/\/sagavinaestartit.com\/ca\/jornades-gastronomiques-de-la-clova-a-lestartit-durant-el-juny\/","og_locale":"ca_ES","og_type":"article","og_title":"Jornades gastron\u00f2miques de la clova a l'Estartit durant el juny | Apartaments a l'Estartit","og_description":"Si els visitants dels nostres apartaments de lloguer a l&#8217;Estartit van poder gaudir al mes de maig de unes jornades gastron\u00f2miques que portaven per nom &#8220;De la Barca a la Taula&#8221;, el mes de juny \u00e9s moment per a l&#8217;edici\u00f3 [...]","og_url":"https:\/\/sagavinaestartit.com\/ca\/jornades-gastronomiques-de-la-clova-a-lestartit-durant-el-juny\/","og_site_name":"Apartaments a l'Estartit","article_published_time":"2018-04-07T13:45:25+00:00","og_image":[{"width":295,"height":500,"url":"https:\/\/sagavinaestartit.com\/wp-content\/uploads\/2018\/04\/large_alquiler_apartamentos_estartit_jornadas_gastronomicas_la_clova.jpg","type":"image\/jpeg"}],"author":"tecnico_alojapro","twitter_card":"summary_large_image","twitter_misc":{"Escrit per":"tecnico_alojapro","Temps estimat de lectura":"1 minut"},"schema":{"@context":"https:\/\/schema.org","@graph":[{"@type":"Article","@id":"https:\/\/sagavinaestartit.com\/ca\/jornades-gastronomiques-de-la-clova-a-lestartit-durant-el-juny\/#article","isPartOf":{"@id":"https:\/\/sagavinaestartit.com\/ca\/jornades-gastronomiques-de-la-clova-a-lestartit-durant-el-juny\/"},"author":{"name":"tecnico_alojapro","@id":"https:\/\/sagavinaestartit.com\/ca\/#\/schema\/person\/72b3f9a420869474351007377bde83c0"},"headline":"Jornades gastron\u00f2miques de la clova a l&#8217;Estartit durant el juny","datePublished":"2018-04-07T13:45:25+00:00","mainEntityOfPage":{"@id":"https:\/\/sagavinaestartit.com\/ca\/jornades-gastronomiques-de-la-clova-a-lestartit-durant-el-juny\/"},"wordCount":156,"commentCount":0,"publisher":{"@id":"https:\/\/sagavinaestartit.com\/ca\/#organization"},"image":{"@id":"https:\/\/sagavinaestartit.com\/ca\/jornades-gastronomiques-de-la-clova-a-lestartit-durant-el-juny\/#primaryimage"},"thumbnailUrl":"https:\/\/sagavinaestartit.com\/wp-content\/uploads\/2018\/04\/large_alquiler_apartamentos_estartit_jornadas_gastronomicas_la_clova.jpg","articleSection":["Novetats"],"inLanguage":"ca","potentialAction":[{"@type":"CommentAction","name":"Comment","target":["https:\/\/sagavinaestartit.com\/ca\/jornades-gastronomiques-de-la-clova-a-lestartit-durant-el-juny\/#respond"]}]},{"@type":"WebPage","@id":"https:\/\/sagavinaestartit.com\/ca\/jornades-gastronomiques-de-la-clova-a-lestartit-durant-el-juny\/","url":"https:\/\/sagavinaestartit.com\/ca\/jornades-gastronomiques-de-la-clova-a-lestartit-durant-el-juny\/","name":"Jornades gastron\u00f2miques de la clova a l'Estartit durant el juny | Apartaments a l'Estartit","isPartOf":{"@id":"https:\/\/sagavinaestartit.com\/ca\/#website"},"primaryImageOfPage":{"@id":"https:\/\/sagavinaestartit.com\/ca\/jornades-gastronomiques-de-la-clova-a-lestartit-durant-el-juny\/#primaryimage"},"image":{"@id":"https:\/\/sagavinaestartit.com\/ca\/jornades-gastronomiques-de-la-clova-a-lestartit-durant-el-juny\/#primaryimage"},"thumbnailUrl":"https:\/\/sagavinaestartit.com\/wp-content\/uploads\/2018\/04\/large_alquiler_apartamentos_estartit_jornadas_gastronomicas_la_clova.jpg","datePublished":"2018-04-07T13:45:25+00:00","breadcrumb":{"@id":"https:\/\/sagavinaestartit.com\/ca\/jornades-gastronomiques-de-la-clova-a-lestartit-durant-el-juny\/#breadcrumb"},"inLanguage":"ca","potentialAction":[{"@type":"ReadAction","target":["https:\/\/sagavinaestartit.com\/ca\/jornades-gastronomiques-de-la-clova-a-lestartit-durant-el-juny\/"]}]},{"@type":"ImageObject","inLanguage":"ca","@id":"https:\/\/sagavinaestartit.com\/ca\/jornades-gastronomiques-de-la-clova-a-lestartit-durant-el-juny\/#primaryimage","url":"https:\/\/sagavinaestartit.com\/wp-content\/uploads\/2018\/04\/large_alquiler_apartamentos_estartit_jornadas_gastronomicas_la_clova.jpg","contentUrl":"https:\/\/sagavinaestartit.com\/wp-content\/uploads\/2018\/04\/large_alquiler_apartamentos_estartit_jornadas_gastronomicas_la_clova.jpg","width":295,"height":500},{"@type":"BreadcrumbList","@id":"https:\/\/sagavinaestartit.com\/ca\/jornades-gastronomiques-de-la-clova-a-lestartit-durant-el-juny\/#breadcrumb","itemListElement":[{"@type":"ListItem","position":1,"name":"Portada","item":"https:\/\/sagavinaestartit.com\/ca\/home\/"},{"@type":"ListItem","position":2,"name":"Jornades gastron\u00f2miques de la clova a l&#8217;Estartit durant el juny"}]},{"@type":"WebSite","@id":"https:\/\/sagavinaestartit.com\/ca\/#website","url":"https:\/\/sagavinaestartit.com\/ca\/","name":"Sa Gavina Apartaments","description":"Sa Gavina Apartaments","publisher":{"@id":"https:\/\/sagavinaestartit.com\/ca\/#organization"},"potentialAction":[{"@type":"SearchAction","target":{"@type":"EntryPoint","urlTemplate":"https:\/\/sagavinaestartit.com\/ca\/?s={search_term_string}"},"query-input":{"@type":"PropertyValueSpecification","valueRequired":true,"valueName":"search_term_string"}}],"inLanguage":"ca"},{"@type":"Organization","@id":"https:\/\/sagavinaestartit.com\/ca\/#organization","name":"Sa Gavina Apartaments","url":"https:\/\/sagavinaestartit.com\/ca\/","logo":{"@type":"ImageObject","inLanguage":"ca","@id":"https:\/\/sagavinaestartit.com\/ca\/#\/schema\/logo\/image\/","url":"https:\/\/sagavinaestartit.com\/wp-content\/uploads\/2024\/12\/3-1.png","contentUrl":"https:\/\/sagavinaestartit.com\/wp-content\/uploads\/2024\/12\/3-1.png","width":500,"height":200,"caption":"Sa Gavina Apartaments"},"image":{"@id":"https:\/\/sagavinaestartit.com\/ca\/#\/schema\/logo\/image\/"}},{"@type":"Person","@id":"https:\/\/sagavinaestartit.com\/ca\/#\/schema\/person\/72b3f9a420869474351007377bde83c0","name":"tecnico_alojapro","sameAs":["https:\/\/sagavinaestartit.com"]}]}},"_links":{"self":[{"href":"https:\/\/sagavinaestartit.com\/ca\/wp-json\/wp\/v2\/posts\/28682","targetHints":{"allow":["GET"]}}],"collection":[{"href":"https:\/\/sagavinaestartit.com\/ca\/wp-json\/wp\/v2\/posts"}],"about":[{"href":"https:\/\/sagavinaestartit.com\/ca\/wp-json\/wp\/v2\/types\/post"}],"author":[{"embeddable":true,"href":"https:\/\/sagavinaestartit.com\/ca\/wp-json\/wp\/v2\/users\/1"}],"replies":[{"embeddable":true,"href":"https:\/\/sagavinaestartit.com\/ca\/wp-json\/wp\/v2\/comments?post=28682"}],"version-history":[{"count":0,"href":"https:\/\/sagavinaestartit.com\/ca\/wp-json\/wp\/v2\/posts\/28682\/revisions"}],"wp:featuredmedia":[{"embeddable":true,"href":"https:\/\/sagavinaestartit.com\/ca\/wp-json\/wp\/v2\/media\/14123"}],"wp:attachment":[{"href":"https:\/\/sagavinaestartit.com\/ca\/wp-json\/wp\/v2\/media?parent=28682"}],"wp:term":[{"taxonomy":"category","embeddable":true,"href":"https:\/\/sagavinaestartit.com\/ca\/wp-json\/wp\/v2\/categories?post=28682"},{"taxonomy":"post_tag","embeddable":true,"href":"https:\/\/sagavinaestartit.com\/ca\/wp-json\/wp\/v2\/tags?post=28682"}],"curies":[{"name":"wp","href":"https:\/\/api.w.org\/{rel}","templated":true}]}}