{"id":28679,"date":"2018-04-07T16:30:41","date_gmt":"2018-04-07T14:30:41","guid":{"rendered":"https:\/\/sagavinaestartit.com\/2018\/04\/07\/37-edicio-del-festival-de-torroella-de-montgri\/"},"modified":"2018-04-07T16:30:41","modified_gmt":"2018-04-07T14:30:41","slug":"37-edicio-del-festival-de-torroella-de-montgri","status":"publish","type":"post","link":"https:\/\/sagavinaestartit.com\/ca\/37-edicio-del-festival-de-torroella-de-montgri\/","title":{"rendered":"37 edici\u00f3 del festival de Torroella de Montgr\u00ed"},"content":{"rendered":"<p style=\"font-weight: 400; text-align: justify;\">Els amants de la m\u00fasica cl\u00e0sica i coral que passeu les vostres vacances als apartaments de lloguer Sa Gavina a l&#8217;Estartit, teniu una cita amb el Festival de Torroella de Montrg\u00ed que enguany es celebrar\u00e0 entre el 28 de juliol i el 20 d&#8217;agost.<\/p>\n<p style=\"font-weight: 400; text-align: justify;\">Aquest Festival, que va n\u00e9ixer el 1981, \u00e9s membre de l&#8217;Associaci\u00f3 Europea de Festivals i tamb\u00e9 membre de la junta directiva FestClasica, a m\u00e9s de col\u00b7laborar activament amb la c\u00e0tedra de pol\u00edtiques culturals de la Unesco a la Universitat de Girona.<\/p>\n<p style=\"font-weight: 400; text-align: justify;\">Recentment, el Festival ha rebut el Effe Label 2017-2018 on es reconeix la qualitat art\u00edstica del mateix i se&#8217;l considera com un dels millors festivals d&#8217;Europa. I \u00e9s que el Festival de Torroella de Montgr\u00ed ha destacat en les seves edicions pr\u00e8vies per ser un punt de trobada per a un p\u00fablic divers on es d\u00f3na especial import\u00e0ncia a la relaci\u00f3 entre artistes joves i altres professionals ja consolidats. Tamb\u00e9 destaca per la solidesa de les instal\u00b7lacions on es duen a terme les actuacions de la seva programaci\u00f3.<\/p>\n<p style=\"font-weight: 400; text-align: justify;\">Un ampli programa musical<\/p>\n<p style=\"font-weight: 400; text-align: justify;\">Per a l&#8217;edici\u00f3 d&#8217;enguany, que ret homenatge al pianista bilba\u00ed Joaquin Ach\u00facarro, la m\u00fasica antiga torna a prendre especial protagonisme gr\u00e0cies a set concerts amb tres autors principals: Bach, Monteverdi i Telemann. Aix\u00ed mateix, autors com Haydn, Mozart o Beethoven tamb\u00e9 hi seran presents de la m\u00e0 del grup musical Acad\u00e8mia 1750.<\/p>\n<p style=\"font-weight: 400; text-align: justify;\">La m\u00fasica de cambra tamb\u00e9 formar\u00e0 part de la programaci\u00f3, de la mateixa manera que una proposta nova oferta per Soqquadro Itali\u00e0, un grup especialitzat en la barreja de cant, dansa, m\u00fasica i teatre que oferir\u00e0 una versi\u00f3, m\u00e9s contempor\u00e0nia, de l&#8217;Stabat Mater de Vivaldi.<\/p>\n<p style=\"font-weight: 400; text-align: justify;\">Finalment, int\u00e8rprets de prestigi internacional com Jordi Savall, Grigory Sokolov o la companyia La Maquin\u00e9, que compta amb nombrosos premis en el seu palmar\u00e8s, tamb\u00e9 formaran part del llistat d&#8217;actuacions del Festival.<\/p>\n<p style=\"font-weight: 400; text-align: justify;\">Per a m\u00e9s informaci\u00f3 sobre el Festival i l&#8217;adquisici\u00f3 d&#8217;entrades o abonaments, podeu consultar la p\u00e0gina oficial del mateix:\u00a0<a href=\"http:\/\/www.festivaldetorroella.cat\/\">http:\/\/www.festivaldetorroella.cat\/<\/a><\/p>\n","protected":false},"excerpt":{"rendered":"<p>Els amants de la m\u00fasica cl\u00e0sica i coral que passeu les vostres vacances als apartaments de lloguer Sa Gavina a l&#8217;Estartit, teniu una cita amb el Festival de Torroella de Montrg\u00ed que enguany es celebrar\u00e0 entre el 28 de juliol  [&#8230;]<\/p>\n","protected":false},"author":1,"featured_media":14082,"comment_status":"open","ping_status":"open","sticky":false,"template":"","format":"standard","meta":{"footnotes":""},"categories":[119],"tags":[],"class_list":["post-28679","post","type-post","status-publish","format-standard","has-post-thumbnail","hentry","category-novetats"],"yoast_head":"<!-- This site is optimized with the Yoast SEO plugin v27.1.1 - https:\/\/yoast.com\/product\/yoast-seo-wordpress\/ -->\n<title>37 edici\u00f3 del festival de Torroella de Montgr\u00ed | Apartaments a l&#039;Estartit<\/title>\n<meta name=\"robots\" content=\"index, follow, max-snippet:-1, max-image-preview:large, max-video-preview:-1\" \/>\n<link rel=\"canonical\" href=\"https:\/\/sagavinaestartit.com\/ca\/37-edicio-del-festival-de-torroella-de-montgri\/\" \/>\n<meta property=\"og:locale\" content=\"ca_ES\" \/>\n<meta property=\"og:type\" content=\"article\" \/>\n<meta property=\"og:title\" content=\"37 edici\u00f3 del festival de Torroella de Montgr\u00ed | Apartaments a l&#039;Estartit\" \/>\n<meta property=\"og:description\" content=\"Els amants de la m\u00fasica cl\u00e0sica i coral que passeu les vostres vacances als apartaments de lloguer Sa Gavina a l&#8217;Estartit, teniu una cita amb el Festival de Torroella de Montrg\u00ed que enguany es celebrar\u00e0 entre el 28 de juliol [...]\" \/>\n<meta property=\"og:url\" content=\"https:\/\/sagavinaestartit.com\/ca\/37-edicio-del-festival-de-torroella-de-montgri\/\" \/>\n<meta property=\"og:site_name\" content=\"Apartaments a l&#039;Estartit\" \/>\n<meta property=\"article:published_time\" content=\"2018-04-07T14:30:41+00:00\" \/>\n<meta property=\"og:image\" content=\"https:\/\/sagavinaestartit.com\/wp-content\/uploads\/2018\/04\/large_festival_torroella_alquiler_apartamentos_estartit.png\" \/>\n\t<meta property=\"og:image:width\" content=\"335\" \/>\n\t<meta property=\"og:image:height\" content=\"131\" \/>\n\t<meta property=\"og:image:type\" content=\"image\/png\" \/>\n<meta name=\"author\" content=\"tecnico_alojapro\" \/>\n<meta name=\"twitter:card\" content=\"summary_large_image\" \/>\n<meta name=\"twitter:label1\" content=\"Escrit per\" \/>\n\t<meta name=\"twitter:data1\" content=\"tecnico_alojapro\" \/>\n\t<meta name=\"twitter:label2\" content=\"Temps estimat de lectura\" \/>\n\t<meta name=\"twitter:data2\" content=\"2 minuts\" \/>\n<script type=\"application\/ld+json\" class=\"yoast-schema-graph\">{\"@context\":\"https:\/\/schema.org\",\"@graph\":[{\"@type\":\"Article\",\"@id\":\"https:\/\/sagavinaestartit.com\/ca\/37-edicio-del-festival-de-torroella-de-montgri\/#article\",\"isPartOf\":{\"@id\":\"https:\/\/sagavinaestartit.com\/ca\/37-edicio-del-festival-de-torroella-de-montgri\/\"},\"author\":{\"name\":\"tecnico_alojapro\",\"@id\":\"https:\/\/sagavinaestartit.com\/ca\/#\/schema\/person\/72b3f9a420869474351007377bde83c0\"},\"headline\":\"37 edici\u00f3 del festival de Torroella de Montgr\u00ed\",\"datePublished\":\"2018-04-07T14:30:41+00:00\",\"mainEntityOfPage\":{\"@id\":\"https:\/\/sagavinaestartit.com\/ca\/37-edicio-del-festival-de-torroella-de-montgri\/\"},\"wordCount\":368,\"commentCount\":0,\"publisher\":{\"@id\":\"https:\/\/sagavinaestartit.com\/ca\/#organization\"},\"image\":{\"@id\":\"https:\/\/sagavinaestartit.com\/ca\/37-edicio-del-festival-de-torroella-de-montgri\/#primaryimage\"},\"thumbnailUrl\":\"https:\/\/sagavinaestartit.com\/wp-content\/uploads\/2018\/04\/large_festival_torroella_alquiler_apartamentos_estartit.png\",\"articleSection\":[\"Novetats\"],\"inLanguage\":\"ca\",\"potentialAction\":[{\"@type\":\"CommentAction\",\"name\":\"Comment\",\"target\":[\"https:\/\/sagavinaestartit.com\/ca\/37-edicio-del-festival-de-torroella-de-montgri\/#respond\"]}]},{\"@type\":\"WebPage\",\"@id\":\"https:\/\/sagavinaestartit.com\/ca\/37-edicio-del-festival-de-torroella-de-montgri\/\",\"url\":\"https:\/\/sagavinaestartit.com\/ca\/37-edicio-del-festival-de-torroella-de-montgri\/\",\"name\":\"37 edici\u00f3 del festival de Torroella de Montgr\u00ed | Apartaments a l'Estartit\",\"isPartOf\":{\"@id\":\"https:\/\/sagavinaestartit.com\/ca\/#website\"},\"primaryImageOfPage\":{\"@id\":\"https:\/\/sagavinaestartit.com\/ca\/37-edicio-del-festival-de-torroella-de-montgri\/#primaryimage\"},\"image\":{\"@id\":\"https:\/\/sagavinaestartit.com\/ca\/37-edicio-del-festival-de-torroella-de-montgri\/#primaryimage\"},\"thumbnailUrl\":\"https:\/\/sagavinaestartit.com\/wp-content\/uploads\/2018\/04\/large_festival_torroella_alquiler_apartamentos_estartit.png\",\"datePublished\":\"2018-04-07T14:30:41+00:00\",\"breadcrumb\":{\"@id\":\"https:\/\/sagavinaestartit.com\/ca\/37-edicio-del-festival-de-torroella-de-montgri\/#breadcrumb\"},\"inLanguage\":\"ca\",\"potentialAction\":[{\"@type\":\"ReadAction\",\"target\":[\"https:\/\/sagavinaestartit.com\/ca\/37-edicio-del-festival-de-torroella-de-montgri\/\"]}]},{\"@type\":\"ImageObject\",\"inLanguage\":\"ca\",\"@id\":\"https:\/\/sagavinaestartit.com\/ca\/37-edicio-del-festival-de-torroella-de-montgri\/#primaryimage\",\"url\":\"https:\/\/sagavinaestartit.com\/wp-content\/uploads\/2018\/04\/large_festival_torroella_alquiler_apartamentos_estartit.png\",\"contentUrl\":\"https:\/\/sagavinaestartit.com\/wp-content\/uploads\/2018\/04\/large_festival_torroella_alquiler_apartamentos_estartit.png\",\"width\":335,\"height\":131},{\"@type\":\"BreadcrumbList\",\"@id\":\"https:\/\/sagavinaestartit.com\/ca\/37-edicio-del-festival-de-torroella-de-montgri\/#breadcrumb\",\"itemListElement\":[{\"@type\":\"ListItem\",\"position\":1,\"name\":\"Portada\",\"item\":\"https:\/\/sagavinaestartit.com\/ca\/home\/\"},{\"@type\":\"ListItem\",\"position\":2,\"name\":\"37 edici\u00f3 del festival de Torroella de Montgr\u00ed\"}]},{\"@type\":\"WebSite\",\"@id\":\"https:\/\/sagavinaestartit.com\/ca\/#website\",\"url\":\"https:\/\/sagavinaestartit.com\/ca\/\",\"name\":\"Sa Gavina Apartaments\",\"description\":\"Sa Gavina Apartaments\",\"publisher\":{\"@id\":\"https:\/\/sagavinaestartit.com\/ca\/#organization\"},\"potentialAction\":[{\"@type\":\"SearchAction\",\"target\":{\"@type\":\"EntryPoint\",\"urlTemplate\":\"https:\/\/sagavinaestartit.com\/ca\/?s={search_term_string}\"},\"query-input\":{\"@type\":\"PropertyValueSpecification\",\"valueRequired\":true,\"valueName\":\"search_term_string\"}}],\"inLanguage\":\"ca\"},{\"@type\":\"Organization\",\"@id\":\"https:\/\/sagavinaestartit.com\/ca\/#organization\",\"name\":\"Sa Gavina Apartaments\",\"url\":\"https:\/\/sagavinaestartit.com\/ca\/\",\"logo\":{\"@type\":\"ImageObject\",\"inLanguage\":\"ca\",\"@id\":\"https:\/\/sagavinaestartit.com\/ca\/#\/schema\/logo\/image\/\",\"url\":\"https:\/\/sagavinaestartit.com\/wp-content\/uploads\/2024\/12\/3-1.png\",\"contentUrl\":\"https:\/\/sagavinaestartit.com\/wp-content\/uploads\/2024\/12\/3-1.png\",\"width\":500,\"height\":200,\"caption\":\"Sa Gavina Apartaments\"},\"image\":{\"@id\":\"https:\/\/sagavinaestartit.com\/ca\/#\/schema\/logo\/image\/\"}},{\"@type\":\"Person\",\"@id\":\"https:\/\/sagavinaestartit.com\/ca\/#\/schema\/person\/72b3f9a420869474351007377bde83c0\",\"name\":\"tecnico_alojapro\",\"sameAs\":[\"https:\/\/sagavinaestartit.com\"]}]}<\/script>\n<!-- \/ Yoast SEO plugin. -->","yoast_head_json":{"title":"37 edici\u00f3 del festival de Torroella de Montgr\u00ed | Apartaments a l'Estartit","robots":{"index":"index","follow":"follow","max-snippet":"max-snippet:-1","max-image-preview":"max-image-preview:large","max-video-preview":"max-video-preview:-1"},"canonical":"https:\/\/sagavinaestartit.com\/ca\/37-edicio-del-festival-de-torroella-de-montgri\/","og_locale":"ca_ES","og_type":"article","og_title":"37 edici\u00f3 del festival de Torroella de Montgr\u00ed | Apartaments a l'Estartit","og_description":"Els amants de la m\u00fasica cl\u00e0sica i coral que passeu les vostres vacances als apartaments de lloguer Sa Gavina a l&#8217;Estartit, teniu una cita amb el Festival de Torroella de Montrg\u00ed que enguany es celebrar\u00e0 entre el 28 de juliol [...]","og_url":"https:\/\/sagavinaestartit.com\/ca\/37-edicio-del-festival-de-torroella-de-montgri\/","og_site_name":"Apartaments a l'Estartit","article_published_time":"2018-04-07T14:30:41+00:00","og_image":[{"width":335,"height":131,"url":"https:\/\/sagavinaestartit.com\/wp-content\/uploads\/2018\/04\/large_festival_torroella_alquiler_apartamentos_estartit.png","type":"image\/png"}],"author":"tecnico_alojapro","twitter_card":"summary_large_image","twitter_misc":{"Escrit per":"tecnico_alojapro","Temps estimat de lectura":"2 minuts"},"schema":{"@context":"https:\/\/schema.org","@graph":[{"@type":"Article","@id":"https:\/\/sagavinaestartit.com\/ca\/37-edicio-del-festival-de-torroella-de-montgri\/#article","isPartOf":{"@id":"https:\/\/sagavinaestartit.com\/ca\/37-edicio-del-festival-de-torroella-de-montgri\/"},"author":{"name":"tecnico_alojapro","@id":"https:\/\/sagavinaestartit.com\/ca\/#\/schema\/person\/72b3f9a420869474351007377bde83c0"},"headline":"37 edici\u00f3 del festival de Torroella de Montgr\u00ed","datePublished":"2018-04-07T14:30:41+00:00","mainEntityOfPage":{"@id":"https:\/\/sagavinaestartit.com\/ca\/37-edicio-del-festival-de-torroella-de-montgri\/"},"wordCount":368,"commentCount":0,"publisher":{"@id":"https:\/\/sagavinaestartit.com\/ca\/#organization"},"image":{"@id":"https:\/\/sagavinaestartit.com\/ca\/37-edicio-del-festival-de-torroella-de-montgri\/#primaryimage"},"thumbnailUrl":"https:\/\/sagavinaestartit.com\/wp-content\/uploads\/2018\/04\/large_festival_torroella_alquiler_apartamentos_estartit.png","articleSection":["Novetats"],"inLanguage":"ca","potentialAction":[{"@type":"CommentAction","name":"Comment","target":["https:\/\/sagavinaestartit.com\/ca\/37-edicio-del-festival-de-torroella-de-montgri\/#respond"]}]},{"@type":"WebPage","@id":"https:\/\/sagavinaestartit.com\/ca\/37-edicio-del-festival-de-torroella-de-montgri\/","url":"https:\/\/sagavinaestartit.com\/ca\/37-edicio-del-festival-de-torroella-de-montgri\/","name":"37 edici\u00f3 del festival de Torroella de Montgr\u00ed | Apartaments a l'Estartit","isPartOf":{"@id":"https:\/\/sagavinaestartit.com\/ca\/#website"},"primaryImageOfPage":{"@id":"https:\/\/sagavinaestartit.com\/ca\/37-edicio-del-festival-de-torroella-de-montgri\/#primaryimage"},"image":{"@id":"https:\/\/sagavinaestartit.com\/ca\/37-edicio-del-festival-de-torroella-de-montgri\/#primaryimage"},"thumbnailUrl":"https:\/\/sagavinaestartit.com\/wp-content\/uploads\/2018\/04\/large_festival_torroella_alquiler_apartamentos_estartit.png","datePublished":"2018-04-07T14:30:41+00:00","breadcrumb":{"@id":"https:\/\/sagavinaestartit.com\/ca\/37-edicio-del-festival-de-torroella-de-montgri\/#breadcrumb"},"inLanguage":"ca","potentialAction":[{"@type":"ReadAction","target":["https:\/\/sagavinaestartit.com\/ca\/37-edicio-del-festival-de-torroella-de-montgri\/"]}]},{"@type":"ImageObject","inLanguage":"ca","@id":"https:\/\/sagavinaestartit.com\/ca\/37-edicio-del-festival-de-torroella-de-montgri\/#primaryimage","url":"https:\/\/sagavinaestartit.com\/wp-content\/uploads\/2018\/04\/large_festival_torroella_alquiler_apartamentos_estartit.png","contentUrl":"https:\/\/sagavinaestartit.com\/wp-content\/uploads\/2018\/04\/large_festival_torroella_alquiler_apartamentos_estartit.png","width":335,"height":131},{"@type":"BreadcrumbList","@id":"https:\/\/sagavinaestartit.com\/ca\/37-edicio-del-festival-de-torroella-de-montgri\/#breadcrumb","itemListElement":[{"@type":"ListItem","position":1,"name":"Portada","item":"https:\/\/sagavinaestartit.com\/ca\/home\/"},{"@type":"ListItem","position":2,"name":"37 edici\u00f3 del festival de Torroella de Montgr\u00ed"}]},{"@type":"WebSite","@id":"https:\/\/sagavinaestartit.com\/ca\/#website","url":"https:\/\/sagavinaestartit.com\/ca\/","name":"Sa Gavina Apartaments","description":"Sa Gavina Apartaments","publisher":{"@id":"https:\/\/sagavinaestartit.com\/ca\/#organization"},"potentialAction":[{"@type":"SearchAction","target":{"@type":"EntryPoint","urlTemplate":"https:\/\/sagavinaestartit.com\/ca\/?s={search_term_string}"},"query-input":{"@type":"PropertyValueSpecification","valueRequired":true,"valueName":"search_term_string"}}],"inLanguage":"ca"},{"@type":"Organization","@id":"https:\/\/sagavinaestartit.com\/ca\/#organization","name":"Sa Gavina Apartaments","url":"https:\/\/sagavinaestartit.com\/ca\/","logo":{"@type":"ImageObject","inLanguage":"ca","@id":"https:\/\/sagavinaestartit.com\/ca\/#\/schema\/logo\/image\/","url":"https:\/\/sagavinaestartit.com\/wp-content\/uploads\/2024\/12\/3-1.png","contentUrl":"https:\/\/sagavinaestartit.com\/wp-content\/uploads\/2024\/12\/3-1.png","width":500,"height":200,"caption":"Sa Gavina Apartaments"},"image":{"@id":"https:\/\/sagavinaestartit.com\/ca\/#\/schema\/logo\/image\/"}},{"@type":"Person","@id":"https:\/\/sagavinaestartit.com\/ca\/#\/schema\/person\/72b3f9a420869474351007377bde83c0","name":"tecnico_alojapro","sameAs":["https:\/\/sagavinaestartit.com"]}]}},"_links":{"self":[{"href":"https:\/\/sagavinaestartit.com\/ca\/wp-json\/wp\/v2\/posts\/28679","targetHints":{"allow":["GET"]}}],"collection":[{"href":"https:\/\/sagavinaestartit.com\/ca\/wp-json\/wp\/v2\/posts"}],"about":[{"href":"https:\/\/sagavinaestartit.com\/ca\/wp-json\/wp\/v2\/types\/post"}],"author":[{"embeddable":true,"href":"https:\/\/sagavinaestartit.com\/ca\/wp-json\/wp\/v2\/users\/1"}],"replies":[{"embeddable":true,"href":"https:\/\/sagavinaestartit.com\/ca\/wp-json\/wp\/v2\/comments?post=28679"}],"version-history":[{"count":0,"href":"https:\/\/sagavinaestartit.com\/ca\/wp-json\/wp\/v2\/posts\/28679\/revisions"}],"wp:featuredmedia":[{"embeddable":true,"href":"https:\/\/sagavinaestartit.com\/ca\/wp-json\/wp\/v2\/media\/14082"}],"wp:attachment":[{"href":"https:\/\/sagavinaestartit.com\/ca\/wp-json\/wp\/v2\/media?parent=28679"}],"wp:term":[{"taxonomy":"category","embeddable":true,"href":"https:\/\/sagavinaestartit.com\/ca\/wp-json\/wp\/v2\/categories?post=28679"},{"taxonomy":"post_tag","embeddable":true,"href":"https:\/\/sagavinaestartit.com\/ca\/wp-json\/wp\/v2\/tags?post=28679"}],"curies":[{"name":"wp","href":"https:\/\/api.w.org\/{rel}","templated":true}]}}