{"id":28678,"date":"2018-04-07T16:45:15","date_gmt":"2018-04-07T14:45:15","guid":{"rendered":"https:\/\/sagavinaestartit.com\/2018\/04\/07\/jornades-gastronomiques-de-la-barca-a-la-taula-a-lestartit-durant-el-mes-de-maig\/"},"modified":"2018-04-07T16:45:15","modified_gmt":"2018-04-07T14:45:15","slug":"jornades-gastronomiques-de-la-barca-a-la-taula-a-lestartit-durant-el-mes-de-maig","status":"publish","type":"post","link":"https:\/\/sagavinaestartit.com\/ca\/jornades-gastronomiques-de-la-barca-a-la-taula-a-lestartit-durant-el-mes-de-maig\/","title":{"rendered":"Jornades gastron\u00f2miques &#8220;de la barca a la taula&#8221; a l&#8217;Estartit durant el mes de maig"},"content":{"rendered":"<p style=\"font-weight: 400; text-align: justify;\">Si durant el mes de maig us allotgeu en els nostres apartaments de lloguer a l&#8217;Estartit, podreu gaudir de les noves jornades gastron\u00f2miques organitzades per alguns restaurants ubicats a l&#8217;Estartit i Torroella de Montgr\u00ed.<\/p>\n<p style=\"font-weight: 400; text-align: justify;\">En concret, aquesta iniciativa compta amb la participaci\u00f3 de 10 restaurants de la zona que oferiran durant tot el mes de maig uns men\u00fas mariners a un preu de 20 \u20ac. Una ocasi\u00f3 \u00fanica per gaudir de la gastronomia t\u00edpica de la zona a un preu m\u00e9s que assequible per a tota la fam\u00edlia.<\/p>\n<p style=\"font-weight: 400; text-align: justify;\">Podeu consultar el llistat de restaurants i els detalls de cada un dels men\u00fas oferts en el seg\u00fcent enlla\u00e7:\u00a0<a href=\"https:\/\/www.facebook.com\/139652992802864\/photos\/a.139656069469223.20989.139652992802864\/1067525060015648\/?type=3&amp;theater\">https:\/\/www.facebook.com\/139652992802864\/photos\/a.139656069469223.20989.139652992802864\/1067525060015648\/?type=3&amp;theater<\/a><\/p>\n","protected":false},"excerpt":{"rendered":"<p>Si durant el mes de maig us allotgeu en els nostres apartaments de lloguer a l&#8217;Estartit, podreu gaudir de les noves jornades gastron\u00f2miques organitzades per alguns restaurants ubicats a l&#8217;Estartit i Torroella de Montgr\u00ed. En concret, aquesta iniciativa compta amb  [&#8230;]<\/p>\n","protected":false},"author":1,"featured_media":14069,"comment_status":"open","ping_status":"open","sticky":false,"template":"","format":"standard","meta":{"footnotes":""},"categories":[119],"tags":[],"class_list":["post-28678","post","type-post","status-publish","format-standard","has-post-thumbnail","hentry","category-novetats"],"yoast_head":"<!-- This site is optimized with the Yoast SEO plugin v27.1.1 - https:\/\/yoast.com\/product\/yoast-seo-wordpress\/ -->\n<title>Jornades gastron\u00f2miques &quot;de la barca a la taula&quot; a l&#039;Estartit durant el mes de maig | Apartaments a l&#039;Estartit<\/title>\n<meta name=\"robots\" content=\"index, follow, max-snippet:-1, max-image-preview:large, max-video-preview:-1\" \/>\n<link rel=\"canonical\" href=\"https:\/\/sagavinaestartit.com\/ca\/jornades-gastronomiques-de-la-barca-a-la-taula-a-lestartit-durant-el-mes-de-maig\/\" \/>\n<meta property=\"og:locale\" content=\"ca_ES\" \/>\n<meta property=\"og:type\" content=\"article\" \/>\n<meta property=\"og:title\" content=\"Jornades gastron\u00f2miques &quot;de la barca a la taula&quot; a l&#039;Estartit durant el mes de maig | Apartaments a l&#039;Estartit\" \/>\n<meta property=\"og:description\" content=\"Si durant el mes de maig us allotgeu en els nostres apartaments de lloguer a l&#8217;Estartit, podreu gaudir de les noves jornades gastron\u00f2miques organitzades per alguns restaurants ubicats a l&#8217;Estartit i Torroella de Montgr\u00ed. En concret, aquesta iniciativa compta amb [...]\" \/>\n<meta property=\"og:url\" content=\"https:\/\/sagavinaestartit.com\/ca\/jornades-gastronomiques-de-la-barca-a-la-taula-a-lestartit-durant-el-mes-de-maig\/\" \/>\n<meta property=\"og:site_name\" content=\"Apartaments a l&#039;Estartit\" \/>\n<meta property=\"article:published_time\" content=\"2018-04-07T14:45:15+00:00\" \/>\n<meta property=\"og:image\" content=\"https:\/\/sagavinaestartit.com\/wp-content\/uploads\/2018\/04\/large_jornadas_gastronomicas_barca_taula.jpg\" \/>\n\t<meta property=\"og:image:width\" content=\"305\" \/>\n\t<meta property=\"og:image:height\" content=\"500\" \/>\n\t<meta property=\"og:image:type\" content=\"image\/jpeg\" \/>\n<meta name=\"author\" content=\"tecnico_alojapro\" \/>\n<meta name=\"twitter:card\" content=\"summary_large_image\" \/>\n<meta name=\"twitter:label1\" content=\"Escrit per\" \/>\n\t<meta name=\"twitter:data1\" content=\"tecnico_alojapro\" \/>\n\t<meta name=\"twitter:label2\" content=\"Temps estimat de lectura\" \/>\n\t<meta name=\"twitter:data2\" content=\"1 minut\" \/>\n<script type=\"application\/ld+json\" class=\"yoast-schema-graph\">{\"@context\":\"https:\/\/schema.org\",\"@graph\":[{\"@type\":\"Article\",\"@id\":\"https:\/\/sagavinaestartit.com\/ca\/jornades-gastronomiques-de-la-barca-a-la-taula-a-lestartit-durant-el-mes-de-maig\/#article\",\"isPartOf\":{\"@id\":\"https:\/\/sagavinaestartit.com\/ca\/jornades-gastronomiques-de-la-barca-a-la-taula-a-lestartit-durant-el-mes-de-maig\/\"},\"author\":{\"name\":\"tecnico_alojapro\",\"@id\":\"https:\/\/sagavinaestartit.com\/ca\/#\/schema\/person\/72b3f9a420869474351007377bde83c0\"},\"headline\":\"Jornades gastron\u00f2miques &#8220;de la barca a la taula&#8221; a l&#8217;Estartit durant el mes de maig\",\"datePublished\":\"2018-04-07T14:45:15+00:00\",\"mainEntityOfPage\":{\"@id\":\"https:\/\/sagavinaestartit.com\/ca\/jornades-gastronomiques-de-la-barca-a-la-taula-a-lestartit-durant-el-mes-de-maig\/\"},\"wordCount\":139,\"commentCount\":0,\"publisher\":{\"@id\":\"https:\/\/sagavinaestartit.com\/ca\/#organization\"},\"image\":{\"@id\":\"https:\/\/sagavinaestartit.com\/ca\/jornades-gastronomiques-de-la-barca-a-la-taula-a-lestartit-durant-el-mes-de-maig\/#primaryimage\"},\"thumbnailUrl\":\"https:\/\/sagavinaestartit.com\/wp-content\/uploads\/2018\/04\/large_jornadas_gastronomicas_barca_taula.jpg\",\"articleSection\":[\"Novetats\"],\"inLanguage\":\"ca\",\"potentialAction\":[{\"@type\":\"CommentAction\",\"name\":\"Comment\",\"target\":[\"https:\/\/sagavinaestartit.com\/ca\/jornades-gastronomiques-de-la-barca-a-la-taula-a-lestartit-durant-el-mes-de-maig\/#respond\"]}]},{\"@type\":\"WebPage\",\"@id\":\"https:\/\/sagavinaestartit.com\/ca\/jornades-gastronomiques-de-la-barca-a-la-taula-a-lestartit-durant-el-mes-de-maig\/\",\"url\":\"https:\/\/sagavinaestartit.com\/ca\/jornades-gastronomiques-de-la-barca-a-la-taula-a-lestartit-durant-el-mes-de-maig\/\",\"name\":\"Jornades gastron\u00f2miques \\\"de la barca a la taula\\\" a l'Estartit durant el mes de maig | Apartaments a l'Estartit\",\"isPartOf\":{\"@id\":\"https:\/\/sagavinaestartit.com\/ca\/#website\"},\"primaryImageOfPage\":{\"@id\":\"https:\/\/sagavinaestartit.com\/ca\/jornades-gastronomiques-de-la-barca-a-la-taula-a-lestartit-durant-el-mes-de-maig\/#primaryimage\"},\"image\":{\"@id\":\"https:\/\/sagavinaestartit.com\/ca\/jornades-gastronomiques-de-la-barca-a-la-taula-a-lestartit-durant-el-mes-de-maig\/#primaryimage\"},\"thumbnailUrl\":\"https:\/\/sagavinaestartit.com\/wp-content\/uploads\/2018\/04\/large_jornadas_gastronomicas_barca_taula.jpg\",\"datePublished\":\"2018-04-07T14:45:15+00:00\",\"breadcrumb\":{\"@id\":\"https:\/\/sagavinaestartit.com\/ca\/jornades-gastronomiques-de-la-barca-a-la-taula-a-lestartit-durant-el-mes-de-maig\/#breadcrumb\"},\"inLanguage\":\"ca\",\"potentialAction\":[{\"@type\":\"ReadAction\",\"target\":[\"https:\/\/sagavinaestartit.com\/ca\/jornades-gastronomiques-de-la-barca-a-la-taula-a-lestartit-durant-el-mes-de-maig\/\"]}]},{\"@type\":\"ImageObject\",\"inLanguage\":\"ca\",\"@id\":\"https:\/\/sagavinaestartit.com\/ca\/jornades-gastronomiques-de-la-barca-a-la-taula-a-lestartit-durant-el-mes-de-maig\/#primaryimage\",\"url\":\"https:\/\/sagavinaestartit.com\/wp-content\/uploads\/2018\/04\/large_jornadas_gastronomicas_barca_taula.jpg\",\"contentUrl\":\"https:\/\/sagavinaestartit.com\/wp-content\/uploads\/2018\/04\/large_jornadas_gastronomicas_barca_taula.jpg\",\"width\":305,\"height\":500},{\"@type\":\"BreadcrumbList\",\"@id\":\"https:\/\/sagavinaestartit.com\/ca\/jornades-gastronomiques-de-la-barca-a-la-taula-a-lestartit-durant-el-mes-de-maig\/#breadcrumb\",\"itemListElement\":[{\"@type\":\"ListItem\",\"position\":1,\"name\":\"Portada\",\"item\":\"https:\/\/sagavinaestartit.com\/ca\/home\/\"},{\"@type\":\"ListItem\",\"position\":2,\"name\":\"Jornades gastron\u00f2miques &#8220;de la barca a la taula&#8221; a l&#8217;Estartit durant el mes de maig\"}]},{\"@type\":\"WebSite\",\"@id\":\"https:\/\/sagavinaestartit.com\/ca\/#website\",\"url\":\"https:\/\/sagavinaestartit.com\/ca\/\",\"name\":\"Sa Gavina Apartaments\",\"description\":\"Sa Gavina Apartaments\",\"publisher\":{\"@id\":\"https:\/\/sagavinaestartit.com\/ca\/#organization\"},\"potentialAction\":[{\"@type\":\"SearchAction\",\"target\":{\"@type\":\"EntryPoint\",\"urlTemplate\":\"https:\/\/sagavinaestartit.com\/ca\/?s={search_term_string}\"},\"query-input\":{\"@type\":\"PropertyValueSpecification\",\"valueRequired\":true,\"valueName\":\"search_term_string\"}}],\"inLanguage\":\"ca\"},{\"@type\":\"Organization\",\"@id\":\"https:\/\/sagavinaestartit.com\/ca\/#organization\",\"name\":\"Sa Gavina Apartaments\",\"url\":\"https:\/\/sagavinaestartit.com\/ca\/\",\"logo\":{\"@type\":\"ImageObject\",\"inLanguage\":\"ca\",\"@id\":\"https:\/\/sagavinaestartit.com\/ca\/#\/schema\/logo\/image\/\",\"url\":\"https:\/\/sagavinaestartit.com\/wp-content\/uploads\/2024\/12\/3-1.png\",\"contentUrl\":\"https:\/\/sagavinaestartit.com\/wp-content\/uploads\/2024\/12\/3-1.png\",\"width\":500,\"height\":200,\"caption\":\"Sa Gavina Apartaments\"},\"image\":{\"@id\":\"https:\/\/sagavinaestartit.com\/ca\/#\/schema\/logo\/image\/\"}},{\"@type\":\"Person\",\"@id\":\"https:\/\/sagavinaestartit.com\/ca\/#\/schema\/person\/72b3f9a420869474351007377bde83c0\",\"name\":\"tecnico_alojapro\",\"sameAs\":[\"https:\/\/sagavinaestartit.com\"]}]}<\/script>\n<!-- \/ Yoast SEO plugin. -->","yoast_head_json":{"title":"Jornades gastron\u00f2miques \"de la barca a la taula\" a l'Estartit durant el mes de maig | Apartaments a l'Estartit","robots":{"index":"index","follow":"follow","max-snippet":"max-snippet:-1","max-image-preview":"max-image-preview:large","max-video-preview":"max-video-preview:-1"},"canonical":"https:\/\/sagavinaestartit.com\/ca\/jornades-gastronomiques-de-la-barca-a-la-taula-a-lestartit-durant-el-mes-de-maig\/","og_locale":"ca_ES","og_type":"article","og_title":"Jornades gastron\u00f2miques \"de la barca a la taula\" a l'Estartit durant el mes de maig | Apartaments a l'Estartit","og_description":"Si durant el mes de maig us allotgeu en els nostres apartaments de lloguer a l&#8217;Estartit, podreu gaudir de les noves jornades gastron\u00f2miques organitzades per alguns restaurants ubicats a l&#8217;Estartit i Torroella de Montgr\u00ed. En concret, aquesta iniciativa compta amb [...]","og_url":"https:\/\/sagavinaestartit.com\/ca\/jornades-gastronomiques-de-la-barca-a-la-taula-a-lestartit-durant-el-mes-de-maig\/","og_site_name":"Apartaments a l'Estartit","article_published_time":"2018-04-07T14:45:15+00:00","og_image":[{"width":305,"height":500,"url":"https:\/\/sagavinaestartit.com\/wp-content\/uploads\/2018\/04\/large_jornadas_gastronomicas_barca_taula.jpg","type":"image\/jpeg"}],"author":"tecnico_alojapro","twitter_card":"summary_large_image","twitter_misc":{"Escrit per":"tecnico_alojapro","Temps estimat de lectura":"1 minut"},"schema":{"@context":"https:\/\/schema.org","@graph":[{"@type":"Article","@id":"https:\/\/sagavinaestartit.com\/ca\/jornades-gastronomiques-de-la-barca-a-la-taula-a-lestartit-durant-el-mes-de-maig\/#article","isPartOf":{"@id":"https:\/\/sagavinaestartit.com\/ca\/jornades-gastronomiques-de-la-barca-a-la-taula-a-lestartit-durant-el-mes-de-maig\/"},"author":{"name":"tecnico_alojapro","@id":"https:\/\/sagavinaestartit.com\/ca\/#\/schema\/person\/72b3f9a420869474351007377bde83c0"},"headline":"Jornades gastron\u00f2miques &#8220;de la barca a la taula&#8221; a l&#8217;Estartit durant el mes de maig","datePublished":"2018-04-07T14:45:15+00:00","mainEntityOfPage":{"@id":"https:\/\/sagavinaestartit.com\/ca\/jornades-gastronomiques-de-la-barca-a-la-taula-a-lestartit-durant-el-mes-de-maig\/"},"wordCount":139,"commentCount":0,"publisher":{"@id":"https:\/\/sagavinaestartit.com\/ca\/#organization"},"image":{"@id":"https:\/\/sagavinaestartit.com\/ca\/jornades-gastronomiques-de-la-barca-a-la-taula-a-lestartit-durant-el-mes-de-maig\/#primaryimage"},"thumbnailUrl":"https:\/\/sagavinaestartit.com\/wp-content\/uploads\/2018\/04\/large_jornadas_gastronomicas_barca_taula.jpg","articleSection":["Novetats"],"inLanguage":"ca","potentialAction":[{"@type":"CommentAction","name":"Comment","target":["https:\/\/sagavinaestartit.com\/ca\/jornades-gastronomiques-de-la-barca-a-la-taula-a-lestartit-durant-el-mes-de-maig\/#respond"]}]},{"@type":"WebPage","@id":"https:\/\/sagavinaestartit.com\/ca\/jornades-gastronomiques-de-la-barca-a-la-taula-a-lestartit-durant-el-mes-de-maig\/","url":"https:\/\/sagavinaestartit.com\/ca\/jornades-gastronomiques-de-la-barca-a-la-taula-a-lestartit-durant-el-mes-de-maig\/","name":"Jornades gastron\u00f2miques \"de la barca a la taula\" a l'Estartit durant el mes de maig | Apartaments a l'Estartit","isPartOf":{"@id":"https:\/\/sagavinaestartit.com\/ca\/#website"},"primaryImageOfPage":{"@id":"https:\/\/sagavinaestartit.com\/ca\/jornades-gastronomiques-de-la-barca-a-la-taula-a-lestartit-durant-el-mes-de-maig\/#primaryimage"},"image":{"@id":"https:\/\/sagavinaestartit.com\/ca\/jornades-gastronomiques-de-la-barca-a-la-taula-a-lestartit-durant-el-mes-de-maig\/#primaryimage"},"thumbnailUrl":"https:\/\/sagavinaestartit.com\/wp-content\/uploads\/2018\/04\/large_jornadas_gastronomicas_barca_taula.jpg","datePublished":"2018-04-07T14:45:15+00:00","breadcrumb":{"@id":"https:\/\/sagavinaestartit.com\/ca\/jornades-gastronomiques-de-la-barca-a-la-taula-a-lestartit-durant-el-mes-de-maig\/#breadcrumb"},"inLanguage":"ca","potentialAction":[{"@type":"ReadAction","target":["https:\/\/sagavinaestartit.com\/ca\/jornades-gastronomiques-de-la-barca-a-la-taula-a-lestartit-durant-el-mes-de-maig\/"]}]},{"@type":"ImageObject","inLanguage":"ca","@id":"https:\/\/sagavinaestartit.com\/ca\/jornades-gastronomiques-de-la-barca-a-la-taula-a-lestartit-durant-el-mes-de-maig\/#primaryimage","url":"https:\/\/sagavinaestartit.com\/wp-content\/uploads\/2018\/04\/large_jornadas_gastronomicas_barca_taula.jpg","contentUrl":"https:\/\/sagavinaestartit.com\/wp-content\/uploads\/2018\/04\/large_jornadas_gastronomicas_barca_taula.jpg","width":305,"height":500},{"@type":"BreadcrumbList","@id":"https:\/\/sagavinaestartit.com\/ca\/jornades-gastronomiques-de-la-barca-a-la-taula-a-lestartit-durant-el-mes-de-maig\/#breadcrumb","itemListElement":[{"@type":"ListItem","position":1,"name":"Portada","item":"https:\/\/sagavinaestartit.com\/ca\/home\/"},{"@type":"ListItem","position":2,"name":"Jornades gastron\u00f2miques &#8220;de la barca a la taula&#8221; a l&#8217;Estartit durant el mes de maig"}]},{"@type":"WebSite","@id":"https:\/\/sagavinaestartit.com\/ca\/#website","url":"https:\/\/sagavinaestartit.com\/ca\/","name":"Sa Gavina Apartaments","description":"Sa Gavina Apartaments","publisher":{"@id":"https:\/\/sagavinaestartit.com\/ca\/#organization"},"potentialAction":[{"@type":"SearchAction","target":{"@type":"EntryPoint","urlTemplate":"https:\/\/sagavinaestartit.com\/ca\/?s={search_term_string}"},"query-input":{"@type":"PropertyValueSpecification","valueRequired":true,"valueName":"search_term_string"}}],"inLanguage":"ca"},{"@type":"Organization","@id":"https:\/\/sagavinaestartit.com\/ca\/#organization","name":"Sa Gavina Apartaments","url":"https:\/\/sagavinaestartit.com\/ca\/","logo":{"@type":"ImageObject","inLanguage":"ca","@id":"https:\/\/sagavinaestartit.com\/ca\/#\/schema\/logo\/image\/","url":"https:\/\/sagavinaestartit.com\/wp-content\/uploads\/2024\/12\/3-1.png","contentUrl":"https:\/\/sagavinaestartit.com\/wp-content\/uploads\/2024\/12\/3-1.png","width":500,"height":200,"caption":"Sa Gavina Apartaments"},"image":{"@id":"https:\/\/sagavinaestartit.com\/ca\/#\/schema\/logo\/image\/"}},{"@type":"Person","@id":"https:\/\/sagavinaestartit.com\/ca\/#\/schema\/person\/72b3f9a420869474351007377bde83c0","name":"tecnico_alojapro","sameAs":["https:\/\/sagavinaestartit.com"]}]}},"_links":{"self":[{"href":"https:\/\/sagavinaestartit.com\/ca\/wp-json\/wp\/v2\/posts\/28678","targetHints":{"allow":["GET"]}}],"collection":[{"href":"https:\/\/sagavinaestartit.com\/ca\/wp-json\/wp\/v2\/posts"}],"about":[{"href":"https:\/\/sagavinaestartit.com\/ca\/wp-json\/wp\/v2\/types\/post"}],"author":[{"embeddable":true,"href":"https:\/\/sagavinaestartit.com\/ca\/wp-json\/wp\/v2\/users\/1"}],"replies":[{"embeddable":true,"href":"https:\/\/sagavinaestartit.com\/ca\/wp-json\/wp\/v2\/comments?post=28678"}],"version-history":[{"count":0,"href":"https:\/\/sagavinaestartit.com\/ca\/wp-json\/wp\/v2\/posts\/28678\/revisions"}],"wp:featuredmedia":[{"embeddable":true,"href":"https:\/\/sagavinaestartit.com\/ca\/wp-json\/wp\/v2\/media\/14069"}],"wp:attachment":[{"href":"https:\/\/sagavinaestartit.com\/ca\/wp-json\/wp\/v2\/media?parent=28678"}],"wp:term":[{"taxonomy":"category","embeddable":true,"href":"https:\/\/sagavinaestartit.com\/ca\/wp-json\/wp\/v2\/categories?post=28678"},{"taxonomy":"post_tag","embeddable":true,"href":"https:\/\/sagavinaestartit.com\/ca\/wp-json\/wp\/v2\/tags?post=28678"}],"curies":[{"name":"wp","href":"https:\/\/api.w.org\/{rel}","templated":true}]}}