{"id":28676,"date":"2018-04-07T17:15:04","date_gmt":"2018-04-07T15:15:04","guid":{"rendered":"https:\/\/sagavinaestartit.com\/2018\/04\/07\/white-summer-2017-23-dies-de-festival-i-allotjament-en-els-apartaments-de-lloguer-sa-gavina-a-lestartit\/"},"modified":"2018-04-07T17:15:04","modified_gmt":"2018-04-07T15:15:04","slug":"white-summer-2017-23-dies-de-festival-i-allotjament-en-els-apartaments-de-lloguer-sa-gavina-a-lestartit","status":"publish","type":"post","link":"https:\/\/sagavinaestartit.com\/ca\/white-summer-2017-23-dies-de-festival-i-allotjament-en-els-apartaments-de-lloguer-sa-gavina-a-lestartit\/","title":{"rendered":"White summer 2017: 23 dies de festival i allotjament en els apartaments de lloguer Sa gavina a l&#8217;Estartit"},"content":{"rendered":"<p style=\"font-weight: 400; text-align: justify;\">La nova edici\u00f3 del\u00a0<strong>Festival White Summer<\/strong>, que se celebra cada any molt a prop dels\u00a0<strong>apartaments de lloguer Sa Gavina a l&#8217;Estartit<\/strong>, ja t\u00e9 dates oficials:\u00a0<strong>del 5 al 27 d&#8217;agost\u00a0<\/strong>i en horari de 5 de la tarda fins la 1 de la matinada . Una oportunitat m\u00e9s per gaudir d&#8217;unes completes vacances a la Costa Brava aprofitant tota l&#8217;oferta d&#8217;activitats d&#8217;oci que s&#8217;ofereixen a la zona de l&#8217;Estartit i la Costa Brava.<\/p>\n<p style=\"font-weight: 400; text-align: justify;\">Un festival innovador<\/p>\n<p style=\"font-weight: 400; text-align: justify;\">El White Summer \u00e9s un festival innovador on es combina el\u00a0<strong>shopping creatiu<\/strong>, la\u00a0<strong>gastronomia<\/strong>\u00a0i l&#8217;<strong>oci d&#8217;autor<\/strong>\u00a0destinat a\u00a0<strong>p\u00fablic de totes les edats<\/strong>\u00a0i amb una acurada selecci\u00f3 de continguts d&#8217;art i comer\u00e7. Situat a la Masia Mas Gelabert, a Pals, ofereix als seus visitants m\u00e9s de 5.000 places de p\u00e0rquing i un aforament de 8.000 persones al dia.<\/p>\n<p style=\"font-weight: 400; text-align: justify;\">En l&#8217;edici\u00f3 2016, que\u00a0 va durar 22 dies, van acudir m\u00e9s de 120.000 persones que van poder gaudir dels 300 expositors que van participar al market creatiu, de la zona de Brandshow amb les millors marques, i d&#8217;una completa oferta gastron\u00f2mica amb 30 llocs itinerants de menjar i 3 restaurants d&#8217;autor. A m\u00e9s, tamb\u00e9 es van oferir 66 espectacles, tant visuals com musicals.<\/p>\n<p style=\"font-weight: 400; text-align: justify;\">Per a aquesta edici\u00f3 2017, l&#8217;organitzaci\u00f3 est\u00e0 treballant activament per oferir una programaci\u00f3 que sedueixi un cop m\u00e9s als seus assistents i que els animi a repetir any rere any atraient a m\u00e9s p\u00fablic interessat en aquest tipus d&#8217;esdeveniments.<\/p>\n<p style=\"font-weight: 400; text-align: justify;\">Podeu obtenir m\u00e9s informaci\u00f3 sobre el Festival White Summer a la seva p\u00e0gina oficial:<a href=\"http:\/\/www.sagavinaestartit.cat\/novetats\/%20http:\/www.whitesummer.es\/es\/inicio.html\">\u00a0http:\/\/www.whitesummer.es\/es\/inicio.html<\/a><\/p>\n","protected":false},"excerpt":{"rendered":"<p>La nova edici\u00f3 del\u00a0Festival White Summer, que se celebra cada any molt a prop dels\u00a0apartaments de lloguer Sa Gavina a l&#8217;Estartit, ja t\u00e9 dates oficials:\u00a0del 5 al 27 d&#8217;agost\u00a0i en horari de 5 de la tarda fins la 1 de  [&#8230;]<\/p>\n","protected":false},"author":1,"featured_media":14043,"comment_status":"open","ping_status":"open","sticky":false,"template":"","format":"standard","meta":{"footnotes":""},"categories":[119],"tags":[],"class_list":["post-28676","post","type-post","status-publish","format-standard","has-post-thumbnail","hentry","category-novetats"],"yoast_head":"<!-- This site is optimized with the Yoast SEO plugin v27.1.1 - https:\/\/yoast.com\/product\/yoast-seo-wordpress\/ -->\n<title>White summer 2017: 23 dies de festival i allotjament en els apartaments de lloguer Sa gavina a l&#039;Estartit | Apartaments a l&#039;Estartit<\/title>\n<meta name=\"robots\" content=\"index, follow, max-snippet:-1, max-image-preview:large, max-video-preview:-1\" \/>\n<link rel=\"canonical\" href=\"https:\/\/sagavinaestartit.com\/ca\/white-summer-2017-23-dies-de-festival-i-allotjament-en-els-apartaments-de-lloguer-sa-gavina-a-lestartit\/\" \/>\n<meta property=\"og:locale\" content=\"ca_ES\" \/>\n<meta property=\"og:type\" content=\"article\" \/>\n<meta property=\"og:title\" content=\"White summer 2017: 23 dies de festival i allotjament en els apartaments de lloguer Sa gavina a l&#039;Estartit | Apartaments a l&#039;Estartit\" \/>\n<meta property=\"og:description\" content=\"La nova edici\u00f3 del\u00a0Festival White Summer, que se celebra cada any molt a prop dels\u00a0apartaments de lloguer Sa Gavina a l&#8217;Estartit, ja t\u00e9 dates oficials:\u00a0del 5 al 27 d&#8217;agost\u00a0i en horari de 5 de la tarda fins la 1 de [...]\" \/>\n<meta property=\"og:url\" content=\"https:\/\/sagavinaestartit.com\/ca\/white-summer-2017-23-dies-de-festival-i-allotjament-en-els-apartaments-de-lloguer-sa-gavina-a-lestartit\/\" \/>\n<meta property=\"og:site_name\" content=\"Apartaments a l&#039;Estartit\" \/>\n<meta property=\"article:published_time\" content=\"2018-04-07T15:15:04+00:00\" \/>\n<meta property=\"og:image\" content=\"https:\/\/sagavinaestartit.com\/wp-content\/uploads\/2018\/04\/large_WHITE_SUMMER_KIDS_alquiler_apartamentos_estartit.jpg\" \/>\n\t<meta property=\"og:image:width\" content=\"335\" \/>\n\t<meta property=\"og:image:height\" content=\"224\" \/>\n\t<meta property=\"og:image:type\" content=\"image\/jpeg\" \/>\n<meta name=\"author\" content=\"tecnico_alojapro\" \/>\n<meta name=\"twitter:card\" content=\"summary_large_image\" \/>\n<meta name=\"twitter:label1\" content=\"Escrit per\" \/>\n\t<meta name=\"twitter:data1\" content=\"tecnico_alojapro\" \/>\n\t<meta name=\"twitter:label2\" content=\"Temps estimat de lectura\" \/>\n\t<meta name=\"twitter:data2\" content=\"1 minut\" \/>\n<script type=\"application\/ld+json\" class=\"yoast-schema-graph\">{\"@context\":\"https:\/\/schema.org\",\"@graph\":[{\"@type\":\"Article\",\"@id\":\"https:\/\/sagavinaestartit.com\/ca\/white-summer-2017-23-dies-de-festival-i-allotjament-en-els-apartaments-de-lloguer-sa-gavina-a-lestartit\/#article\",\"isPartOf\":{\"@id\":\"https:\/\/sagavinaestartit.com\/ca\/white-summer-2017-23-dies-de-festival-i-allotjament-en-els-apartaments-de-lloguer-sa-gavina-a-lestartit\/\"},\"author\":{\"name\":\"tecnico_alojapro\",\"@id\":\"https:\/\/sagavinaestartit.com\/ca\/#\/schema\/person\/72b3f9a420869474351007377bde83c0\"},\"headline\":\"White summer 2017: 23 dies de festival i allotjament en els apartaments de lloguer Sa gavina a l&#8217;Estartit\",\"datePublished\":\"2018-04-07T15:15:04+00:00\",\"mainEntityOfPage\":{\"@id\":\"https:\/\/sagavinaestartit.com\/ca\/white-summer-2017-23-dies-de-festival-i-allotjament-en-els-apartaments-de-lloguer-sa-gavina-a-lestartit\/\"},\"wordCount\":292,\"commentCount\":0,\"publisher\":{\"@id\":\"https:\/\/sagavinaestartit.com\/ca\/#organization\"},\"image\":{\"@id\":\"https:\/\/sagavinaestartit.com\/ca\/white-summer-2017-23-dies-de-festival-i-allotjament-en-els-apartaments-de-lloguer-sa-gavina-a-lestartit\/#primaryimage\"},\"thumbnailUrl\":\"https:\/\/sagavinaestartit.com\/wp-content\/uploads\/2018\/04\/large_WHITE_SUMMER_KIDS_alquiler_apartamentos_estartit.jpg\",\"articleSection\":[\"Novetats\"],\"inLanguage\":\"ca\",\"potentialAction\":[{\"@type\":\"CommentAction\",\"name\":\"Comment\",\"target\":[\"https:\/\/sagavinaestartit.com\/ca\/white-summer-2017-23-dies-de-festival-i-allotjament-en-els-apartaments-de-lloguer-sa-gavina-a-lestartit\/#respond\"]}]},{\"@type\":\"WebPage\",\"@id\":\"https:\/\/sagavinaestartit.com\/ca\/white-summer-2017-23-dies-de-festival-i-allotjament-en-els-apartaments-de-lloguer-sa-gavina-a-lestartit\/\",\"url\":\"https:\/\/sagavinaestartit.com\/ca\/white-summer-2017-23-dies-de-festival-i-allotjament-en-els-apartaments-de-lloguer-sa-gavina-a-lestartit\/\",\"name\":\"White summer 2017: 23 dies de festival i allotjament en els apartaments de lloguer Sa gavina a l'Estartit | Apartaments a l'Estartit\",\"isPartOf\":{\"@id\":\"https:\/\/sagavinaestartit.com\/ca\/#website\"},\"primaryImageOfPage\":{\"@id\":\"https:\/\/sagavinaestartit.com\/ca\/white-summer-2017-23-dies-de-festival-i-allotjament-en-els-apartaments-de-lloguer-sa-gavina-a-lestartit\/#primaryimage\"},\"image\":{\"@id\":\"https:\/\/sagavinaestartit.com\/ca\/white-summer-2017-23-dies-de-festival-i-allotjament-en-els-apartaments-de-lloguer-sa-gavina-a-lestartit\/#primaryimage\"},\"thumbnailUrl\":\"https:\/\/sagavinaestartit.com\/wp-content\/uploads\/2018\/04\/large_WHITE_SUMMER_KIDS_alquiler_apartamentos_estartit.jpg\",\"datePublished\":\"2018-04-07T15:15:04+00:00\",\"breadcrumb\":{\"@id\":\"https:\/\/sagavinaestartit.com\/ca\/white-summer-2017-23-dies-de-festival-i-allotjament-en-els-apartaments-de-lloguer-sa-gavina-a-lestartit\/#breadcrumb\"},\"inLanguage\":\"ca\",\"potentialAction\":[{\"@type\":\"ReadAction\",\"target\":[\"https:\/\/sagavinaestartit.com\/ca\/white-summer-2017-23-dies-de-festival-i-allotjament-en-els-apartaments-de-lloguer-sa-gavina-a-lestartit\/\"]}]},{\"@type\":\"ImageObject\",\"inLanguage\":\"ca\",\"@id\":\"https:\/\/sagavinaestartit.com\/ca\/white-summer-2017-23-dies-de-festival-i-allotjament-en-els-apartaments-de-lloguer-sa-gavina-a-lestartit\/#primaryimage\",\"url\":\"https:\/\/sagavinaestartit.com\/wp-content\/uploads\/2018\/04\/large_WHITE_SUMMER_KIDS_alquiler_apartamentos_estartit.jpg\",\"contentUrl\":\"https:\/\/sagavinaestartit.com\/wp-content\/uploads\/2018\/04\/large_WHITE_SUMMER_KIDS_alquiler_apartamentos_estartit.jpg\",\"width\":335,\"height\":224},{\"@type\":\"BreadcrumbList\",\"@id\":\"https:\/\/sagavinaestartit.com\/ca\/white-summer-2017-23-dies-de-festival-i-allotjament-en-els-apartaments-de-lloguer-sa-gavina-a-lestartit\/#breadcrumb\",\"itemListElement\":[{\"@type\":\"ListItem\",\"position\":1,\"name\":\"Portada\",\"item\":\"https:\/\/sagavinaestartit.com\/ca\/home\/\"},{\"@type\":\"ListItem\",\"position\":2,\"name\":\"White summer 2017: 23 dies de festival i allotjament en els apartaments de lloguer Sa gavina a l&#8217;Estartit\"}]},{\"@type\":\"WebSite\",\"@id\":\"https:\/\/sagavinaestartit.com\/ca\/#website\",\"url\":\"https:\/\/sagavinaestartit.com\/ca\/\",\"name\":\"Sa Gavina Apartaments\",\"description\":\"Sa Gavina Apartaments\",\"publisher\":{\"@id\":\"https:\/\/sagavinaestartit.com\/ca\/#organization\"},\"potentialAction\":[{\"@type\":\"SearchAction\",\"target\":{\"@type\":\"EntryPoint\",\"urlTemplate\":\"https:\/\/sagavinaestartit.com\/ca\/?s={search_term_string}\"},\"query-input\":{\"@type\":\"PropertyValueSpecification\",\"valueRequired\":true,\"valueName\":\"search_term_string\"}}],\"inLanguage\":\"ca\"},{\"@type\":\"Organization\",\"@id\":\"https:\/\/sagavinaestartit.com\/ca\/#organization\",\"name\":\"Sa Gavina Apartaments\",\"url\":\"https:\/\/sagavinaestartit.com\/ca\/\",\"logo\":{\"@type\":\"ImageObject\",\"inLanguage\":\"ca\",\"@id\":\"https:\/\/sagavinaestartit.com\/ca\/#\/schema\/logo\/image\/\",\"url\":\"https:\/\/sagavinaestartit.com\/wp-content\/uploads\/2024\/12\/3-1.png\",\"contentUrl\":\"https:\/\/sagavinaestartit.com\/wp-content\/uploads\/2024\/12\/3-1.png\",\"width\":500,\"height\":200,\"caption\":\"Sa Gavina Apartaments\"},\"image\":{\"@id\":\"https:\/\/sagavinaestartit.com\/ca\/#\/schema\/logo\/image\/\"}},{\"@type\":\"Person\",\"@id\":\"https:\/\/sagavinaestartit.com\/ca\/#\/schema\/person\/72b3f9a420869474351007377bde83c0\",\"name\":\"tecnico_alojapro\",\"sameAs\":[\"https:\/\/sagavinaestartit.com\"]}]}<\/script>\n<!-- \/ Yoast SEO plugin. -->","yoast_head_json":{"title":"White summer 2017: 23 dies de festival i allotjament en els apartaments de lloguer Sa gavina a l'Estartit | Apartaments a l'Estartit","robots":{"index":"index","follow":"follow","max-snippet":"max-snippet:-1","max-image-preview":"max-image-preview:large","max-video-preview":"max-video-preview:-1"},"canonical":"https:\/\/sagavinaestartit.com\/ca\/white-summer-2017-23-dies-de-festival-i-allotjament-en-els-apartaments-de-lloguer-sa-gavina-a-lestartit\/","og_locale":"ca_ES","og_type":"article","og_title":"White summer 2017: 23 dies de festival i allotjament en els apartaments de lloguer Sa gavina a l'Estartit | Apartaments a l'Estartit","og_description":"La nova edici\u00f3 del\u00a0Festival White Summer, que se celebra cada any molt a prop dels\u00a0apartaments de lloguer Sa Gavina a l&#8217;Estartit, ja t\u00e9 dates oficials:\u00a0del 5 al 27 d&#8217;agost\u00a0i en horari de 5 de la tarda fins la 1 de [...]","og_url":"https:\/\/sagavinaestartit.com\/ca\/white-summer-2017-23-dies-de-festival-i-allotjament-en-els-apartaments-de-lloguer-sa-gavina-a-lestartit\/","og_site_name":"Apartaments a l'Estartit","article_published_time":"2018-04-07T15:15:04+00:00","og_image":[{"width":335,"height":224,"url":"https:\/\/sagavinaestartit.com\/wp-content\/uploads\/2018\/04\/large_WHITE_SUMMER_KIDS_alquiler_apartamentos_estartit.jpg","type":"image\/jpeg"}],"author":"tecnico_alojapro","twitter_card":"summary_large_image","twitter_misc":{"Escrit per":"tecnico_alojapro","Temps estimat de lectura":"1 minut"},"schema":{"@context":"https:\/\/schema.org","@graph":[{"@type":"Article","@id":"https:\/\/sagavinaestartit.com\/ca\/white-summer-2017-23-dies-de-festival-i-allotjament-en-els-apartaments-de-lloguer-sa-gavina-a-lestartit\/#article","isPartOf":{"@id":"https:\/\/sagavinaestartit.com\/ca\/white-summer-2017-23-dies-de-festival-i-allotjament-en-els-apartaments-de-lloguer-sa-gavina-a-lestartit\/"},"author":{"name":"tecnico_alojapro","@id":"https:\/\/sagavinaestartit.com\/ca\/#\/schema\/person\/72b3f9a420869474351007377bde83c0"},"headline":"White summer 2017: 23 dies de festival i allotjament en els apartaments de lloguer Sa gavina a l&#8217;Estartit","datePublished":"2018-04-07T15:15:04+00:00","mainEntityOfPage":{"@id":"https:\/\/sagavinaestartit.com\/ca\/white-summer-2017-23-dies-de-festival-i-allotjament-en-els-apartaments-de-lloguer-sa-gavina-a-lestartit\/"},"wordCount":292,"commentCount":0,"publisher":{"@id":"https:\/\/sagavinaestartit.com\/ca\/#organization"},"image":{"@id":"https:\/\/sagavinaestartit.com\/ca\/white-summer-2017-23-dies-de-festival-i-allotjament-en-els-apartaments-de-lloguer-sa-gavina-a-lestartit\/#primaryimage"},"thumbnailUrl":"https:\/\/sagavinaestartit.com\/wp-content\/uploads\/2018\/04\/large_WHITE_SUMMER_KIDS_alquiler_apartamentos_estartit.jpg","articleSection":["Novetats"],"inLanguage":"ca","potentialAction":[{"@type":"CommentAction","name":"Comment","target":["https:\/\/sagavinaestartit.com\/ca\/white-summer-2017-23-dies-de-festival-i-allotjament-en-els-apartaments-de-lloguer-sa-gavina-a-lestartit\/#respond"]}]},{"@type":"WebPage","@id":"https:\/\/sagavinaestartit.com\/ca\/white-summer-2017-23-dies-de-festival-i-allotjament-en-els-apartaments-de-lloguer-sa-gavina-a-lestartit\/","url":"https:\/\/sagavinaestartit.com\/ca\/white-summer-2017-23-dies-de-festival-i-allotjament-en-els-apartaments-de-lloguer-sa-gavina-a-lestartit\/","name":"White summer 2017: 23 dies de festival i allotjament en els apartaments de lloguer Sa gavina a l'Estartit | Apartaments a l'Estartit","isPartOf":{"@id":"https:\/\/sagavinaestartit.com\/ca\/#website"},"primaryImageOfPage":{"@id":"https:\/\/sagavinaestartit.com\/ca\/white-summer-2017-23-dies-de-festival-i-allotjament-en-els-apartaments-de-lloguer-sa-gavina-a-lestartit\/#primaryimage"},"image":{"@id":"https:\/\/sagavinaestartit.com\/ca\/white-summer-2017-23-dies-de-festival-i-allotjament-en-els-apartaments-de-lloguer-sa-gavina-a-lestartit\/#primaryimage"},"thumbnailUrl":"https:\/\/sagavinaestartit.com\/wp-content\/uploads\/2018\/04\/large_WHITE_SUMMER_KIDS_alquiler_apartamentos_estartit.jpg","datePublished":"2018-04-07T15:15:04+00:00","breadcrumb":{"@id":"https:\/\/sagavinaestartit.com\/ca\/white-summer-2017-23-dies-de-festival-i-allotjament-en-els-apartaments-de-lloguer-sa-gavina-a-lestartit\/#breadcrumb"},"inLanguage":"ca","potentialAction":[{"@type":"ReadAction","target":["https:\/\/sagavinaestartit.com\/ca\/white-summer-2017-23-dies-de-festival-i-allotjament-en-els-apartaments-de-lloguer-sa-gavina-a-lestartit\/"]}]},{"@type":"ImageObject","inLanguage":"ca","@id":"https:\/\/sagavinaestartit.com\/ca\/white-summer-2017-23-dies-de-festival-i-allotjament-en-els-apartaments-de-lloguer-sa-gavina-a-lestartit\/#primaryimage","url":"https:\/\/sagavinaestartit.com\/wp-content\/uploads\/2018\/04\/large_WHITE_SUMMER_KIDS_alquiler_apartamentos_estartit.jpg","contentUrl":"https:\/\/sagavinaestartit.com\/wp-content\/uploads\/2018\/04\/large_WHITE_SUMMER_KIDS_alquiler_apartamentos_estartit.jpg","width":335,"height":224},{"@type":"BreadcrumbList","@id":"https:\/\/sagavinaestartit.com\/ca\/white-summer-2017-23-dies-de-festival-i-allotjament-en-els-apartaments-de-lloguer-sa-gavina-a-lestartit\/#breadcrumb","itemListElement":[{"@type":"ListItem","position":1,"name":"Portada","item":"https:\/\/sagavinaestartit.com\/ca\/home\/"},{"@type":"ListItem","position":2,"name":"White summer 2017: 23 dies de festival i allotjament en els apartaments de lloguer Sa gavina a l&#8217;Estartit"}]},{"@type":"WebSite","@id":"https:\/\/sagavinaestartit.com\/ca\/#website","url":"https:\/\/sagavinaestartit.com\/ca\/","name":"Sa Gavina Apartaments","description":"Sa Gavina Apartaments","publisher":{"@id":"https:\/\/sagavinaestartit.com\/ca\/#organization"},"potentialAction":[{"@type":"SearchAction","target":{"@type":"EntryPoint","urlTemplate":"https:\/\/sagavinaestartit.com\/ca\/?s={search_term_string}"},"query-input":{"@type":"PropertyValueSpecification","valueRequired":true,"valueName":"search_term_string"}}],"inLanguage":"ca"},{"@type":"Organization","@id":"https:\/\/sagavinaestartit.com\/ca\/#organization","name":"Sa Gavina Apartaments","url":"https:\/\/sagavinaestartit.com\/ca\/","logo":{"@type":"ImageObject","inLanguage":"ca","@id":"https:\/\/sagavinaestartit.com\/ca\/#\/schema\/logo\/image\/","url":"https:\/\/sagavinaestartit.com\/wp-content\/uploads\/2024\/12\/3-1.png","contentUrl":"https:\/\/sagavinaestartit.com\/wp-content\/uploads\/2024\/12\/3-1.png","width":500,"height":200,"caption":"Sa Gavina Apartaments"},"image":{"@id":"https:\/\/sagavinaestartit.com\/ca\/#\/schema\/logo\/image\/"}},{"@type":"Person","@id":"https:\/\/sagavinaestartit.com\/ca\/#\/schema\/person\/72b3f9a420869474351007377bde83c0","name":"tecnico_alojapro","sameAs":["https:\/\/sagavinaestartit.com"]}]}},"_links":{"self":[{"href":"https:\/\/sagavinaestartit.com\/ca\/wp-json\/wp\/v2\/posts\/28676","targetHints":{"allow":["GET"]}}],"collection":[{"href":"https:\/\/sagavinaestartit.com\/ca\/wp-json\/wp\/v2\/posts"}],"about":[{"href":"https:\/\/sagavinaestartit.com\/ca\/wp-json\/wp\/v2\/types\/post"}],"author":[{"embeddable":true,"href":"https:\/\/sagavinaestartit.com\/ca\/wp-json\/wp\/v2\/users\/1"}],"replies":[{"embeddable":true,"href":"https:\/\/sagavinaestartit.com\/ca\/wp-json\/wp\/v2\/comments?post=28676"}],"version-history":[{"count":0,"href":"https:\/\/sagavinaestartit.com\/ca\/wp-json\/wp\/v2\/posts\/28676\/revisions"}],"wp:featuredmedia":[{"embeddable":true,"href":"https:\/\/sagavinaestartit.com\/ca\/wp-json\/wp\/v2\/media\/14043"}],"wp:attachment":[{"href":"https:\/\/sagavinaestartit.com\/ca\/wp-json\/wp\/v2\/media?parent=28676"}],"wp:term":[{"taxonomy":"category","embeddable":true,"href":"https:\/\/sagavinaestartit.com\/ca\/wp-json\/wp\/v2\/categories?post=28676"},{"taxonomy":"post_tag","embeddable":true,"href":"https:\/\/sagavinaestartit.com\/ca\/wp-json\/wp\/v2\/tags?post=28676"}],"curies":[{"name":"wp","href":"https:\/\/api.w.org\/{rel}","templated":true}]}}