{"id":28671,"date":"2018-04-07T18:30:26","date_gmt":"2018-04-07T16:30:26","guid":{"rendered":"https:\/\/sagavinaestartit.com\/2018\/04\/07\/els-grans-iots-ja-poden-accedir-al-port-de-lestartit\/"},"modified":"2018-04-07T18:30:26","modified_gmt":"2018-04-07T16:30:26","slug":"els-grans-iots-ja-poden-accedir-al-port-de-lestartit","status":"publish","type":"post","link":"https:\/\/sagavinaestartit.com\/ca\/els-grans-iots-ja-poden-accedir-al-port-de-lestartit\/","title":{"rendered":"Els grans iots ja poden accedir al port de l&#8217;Estartit"},"content":{"rendered":"<p style=\"text-align: justify;\">El port de l&#8217;Estartit s&#8217;ha reformat \u00e0mpliament per poder acollir grans iots. Aix\u00f2 suposa, en conseq\u00fc\u00e8ncia, l&#8217;arribada d&#8217;un nou perfil de turista amb un poder adquisitiu elevat.<\/p>\n<p style=\"text-align: justify;\">Les previsions apunten que l&#8217;arribada d&#8217;aquest tipus de turista dinamitzar\u00e0 l&#8217;economia de l&#8217;Estartit, aportant beneficis tant a hotels com apartaments de lloguer i comer\u00e7 en general, tots ells atrets per les m\u00faltiples\u00a0<a href=\"http:\/\/www.sagavinaestartit.cat\/activitats\" target=\"_blank\" rel=\"noopener noreferrer\">activitats\u00a0<\/a>que es poden practicar a la zona i les seves\u00a0<a href=\"http:\/\/www.sagavinaestartit.cat\/activitats\/visita-al-castell-del-montgri-el-castell-de-la-muntanya-gris?__utma=66621100.1122831113.1474361577.1474361577.1474534584.2&amp;__utmb=66621100.40.10.1474534584&amp;__utmc=66621100&amp;__utmx=-&amp;__utmz=66621100.1474361577.1.1.utmcsr=google|utmccn=(organic)|utmcmd=organic|utmctr=(not%20provided)&amp;__utmv=-&amp;__utmk=220088606\" target=\"_blank\" rel=\"noopener noreferrer\">atraccions tur\u00edstiques<\/a>.<\/p>\n<p style=\"text-align: justify;\">Per aix\u00f2 s&#8217;ha constru\u00eft un espai de 50 metres on podran amarrar embarcacions de luxe i est\u00e0 prevista la projecci\u00f3, en posteriors fases, d&#8217;un nou edifici per a l&#8217;escola de vela i la instal\u00b7laci\u00f3 de punts d&#8217;energia renovable que complementin el\u00a0<a href=\"http:\/\/www.sagavinaestartit.cat\/novetats\/lloguer-d-apartaments-a-l-estartit-i-sostenibilitat-turistica?__utma=66621100.1122831113.1474361577.1474361577.1474534584.2&amp;__utmb=66621100.40.10.1474534584&amp;__utmc=66621100&amp;__utmx=-&amp;__utmz=66621100.1474361577.1.1.utmcsr=google|utmccn=(organic)|utmcmd=organic|utmctr=(not%20provided)&amp;__utmv=-&amp;__utmk=220088606\" target=\"_blank\" rel=\"noopener noreferrer\">model de sostenibilitat i efici\u00e8ncia energ\u00e8tica\u00a0<\/a>que ja s&#8217;aplica a la zona.<\/p>\n<p>&nbsp;<\/p>\n","protected":false},"excerpt":{"rendered":"<p>El port de l&#8217;Estartit s&#8217;ha reformat \u00e0mpliament per poder acollir grans iots. Aix\u00f2 suposa, en conseq\u00fc\u00e8ncia, l&#8217;arribada d&#8217;un nou perfil de turista amb un poder adquisitiu elevat. Les previsions apunten que l&#8217;arribada d&#8217;aquest tipus de turista dinamitzar\u00e0 l&#8217;economia de l&#8217;Estartit,  [&#8230;]<\/p>\n","protected":false},"author":1,"featured_media":13982,"comment_status":"open","ping_status":"open","sticky":false,"template":"","format":"standard","meta":{"footnotes":""},"categories":[119],"tags":[],"class_list":["post-28671","post","type-post","status-publish","format-standard","has-post-thumbnail","hentry","category-novetats"],"yoast_head":"<!-- This site is optimized with the Yoast SEO plugin v27.1.1 - https:\/\/yoast.com\/product\/yoast-seo-wordpress\/ -->\n<title>Els grans iots ja poden accedir al port de l&#039;Estartit | Apartaments a l&#039;Estartit<\/title>\n<meta name=\"robots\" content=\"index, follow, max-snippet:-1, max-image-preview:large, max-video-preview:-1\" \/>\n<link rel=\"canonical\" href=\"https:\/\/sagavinaestartit.com\/ca\/els-grans-iots-ja-poden-accedir-al-port-de-lestartit\/\" \/>\n<meta property=\"og:locale\" content=\"ca_ES\" \/>\n<meta property=\"og:type\" content=\"article\" \/>\n<meta property=\"og:title\" content=\"Els grans iots ja poden accedir al port de l&#039;Estartit | Apartaments a l&#039;Estartit\" \/>\n<meta property=\"og:description\" content=\"El port de l&#8217;Estartit s&#8217;ha reformat \u00e0mpliament per poder acollir grans iots. Aix\u00f2 suposa, en conseq\u00fc\u00e8ncia, l&#8217;arribada d&#8217;un nou perfil de turista amb un poder adquisitiu elevat. Les previsions apunten que l&#8217;arribada d&#8217;aquest tipus de turista dinamitzar\u00e0 l&#8217;economia de l&#8217;Estartit, [...]\" \/>\n<meta property=\"og:url\" content=\"https:\/\/sagavinaestartit.com\/ca\/els-grans-iots-ja-poden-accedir-al-port-de-lestartit\/\" \/>\n<meta property=\"og:site_name\" content=\"Apartaments a l&#039;Estartit\" \/>\n<meta property=\"article:published_time\" content=\"2018-04-07T16:30:26+00:00\" \/>\n<meta property=\"og:image\" content=\"https:\/\/sagavinaestartit.com\/wp-content\/uploads\/2018\/04\/large_yates_puerto_estartit.jpg\" \/>\n\t<meta property=\"og:image:width\" content=\"335\" \/>\n\t<meta property=\"og:image:height\" content=\"203\" \/>\n\t<meta property=\"og:image:type\" content=\"image\/jpeg\" \/>\n<meta name=\"author\" content=\"tecnico_alojapro\" \/>\n<meta name=\"twitter:card\" content=\"summary_large_image\" \/>\n<meta name=\"twitter:label1\" content=\"Escrit per\" \/>\n\t<meta name=\"twitter:data1\" content=\"tecnico_alojapro\" \/>\n\t<meta name=\"twitter:label2\" content=\"Temps estimat de lectura\" \/>\n\t<meta name=\"twitter:data2\" content=\"1 minut\" \/>\n<script type=\"application\/ld+json\" class=\"yoast-schema-graph\">{\"@context\":\"https:\/\/schema.org\",\"@graph\":[{\"@type\":\"Article\",\"@id\":\"https:\/\/sagavinaestartit.com\/ca\/els-grans-iots-ja-poden-accedir-al-port-de-lestartit\/#article\",\"isPartOf\":{\"@id\":\"https:\/\/sagavinaestartit.com\/ca\/els-grans-iots-ja-poden-accedir-al-port-de-lestartit\/\"},\"author\":{\"name\":\"tecnico_alojapro\",\"@id\":\"https:\/\/sagavinaestartit.com\/ca\/#\/schema\/person\/72b3f9a420869474351007377bde83c0\"},\"headline\":\"Els grans iots ja poden accedir al port de l&#8217;Estartit\",\"datePublished\":\"2018-04-07T16:30:26+00:00\",\"mainEntityOfPage\":{\"@id\":\"https:\/\/sagavinaestartit.com\/ca\/els-grans-iots-ja-poden-accedir-al-port-de-lestartit\/\"},\"wordCount\":156,\"commentCount\":0,\"publisher\":{\"@id\":\"https:\/\/sagavinaestartit.com\/ca\/#organization\"},\"image\":{\"@id\":\"https:\/\/sagavinaestartit.com\/ca\/els-grans-iots-ja-poden-accedir-al-port-de-lestartit\/#primaryimage\"},\"thumbnailUrl\":\"https:\/\/sagavinaestartit.com\/wp-content\/uploads\/2018\/04\/large_yates_puerto_estartit.jpg\",\"articleSection\":[\"Novetats\"],\"inLanguage\":\"ca\",\"potentialAction\":[{\"@type\":\"CommentAction\",\"name\":\"Comment\",\"target\":[\"https:\/\/sagavinaestartit.com\/ca\/els-grans-iots-ja-poden-accedir-al-port-de-lestartit\/#respond\"]}]},{\"@type\":\"WebPage\",\"@id\":\"https:\/\/sagavinaestartit.com\/ca\/els-grans-iots-ja-poden-accedir-al-port-de-lestartit\/\",\"url\":\"https:\/\/sagavinaestartit.com\/ca\/els-grans-iots-ja-poden-accedir-al-port-de-lestartit\/\",\"name\":\"Els grans iots ja poden accedir al port de l'Estartit | Apartaments a l'Estartit\",\"isPartOf\":{\"@id\":\"https:\/\/sagavinaestartit.com\/ca\/#website\"},\"primaryImageOfPage\":{\"@id\":\"https:\/\/sagavinaestartit.com\/ca\/els-grans-iots-ja-poden-accedir-al-port-de-lestartit\/#primaryimage\"},\"image\":{\"@id\":\"https:\/\/sagavinaestartit.com\/ca\/els-grans-iots-ja-poden-accedir-al-port-de-lestartit\/#primaryimage\"},\"thumbnailUrl\":\"https:\/\/sagavinaestartit.com\/wp-content\/uploads\/2018\/04\/large_yates_puerto_estartit.jpg\",\"datePublished\":\"2018-04-07T16:30:26+00:00\",\"breadcrumb\":{\"@id\":\"https:\/\/sagavinaestartit.com\/ca\/els-grans-iots-ja-poden-accedir-al-port-de-lestartit\/#breadcrumb\"},\"inLanguage\":\"ca\",\"potentialAction\":[{\"@type\":\"ReadAction\",\"target\":[\"https:\/\/sagavinaestartit.com\/ca\/els-grans-iots-ja-poden-accedir-al-port-de-lestartit\/\"]}]},{\"@type\":\"ImageObject\",\"inLanguage\":\"ca\",\"@id\":\"https:\/\/sagavinaestartit.com\/ca\/els-grans-iots-ja-poden-accedir-al-port-de-lestartit\/#primaryimage\",\"url\":\"https:\/\/sagavinaestartit.com\/wp-content\/uploads\/2018\/04\/large_yates_puerto_estartit.jpg\",\"contentUrl\":\"https:\/\/sagavinaestartit.com\/wp-content\/uploads\/2018\/04\/large_yates_puerto_estartit.jpg\",\"width\":335,\"height\":203},{\"@type\":\"BreadcrumbList\",\"@id\":\"https:\/\/sagavinaestartit.com\/ca\/els-grans-iots-ja-poden-accedir-al-port-de-lestartit\/#breadcrumb\",\"itemListElement\":[{\"@type\":\"ListItem\",\"position\":1,\"name\":\"Portada\",\"item\":\"https:\/\/sagavinaestartit.com\/ca\/home\/\"},{\"@type\":\"ListItem\",\"position\":2,\"name\":\"Els grans iots ja poden accedir al port de l&#8217;Estartit\"}]},{\"@type\":\"WebSite\",\"@id\":\"https:\/\/sagavinaestartit.com\/ca\/#website\",\"url\":\"https:\/\/sagavinaestartit.com\/ca\/\",\"name\":\"Sa Gavina Apartaments\",\"description\":\"Sa Gavina Apartaments\",\"publisher\":{\"@id\":\"https:\/\/sagavinaestartit.com\/ca\/#organization\"},\"potentialAction\":[{\"@type\":\"SearchAction\",\"target\":{\"@type\":\"EntryPoint\",\"urlTemplate\":\"https:\/\/sagavinaestartit.com\/ca\/?s={search_term_string}\"},\"query-input\":{\"@type\":\"PropertyValueSpecification\",\"valueRequired\":true,\"valueName\":\"search_term_string\"}}],\"inLanguage\":\"ca\"},{\"@type\":\"Organization\",\"@id\":\"https:\/\/sagavinaestartit.com\/ca\/#organization\",\"name\":\"Sa Gavina Apartaments\",\"url\":\"https:\/\/sagavinaestartit.com\/ca\/\",\"logo\":{\"@type\":\"ImageObject\",\"inLanguage\":\"ca\",\"@id\":\"https:\/\/sagavinaestartit.com\/ca\/#\/schema\/logo\/image\/\",\"url\":\"https:\/\/sagavinaestartit.com\/wp-content\/uploads\/2024\/12\/3-1.png\",\"contentUrl\":\"https:\/\/sagavinaestartit.com\/wp-content\/uploads\/2024\/12\/3-1.png\",\"width\":500,\"height\":200,\"caption\":\"Sa Gavina Apartaments\"},\"image\":{\"@id\":\"https:\/\/sagavinaestartit.com\/ca\/#\/schema\/logo\/image\/\"}},{\"@type\":\"Person\",\"@id\":\"https:\/\/sagavinaestartit.com\/ca\/#\/schema\/person\/72b3f9a420869474351007377bde83c0\",\"name\":\"tecnico_alojapro\",\"sameAs\":[\"https:\/\/sagavinaestartit.com\"]}]}<\/script>\n<!-- \/ Yoast SEO plugin. -->","yoast_head_json":{"title":"Els grans iots ja poden accedir al port de l'Estartit | Apartaments a l'Estartit","robots":{"index":"index","follow":"follow","max-snippet":"max-snippet:-1","max-image-preview":"max-image-preview:large","max-video-preview":"max-video-preview:-1"},"canonical":"https:\/\/sagavinaestartit.com\/ca\/els-grans-iots-ja-poden-accedir-al-port-de-lestartit\/","og_locale":"ca_ES","og_type":"article","og_title":"Els grans iots ja poden accedir al port de l'Estartit | Apartaments a l'Estartit","og_description":"El port de l&#8217;Estartit s&#8217;ha reformat \u00e0mpliament per poder acollir grans iots. Aix\u00f2 suposa, en conseq\u00fc\u00e8ncia, l&#8217;arribada d&#8217;un nou perfil de turista amb un poder adquisitiu elevat. Les previsions apunten que l&#8217;arribada d&#8217;aquest tipus de turista dinamitzar\u00e0 l&#8217;economia de l&#8217;Estartit, [...]","og_url":"https:\/\/sagavinaestartit.com\/ca\/els-grans-iots-ja-poden-accedir-al-port-de-lestartit\/","og_site_name":"Apartaments a l'Estartit","article_published_time":"2018-04-07T16:30:26+00:00","og_image":[{"width":335,"height":203,"url":"https:\/\/sagavinaestartit.com\/wp-content\/uploads\/2018\/04\/large_yates_puerto_estartit.jpg","type":"image\/jpeg"}],"author":"tecnico_alojapro","twitter_card":"summary_large_image","twitter_misc":{"Escrit per":"tecnico_alojapro","Temps estimat de lectura":"1 minut"},"schema":{"@context":"https:\/\/schema.org","@graph":[{"@type":"Article","@id":"https:\/\/sagavinaestartit.com\/ca\/els-grans-iots-ja-poden-accedir-al-port-de-lestartit\/#article","isPartOf":{"@id":"https:\/\/sagavinaestartit.com\/ca\/els-grans-iots-ja-poden-accedir-al-port-de-lestartit\/"},"author":{"name":"tecnico_alojapro","@id":"https:\/\/sagavinaestartit.com\/ca\/#\/schema\/person\/72b3f9a420869474351007377bde83c0"},"headline":"Els grans iots ja poden accedir al port de l&#8217;Estartit","datePublished":"2018-04-07T16:30:26+00:00","mainEntityOfPage":{"@id":"https:\/\/sagavinaestartit.com\/ca\/els-grans-iots-ja-poden-accedir-al-port-de-lestartit\/"},"wordCount":156,"commentCount":0,"publisher":{"@id":"https:\/\/sagavinaestartit.com\/ca\/#organization"},"image":{"@id":"https:\/\/sagavinaestartit.com\/ca\/els-grans-iots-ja-poden-accedir-al-port-de-lestartit\/#primaryimage"},"thumbnailUrl":"https:\/\/sagavinaestartit.com\/wp-content\/uploads\/2018\/04\/large_yates_puerto_estartit.jpg","articleSection":["Novetats"],"inLanguage":"ca","potentialAction":[{"@type":"CommentAction","name":"Comment","target":["https:\/\/sagavinaestartit.com\/ca\/els-grans-iots-ja-poden-accedir-al-port-de-lestartit\/#respond"]}]},{"@type":"WebPage","@id":"https:\/\/sagavinaestartit.com\/ca\/els-grans-iots-ja-poden-accedir-al-port-de-lestartit\/","url":"https:\/\/sagavinaestartit.com\/ca\/els-grans-iots-ja-poden-accedir-al-port-de-lestartit\/","name":"Els grans iots ja poden accedir al port de l'Estartit | Apartaments a l'Estartit","isPartOf":{"@id":"https:\/\/sagavinaestartit.com\/ca\/#website"},"primaryImageOfPage":{"@id":"https:\/\/sagavinaestartit.com\/ca\/els-grans-iots-ja-poden-accedir-al-port-de-lestartit\/#primaryimage"},"image":{"@id":"https:\/\/sagavinaestartit.com\/ca\/els-grans-iots-ja-poden-accedir-al-port-de-lestartit\/#primaryimage"},"thumbnailUrl":"https:\/\/sagavinaestartit.com\/wp-content\/uploads\/2018\/04\/large_yates_puerto_estartit.jpg","datePublished":"2018-04-07T16:30:26+00:00","breadcrumb":{"@id":"https:\/\/sagavinaestartit.com\/ca\/els-grans-iots-ja-poden-accedir-al-port-de-lestartit\/#breadcrumb"},"inLanguage":"ca","potentialAction":[{"@type":"ReadAction","target":["https:\/\/sagavinaestartit.com\/ca\/els-grans-iots-ja-poden-accedir-al-port-de-lestartit\/"]}]},{"@type":"ImageObject","inLanguage":"ca","@id":"https:\/\/sagavinaestartit.com\/ca\/els-grans-iots-ja-poden-accedir-al-port-de-lestartit\/#primaryimage","url":"https:\/\/sagavinaestartit.com\/wp-content\/uploads\/2018\/04\/large_yates_puerto_estartit.jpg","contentUrl":"https:\/\/sagavinaestartit.com\/wp-content\/uploads\/2018\/04\/large_yates_puerto_estartit.jpg","width":335,"height":203},{"@type":"BreadcrumbList","@id":"https:\/\/sagavinaestartit.com\/ca\/els-grans-iots-ja-poden-accedir-al-port-de-lestartit\/#breadcrumb","itemListElement":[{"@type":"ListItem","position":1,"name":"Portada","item":"https:\/\/sagavinaestartit.com\/ca\/home\/"},{"@type":"ListItem","position":2,"name":"Els grans iots ja poden accedir al port de l&#8217;Estartit"}]},{"@type":"WebSite","@id":"https:\/\/sagavinaestartit.com\/ca\/#website","url":"https:\/\/sagavinaestartit.com\/ca\/","name":"Sa Gavina Apartaments","description":"Sa Gavina Apartaments","publisher":{"@id":"https:\/\/sagavinaestartit.com\/ca\/#organization"},"potentialAction":[{"@type":"SearchAction","target":{"@type":"EntryPoint","urlTemplate":"https:\/\/sagavinaestartit.com\/ca\/?s={search_term_string}"},"query-input":{"@type":"PropertyValueSpecification","valueRequired":true,"valueName":"search_term_string"}}],"inLanguage":"ca"},{"@type":"Organization","@id":"https:\/\/sagavinaestartit.com\/ca\/#organization","name":"Sa Gavina Apartaments","url":"https:\/\/sagavinaestartit.com\/ca\/","logo":{"@type":"ImageObject","inLanguage":"ca","@id":"https:\/\/sagavinaestartit.com\/ca\/#\/schema\/logo\/image\/","url":"https:\/\/sagavinaestartit.com\/wp-content\/uploads\/2024\/12\/3-1.png","contentUrl":"https:\/\/sagavinaestartit.com\/wp-content\/uploads\/2024\/12\/3-1.png","width":500,"height":200,"caption":"Sa Gavina Apartaments"},"image":{"@id":"https:\/\/sagavinaestartit.com\/ca\/#\/schema\/logo\/image\/"}},{"@type":"Person","@id":"https:\/\/sagavinaestartit.com\/ca\/#\/schema\/person\/72b3f9a420869474351007377bde83c0","name":"tecnico_alojapro","sameAs":["https:\/\/sagavinaestartit.com"]}]}},"_links":{"self":[{"href":"https:\/\/sagavinaestartit.com\/ca\/wp-json\/wp\/v2\/posts\/28671","targetHints":{"allow":["GET"]}}],"collection":[{"href":"https:\/\/sagavinaestartit.com\/ca\/wp-json\/wp\/v2\/posts"}],"about":[{"href":"https:\/\/sagavinaestartit.com\/ca\/wp-json\/wp\/v2\/types\/post"}],"author":[{"embeddable":true,"href":"https:\/\/sagavinaestartit.com\/ca\/wp-json\/wp\/v2\/users\/1"}],"replies":[{"embeddable":true,"href":"https:\/\/sagavinaestartit.com\/ca\/wp-json\/wp\/v2\/comments?post=28671"}],"version-history":[{"count":0,"href":"https:\/\/sagavinaestartit.com\/ca\/wp-json\/wp\/v2\/posts\/28671\/revisions"}],"wp:featuredmedia":[{"embeddable":true,"href":"https:\/\/sagavinaestartit.com\/ca\/wp-json\/wp\/v2\/media\/13982"}],"wp:attachment":[{"href":"https:\/\/sagavinaestartit.com\/ca\/wp-json\/wp\/v2\/media?parent=28671"}],"wp:term":[{"taxonomy":"category","embeddable":true,"href":"https:\/\/sagavinaestartit.com\/ca\/wp-json\/wp\/v2\/categories?post=28671"},{"taxonomy":"post_tag","embeddable":true,"href":"https:\/\/sagavinaestartit.com\/ca\/wp-json\/wp\/v2\/tags?post=28671"}],"curies":[{"name":"wp","href":"https:\/\/api.w.org\/{rel}","templated":true}]}}