{"id":28670,"date":"2018-04-07T18:45:31","date_gmt":"2018-04-07T16:45:31","guid":{"rendered":"https:\/\/sagavinaestartit.com\/2018\/04\/07\/visiteu-apartaments-de-lloguer-a-lestartit-i-assaboriu-les-millors-anxoves-del-pais\/"},"modified":"2018-04-07T18:45:31","modified_gmt":"2018-04-07T16:45:31","slug":"visiteu-apartaments-de-lloguer-a-lestartit-i-assaboriu-les-millors-anxoves-del-pais","status":"publish","type":"post","link":"https:\/\/sagavinaestartit.com\/ca\/visiteu-apartaments-de-lloguer-a-lestartit-i-assaboriu-les-millors-anxoves-del-pais\/","title":{"rendered":"Visiteu apartaments de lloguer a l&#8217;Estartit i assaboriu les millors anxoves del pa\u00eds"},"content":{"rendered":"<p style=\"text-align: justify;\">No deixeu escapar l&#8217;oportunitat de provar les anxoves de l&#8217;Escala durant la vostra estada en els\u00a0<strong>apartaments de lloguer Sa Gavina a l&#8217;Estartit<\/strong>. I \u00e9s que segons un r\u00e0nquing elaborat per la Guia Repsol i la Reial Acad\u00e8mia de Gastronomia d&#8217;Espanya, aquestes es troben entre les primeres posicions catalogades com a &#8220;Selecci\u00f3 de les millors anxoves del Cant\u00e0bric en oli d&#8217;oliva&#8221;.<\/p>\n<p style=\"text-align: justify;\">Els experts que formen part de les dues entitats ho han decidit aix\u00ed despr\u00e9s de provar m\u00e9s de 300 anxoves. Les tres varietats fabricades i distribu\u00efdes per Anxovas de l&#8217;Escala S.A que es troben dins d&#8217;aquest r\u00e0nquing s\u00f3n: les &#8220;<strong>anxoves Premium &#8220;Magdalena Sureda<\/strong>&#8220;, el\u00a0<strong>filet d&#8217;anxova de l&#8217;Escala en oli d&#8217;oliva<\/strong>, i l&#8217;<strong>anxova amb sal<\/strong>.<\/p>\n<p style=\"text-align: justify;\">Pot semblar curi\u00f3s que dins l&#8217;apartat de &#8220;Anxoves del Cant\u00e0bric&#8221; se situ\u00efn 3 productes que no es troben dins d&#8217;aquesta zona, per\u00f2 sorprenentment aquests han superat tot el proc\u00e9s de selecci\u00f3 fins col\u00b7locar-se en les primeres posicions, fet que aporta prestigi a aquest menjar tan apreciat a la zona de l&#8217;Estartit i la Costa Brava, i molt valorat per xefs de reconegut nom com<strong>\u00a0Ferran Adri\u00e0<\/strong>\u00a0i els\u00a0<strong>germans Roca<\/strong>.<\/p>\n","protected":false},"excerpt":{"rendered":"<p>No deixeu escapar l&#8217;oportunitat de provar les anxoves de l&#8217;Escala durant la vostra estada en els\u00a0apartaments de lloguer Sa Gavina a l&#8217;Estartit. I \u00e9s que segons un r\u00e0nquing elaborat per la Guia Repsol i la Reial Acad\u00e8mia de Gastronomia d&#8217;Espanya,  [&#8230;]<\/p>\n","protected":false},"author":1,"featured_media":13969,"comment_status":"open","ping_status":"open","sticky":false,"template":"","format":"standard","meta":{"footnotes":""},"categories":[119],"tags":[],"class_list":["post-28670","post","type-post","status-publish","format-standard","has-post-thumbnail","hentry","category-novetats"],"yoast_head":"<!-- This site is optimized with the Yoast SEO plugin v27.1.1 - https:\/\/yoast.com\/product\/yoast-seo-wordpress\/ -->\n<title>Visiteu apartaments de lloguer a l&#039;Estartit i assaboriu les millors anxoves del pa\u00eds | Apartaments a l&#039;Estartit<\/title>\n<meta name=\"robots\" content=\"index, follow, max-snippet:-1, max-image-preview:large, max-video-preview:-1\" \/>\n<link rel=\"canonical\" href=\"https:\/\/sagavinaestartit.com\/ca\/visiteu-apartaments-de-lloguer-a-lestartit-i-assaboriu-les-millors-anxoves-del-pais\/\" \/>\n<meta property=\"og:locale\" content=\"ca_ES\" \/>\n<meta property=\"og:type\" content=\"article\" \/>\n<meta property=\"og:title\" content=\"Visiteu apartaments de lloguer a l&#039;Estartit i assaboriu les millors anxoves del pa\u00eds | Apartaments a l&#039;Estartit\" \/>\n<meta property=\"og:description\" content=\"No deixeu escapar l&#8217;oportunitat de provar les anxoves de l&#8217;Escala durant la vostra estada en els\u00a0apartaments de lloguer Sa Gavina a l&#8217;Estartit. I \u00e9s que segons un r\u00e0nquing elaborat per la Guia Repsol i la Reial Acad\u00e8mia de Gastronomia d&#8217;Espanya, [...]\" \/>\n<meta property=\"og:url\" content=\"https:\/\/sagavinaestartit.com\/ca\/visiteu-apartaments-de-lloguer-a-lestartit-i-assaboriu-les-millors-anxoves-del-pais\/\" \/>\n<meta property=\"og:site_name\" content=\"Apartaments a l&#039;Estartit\" \/>\n<meta property=\"article:published_time\" content=\"2018-04-07T16:45:31+00:00\" \/>\n<meta property=\"og:image\" content=\"https:\/\/sagavinaestartit.com\/wp-content\/uploads\/2018\/04\/large_anchoas_escala_estartit.jpg\" \/>\n\t<meta property=\"og:image:width\" content=\"335\" \/>\n\t<meta property=\"og:image:height\" content=\"321\" \/>\n\t<meta property=\"og:image:type\" content=\"image\/jpeg\" \/>\n<meta name=\"author\" content=\"tecnico_alojapro\" \/>\n<meta name=\"twitter:card\" content=\"summary_large_image\" \/>\n<meta name=\"twitter:label1\" content=\"Escrit per\" \/>\n\t<meta name=\"twitter:data1\" content=\"tecnico_alojapro\" \/>\n\t<meta name=\"twitter:label2\" content=\"Temps estimat de lectura\" \/>\n\t<meta name=\"twitter:data2\" content=\"1 minut\" \/>\n<script type=\"application\/ld+json\" class=\"yoast-schema-graph\">{\"@context\":\"https:\/\/schema.org\",\"@graph\":[{\"@type\":\"Article\",\"@id\":\"https:\/\/sagavinaestartit.com\/ca\/visiteu-apartaments-de-lloguer-a-lestartit-i-assaboriu-les-millors-anxoves-del-pais\/#article\",\"isPartOf\":{\"@id\":\"https:\/\/sagavinaestartit.com\/ca\/visiteu-apartaments-de-lloguer-a-lestartit-i-assaboriu-les-millors-anxoves-del-pais\/\"},\"author\":{\"name\":\"tecnico_alojapro\",\"@id\":\"https:\/\/sagavinaestartit.com\/ca\/#\/schema\/person\/72b3f9a420869474351007377bde83c0\"},\"headline\":\"Visiteu apartaments de lloguer a l&#8217;Estartit i assaboriu les millors anxoves del pa\u00eds\",\"datePublished\":\"2018-04-07T16:45:31+00:00\",\"mainEntityOfPage\":{\"@id\":\"https:\/\/sagavinaestartit.com\/ca\/visiteu-apartaments-de-lloguer-a-lestartit-i-assaboriu-les-millors-anxoves-del-pais\/\"},\"wordCount\":227,\"commentCount\":0,\"publisher\":{\"@id\":\"https:\/\/sagavinaestartit.com\/ca\/#organization\"},\"image\":{\"@id\":\"https:\/\/sagavinaestartit.com\/ca\/visiteu-apartaments-de-lloguer-a-lestartit-i-assaboriu-les-millors-anxoves-del-pais\/#primaryimage\"},\"thumbnailUrl\":\"https:\/\/sagavinaestartit.com\/wp-content\/uploads\/2018\/04\/large_anchoas_escala_estartit.jpg\",\"articleSection\":[\"Novetats\"],\"inLanguage\":\"ca\",\"potentialAction\":[{\"@type\":\"CommentAction\",\"name\":\"Comment\",\"target\":[\"https:\/\/sagavinaestartit.com\/ca\/visiteu-apartaments-de-lloguer-a-lestartit-i-assaboriu-les-millors-anxoves-del-pais\/#respond\"]}]},{\"@type\":\"WebPage\",\"@id\":\"https:\/\/sagavinaestartit.com\/ca\/visiteu-apartaments-de-lloguer-a-lestartit-i-assaboriu-les-millors-anxoves-del-pais\/\",\"url\":\"https:\/\/sagavinaestartit.com\/ca\/visiteu-apartaments-de-lloguer-a-lestartit-i-assaboriu-les-millors-anxoves-del-pais\/\",\"name\":\"Visiteu apartaments de lloguer a l'Estartit i assaboriu les millors anxoves del pa\u00eds | Apartaments a l'Estartit\",\"isPartOf\":{\"@id\":\"https:\/\/sagavinaestartit.com\/ca\/#website\"},\"primaryImageOfPage\":{\"@id\":\"https:\/\/sagavinaestartit.com\/ca\/visiteu-apartaments-de-lloguer-a-lestartit-i-assaboriu-les-millors-anxoves-del-pais\/#primaryimage\"},\"image\":{\"@id\":\"https:\/\/sagavinaestartit.com\/ca\/visiteu-apartaments-de-lloguer-a-lestartit-i-assaboriu-les-millors-anxoves-del-pais\/#primaryimage\"},\"thumbnailUrl\":\"https:\/\/sagavinaestartit.com\/wp-content\/uploads\/2018\/04\/large_anchoas_escala_estartit.jpg\",\"datePublished\":\"2018-04-07T16:45:31+00:00\",\"breadcrumb\":{\"@id\":\"https:\/\/sagavinaestartit.com\/ca\/visiteu-apartaments-de-lloguer-a-lestartit-i-assaboriu-les-millors-anxoves-del-pais\/#breadcrumb\"},\"inLanguage\":\"ca\",\"potentialAction\":[{\"@type\":\"ReadAction\",\"target\":[\"https:\/\/sagavinaestartit.com\/ca\/visiteu-apartaments-de-lloguer-a-lestartit-i-assaboriu-les-millors-anxoves-del-pais\/\"]}]},{\"@type\":\"ImageObject\",\"inLanguage\":\"ca\",\"@id\":\"https:\/\/sagavinaestartit.com\/ca\/visiteu-apartaments-de-lloguer-a-lestartit-i-assaboriu-les-millors-anxoves-del-pais\/#primaryimage\",\"url\":\"https:\/\/sagavinaestartit.com\/wp-content\/uploads\/2018\/04\/large_anchoas_escala_estartit.jpg\",\"contentUrl\":\"https:\/\/sagavinaestartit.com\/wp-content\/uploads\/2018\/04\/large_anchoas_escala_estartit.jpg\",\"width\":335,\"height\":321},{\"@type\":\"BreadcrumbList\",\"@id\":\"https:\/\/sagavinaestartit.com\/ca\/visiteu-apartaments-de-lloguer-a-lestartit-i-assaboriu-les-millors-anxoves-del-pais\/#breadcrumb\",\"itemListElement\":[{\"@type\":\"ListItem\",\"position\":1,\"name\":\"Portada\",\"item\":\"https:\/\/sagavinaestartit.com\/ca\/home\/\"},{\"@type\":\"ListItem\",\"position\":2,\"name\":\"Visiteu apartaments de lloguer a l&#8217;Estartit i assaboriu les millors anxoves del pa\u00eds\"}]},{\"@type\":\"WebSite\",\"@id\":\"https:\/\/sagavinaestartit.com\/ca\/#website\",\"url\":\"https:\/\/sagavinaestartit.com\/ca\/\",\"name\":\"Sa Gavina Apartaments\",\"description\":\"Sa Gavina Apartaments\",\"publisher\":{\"@id\":\"https:\/\/sagavinaestartit.com\/ca\/#organization\"},\"potentialAction\":[{\"@type\":\"SearchAction\",\"target\":{\"@type\":\"EntryPoint\",\"urlTemplate\":\"https:\/\/sagavinaestartit.com\/ca\/?s={search_term_string}\"},\"query-input\":{\"@type\":\"PropertyValueSpecification\",\"valueRequired\":true,\"valueName\":\"search_term_string\"}}],\"inLanguage\":\"ca\"},{\"@type\":\"Organization\",\"@id\":\"https:\/\/sagavinaestartit.com\/ca\/#organization\",\"name\":\"Sa Gavina Apartaments\",\"url\":\"https:\/\/sagavinaestartit.com\/ca\/\",\"logo\":{\"@type\":\"ImageObject\",\"inLanguage\":\"ca\",\"@id\":\"https:\/\/sagavinaestartit.com\/ca\/#\/schema\/logo\/image\/\",\"url\":\"https:\/\/sagavinaestartit.com\/wp-content\/uploads\/2024\/12\/3-1.png\",\"contentUrl\":\"https:\/\/sagavinaestartit.com\/wp-content\/uploads\/2024\/12\/3-1.png\",\"width\":500,\"height\":200,\"caption\":\"Sa Gavina Apartaments\"},\"image\":{\"@id\":\"https:\/\/sagavinaestartit.com\/ca\/#\/schema\/logo\/image\/\"}},{\"@type\":\"Person\",\"@id\":\"https:\/\/sagavinaestartit.com\/ca\/#\/schema\/person\/72b3f9a420869474351007377bde83c0\",\"name\":\"tecnico_alojapro\",\"sameAs\":[\"https:\/\/sagavinaestartit.com\"]}]}<\/script>\n<!-- \/ Yoast SEO plugin. -->","yoast_head_json":{"title":"Visiteu apartaments de lloguer a l'Estartit i assaboriu les millors anxoves del pa\u00eds | Apartaments a l'Estartit","robots":{"index":"index","follow":"follow","max-snippet":"max-snippet:-1","max-image-preview":"max-image-preview:large","max-video-preview":"max-video-preview:-1"},"canonical":"https:\/\/sagavinaestartit.com\/ca\/visiteu-apartaments-de-lloguer-a-lestartit-i-assaboriu-les-millors-anxoves-del-pais\/","og_locale":"ca_ES","og_type":"article","og_title":"Visiteu apartaments de lloguer a l'Estartit i assaboriu les millors anxoves del pa\u00eds | Apartaments a l'Estartit","og_description":"No deixeu escapar l&#8217;oportunitat de provar les anxoves de l&#8217;Escala durant la vostra estada en els\u00a0apartaments de lloguer Sa Gavina a l&#8217;Estartit. I \u00e9s que segons un r\u00e0nquing elaborat per la Guia Repsol i la Reial Acad\u00e8mia de Gastronomia d&#8217;Espanya, [...]","og_url":"https:\/\/sagavinaestartit.com\/ca\/visiteu-apartaments-de-lloguer-a-lestartit-i-assaboriu-les-millors-anxoves-del-pais\/","og_site_name":"Apartaments a l'Estartit","article_published_time":"2018-04-07T16:45:31+00:00","og_image":[{"width":335,"height":321,"url":"https:\/\/sagavinaestartit.com\/wp-content\/uploads\/2018\/04\/large_anchoas_escala_estartit.jpg","type":"image\/jpeg"}],"author":"tecnico_alojapro","twitter_card":"summary_large_image","twitter_misc":{"Escrit per":"tecnico_alojapro","Temps estimat de lectura":"1 minut"},"schema":{"@context":"https:\/\/schema.org","@graph":[{"@type":"Article","@id":"https:\/\/sagavinaestartit.com\/ca\/visiteu-apartaments-de-lloguer-a-lestartit-i-assaboriu-les-millors-anxoves-del-pais\/#article","isPartOf":{"@id":"https:\/\/sagavinaestartit.com\/ca\/visiteu-apartaments-de-lloguer-a-lestartit-i-assaboriu-les-millors-anxoves-del-pais\/"},"author":{"name":"tecnico_alojapro","@id":"https:\/\/sagavinaestartit.com\/ca\/#\/schema\/person\/72b3f9a420869474351007377bde83c0"},"headline":"Visiteu apartaments de lloguer a l&#8217;Estartit i assaboriu les millors anxoves del pa\u00eds","datePublished":"2018-04-07T16:45:31+00:00","mainEntityOfPage":{"@id":"https:\/\/sagavinaestartit.com\/ca\/visiteu-apartaments-de-lloguer-a-lestartit-i-assaboriu-les-millors-anxoves-del-pais\/"},"wordCount":227,"commentCount":0,"publisher":{"@id":"https:\/\/sagavinaestartit.com\/ca\/#organization"},"image":{"@id":"https:\/\/sagavinaestartit.com\/ca\/visiteu-apartaments-de-lloguer-a-lestartit-i-assaboriu-les-millors-anxoves-del-pais\/#primaryimage"},"thumbnailUrl":"https:\/\/sagavinaestartit.com\/wp-content\/uploads\/2018\/04\/large_anchoas_escala_estartit.jpg","articleSection":["Novetats"],"inLanguage":"ca","potentialAction":[{"@type":"CommentAction","name":"Comment","target":["https:\/\/sagavinaestartit.com\/ca\/visiteu-apartaments-de-lloguer-a-lestartit-i-assaboriu-les-millors-anxoves-del-pais\/#respond"]}]},{"@type":"WebPage","@id":"https:\/\/sagavinaestartit.com\/ca\/visiteu-apartaments-de-lloguer-a-lestartit-i-assaboriu-les-millors-anxoves-del-pais\/","url":"https:\/\/sagavinaestartit.com\/ca\/visiteu-apartaments-de-lloguer-a-lestartit-i-assaboriu-les-millors-anxoves-del-pais\/","name":"Visiteu apartaments de lloguer a l'Estartit i assaboriu les millors anxoves del pa\u00eds | Apartaments a l'Estartit","isPartOf":{"@id":"https:\/\/sagavinaestartit.com\/ca\/#website"},"primaryImageOfPage":{"@id":"https:\/\/sagavinaestartit.com\/ca\/visiteu-apartaments-de-lloguer-a-lestartit-i-assaboriu-les-millors-anxoves-del-pais\/#primaryimage"},"image":{"@id":"https:\/\/sagavinaestartit.com\/ca\/visiteu-apartaments-de-lloguer-a-lestartit-i-assaboriu-les-millors-anxoves-del-pais\/#primaryimage"},"thumbnailUrl":"https:\/\/sagavinaestartit.com\/wp-content\/uploads\/2018\/04\/large_anchoas_escala_estartit.jpg","datePublished":"2018-04-07T16:45:31+00:00","breadcrumb":{"@id":"https:\/\/sagavinaestartit.com\/ca\/visiteu-apartaments-de-lloguer-a-lestartit-i-assaboriu-les-millors-anxoves-del-pais\/#breadcrumb"},"inLanguage":"ca","potentialAction":[{"@type":"ReadAction","target":["https:\/\/sagavinaestartit.com\/ca\/visiteu-apartaments-de-lloguer-a-lestartit-i-assaboriu-les-millors-anxoves-del-pais\/"]}]},{"@type":"ImageObject","inLanguage":"ca","@id":"https:\/\/sagavinaestartit.com\/ca\/visiteu-apartaments-de-lloguer-a-lestartit-i-assaboriu-les-millors-anxoves-del-pais\/#primaryimage","url":"https:\/\/sagavinaestartit.com\/wp-content\/uploads\/2018\/04\/large_anchoas_escala_estartit.jpg","contentUrl":"https:\/\/sagavinaestartit.com\/wp-content\/uploads\/2018\/04\/large_anchoas_escala_estartit.jpg","width":335,"height":321},{"@type":"BreadcrumbList","@id":"https:\/\/sagavinaestartit.com\/ca\/visiteu-apartaments-de-lloguer-a-lestartit-i-assaboriu-les-millors-anxoves-del-pais\/#breadcrumb","itemListElement":[{"@type":"ListItem","position":1,"name":"Portada","item":"https:\/\/sagavinaestartit.com\/ca\/home\/"},{"@type":"ListItem","position":2,"name":"Visiteu apartaments de lloguer a l&#8217;Estartit i assaboriu les millors anxoves del pa\u00eds"}]},{"@type":"WebSite","@id":"https:\/\/sagavinaestartit.com\/ca\/#website","url":"https:\/\/sagavinaestartit.com\/ca\/","name":"Sa Gavina Apartaments","description":"Sa Gavina Apartaments","publisher":{"@id":"https:\/\/sagavinaestartit.com\/ca\/#organization"},"potentialAction":[{"@type":"SearchAction","target":{"@type":"EntryPoint","urlTemplate":"https:\/\/sagavinaestartit.com\/ca\/?s={search_term_string}"},"query-input":{"@type":"PropertyValueSpecification","valueRequired":true,"valueName":"search_term_string"}}],"inLanguage":"ca"},{"@type":"Organization","@id":"https:\/\/sagavinaestartit.com\/ca\/#organization","name":"Sa Gavina Apartaments","url":"https:\/\/sagavinaestartit.com\/ca\/","logo":{"@type":"ImageObject","inLanguage":"ca","@id":"https:\/\/sagavinaestartit.com\/ca\/#\/schema\/logo\/image\/","url":"https:\/\/sagavinaestartit.com\/wp-content\/uploads\/2024\/12\/3-1.png","contentUrl":"https:\/\/sagavinaestartit.com\/wp-content\/uploads\/2024\/12\/3-1.png","width":500,"height":200,"caption":"Sa Gavina Apartaments"},"image":{"@id":"https:\/\/sagavinaestartit.com\/ca\/#\/schema\/logo\/image\/"}},{"@type":"Person","@id":"https:\/\/sagavinaestartit.com\/ca\/#\/schema\/person\/72b3f9a420869474351007377bde83c0","name":"tecnico_alojapro","sameAs":["https:\/\/sagavinaestartit.com"]}]}},"_links":{"self":[{"href":"https:\/\/sagavinaestartit.com\/ca\/wp-json\/wp\/v2\/posts\/28670","targetHints":{"allow":["GET"]}}],"collection":[{"href":"https:\/\/sagavinaestartit.com\/ca\/wp-json\/wp\/v2\/posts"}],"about":[{"href":"https:\/\/sagavinaestartit.com\/ca\/wp-json\/wp\/v2\/types\/post"}],"author":[{"embeddable":true,"href":"https:\/\/sagavinaestartit.com\/ca\/wp-json\/wp\/v2\/users\/1"}],"replies":[{"embeddable":true,"href":"https:\/\/sagavinaestartit.com\/ca\/wp-json\/wp\/v2\/comments?post=28670"}],"version-history":[{"count":0,"href":"https:\/\/sagavinaestartit.com\/ca\/wp-json\/wp\/v2\/posts\/28670\/revisions"}],"wp:featuredmedia":[{"embeddable":true,"href":"https:\/\/sagavinaestartit.com\/ca\/wp-json\/wp\/v2\/media\/13969"}],"wp:attachment":[{"href":"https:\/\/sagavinaestartit.com\/ca\/wp-json\/wp\/v2\/media?parent=28670"}],"wp:term":[{"taxonomy":"category","embeddable":true,"href":"https:\/\/sagavinaestartit.com\/ca\/wp-json\/wp\/v2\/categories?post=28670"},{"taxonomy":"post_tag","embeddable":true,"href":"https:\/\/sagavinaestartit.com\/ca\/wp-json\/wp\/v2\/tags?post=28670"}],"curies":[{"name":"wp","href":"https:\/\/api.w.org\/{rel}","templated":true}]}}