{"id":28669,"date":"2018-04-07T19:00:54","date_gmt":"2018-04-07T17:00:54","guid":{"rendered":"https:\/\/sagavinaestartit.com\/2018\/04\/07\/lloguer-apartaments-estartit-una-nova-linia-de-bus-connecta-torroella-amb-figueres\/"},"modified":"2018-04-07T19:00:54","modified_gmt":"2018-04-07T17:00:54","slug":"lloguer-apartaments-estartit-una-nova-linia-de-bus-connecta-torroella-amb-figueres","status":"publish","type":"post","link":"https:\/\/sagavinaestartit.com\/ca\/lloguer-apartaments-estartit-una-nova-linia-de-bus-connecta-torroella-amb-figueres\/","title":{"rendered":"Lloguer apartaments Estartit: una nova l\u00ednia de bus connecta Torroella amb Figueres"},"content":{"rendered":"<p style=\"text-align: justify;\">Tots aquells clients que s&#8217;allotgin en els nostres apartaments de lloguer a l&#8217;Estartit, han de saber que si volen fer una visita tur\u00edstica a la ciutat que allotja el Museu Dal\u00ed &#8211; Figueres -, ara disposen d&#8217;una l\u00ednia de bus que connecta Torroella amb aquesta ciutat.<\/p>\n<p style=\"text-align: justify;\">La l\u00ednia, que en el seu recorregut tamb\u00e9 inclou Bellcaire i l&#8217;Escala, suposa una important millora pel que fa al servei de comunicaci\u00f3 entre les comarques del Baix Empord\u00e0 i l&#8217;Alt Empord\u00e0. De fet, la seva posada en funcionament \u00e9s producte de l&#8217;alta demanda d&#8217;aquest servei per un elevat nombre d&#8217;usuaris.<\/p>\n<p style=\"text-align: justify;\">La l\u00ednia ofereix 12 viatges diaris &#8211; 6 de anada i 6 de tornada -, modificant el seu recorregut durant l&#8217;estiu per a benefici dels usuaris dels c\u00e0mpings de Sant Pere Pescador i l&#8217;Escala.<\/p>\n<p style=\"text-align: justify;\">Per a m\u00e9s informaci\u00f3 sobre els horaris de la l\u00ednia de bus entre Torroella i Figueres, podeu consultar el seg\u00fcent enlla\u00e7:\u00a0<a href=\"http:\/\/www.moventis.es\/es\/lineas-horarios\/torroella-m-lescala-figueres\" target=\"_blank\" rel=\"noopener noreferrer\">http:\/\/www.moventis.es\/es\/lineas-horarios\/torroella-m-lescala-figueres<\/a><\/p>\n","protected":false},"excerpt":{"rendered":"<p>Tots aquells clients que s&#8217;allotgin en els nostres apartaments de lloguer a l&#8217;Estartit, han de saber que si volen fer una visita tur\u00edstica a la ciutat que allotja el Museu Dal\u00ed &#8211; Figueres -, ara disposen d&#8217;una l\u00ednia de bus  [&#8230;]<\/p>\n","protected":false},"author":1,"featured_media":13956,"comment_status":"open","ping_status":"open","sticky":false,"template":"","format":"standard","meta":{"footnotes":""},"categories":[119],"tags":[],"class_list":["post-28669","post","type-post","status-publish","format-standard","has-post-thumbnail","hentry","category-novetats"],"yoast_head":"<!-- This site is optimized with the Yoast SEO plugin v27.1.1 - https:\/\/yoast.com\/product\/yoast-seo-wordpress\/ -->\n<title>Lloguer apartaments Estartit: una nova l\u00ednia de bus connecta Torroella amb Figueres | Apartaments a l&#039;Estartit<\/title>\n<meta name=\"robots\" content=\"index, follow, max-snippet:-1, max-image-preview:large, max-video-preview:-1\" \/>\n<link rel=\"canonical\" href=\"https:\/\/sagavinaestartit.com\/ca\/lloguer-apartaments-estartit-una-nova-linia-de-bus-connecta-torroella-amb-figueres\/\" \/>\n<meta property=\"og:locale\" content=\"ca_ES\" \/>\n<meta property=\"og:type\" content=\"article\" \/>\n<meta property=\"og:title\" content=\"Lloguer apartaments Estartit: una nova l\u00ednia de bus connecta Torroella amb Figueres | Apartaments a l&#039;Estartit\" \/>\n<meta property=\"og:description\" content=\"Tots aquells clients que s&#8217;allotgin en els nostres apartaments de lloguer a l&#8217;Estartit, han de saber que si volen fer una visita tur\u00edstica a la ciutat que allotja el Museu Dal\u00ed &#8211; Figueres -, ara disposen d&#8217;una l\u00ednia de bus [...]\" \/>\n<meta property=\"og:url\" content=\"https:\/\/sagavinaestartit.com\/ca\/lloguer-apartaments-estartit-una-nova-linia-de-bus-connecta-torroella-amb-figueres\/\" \/>\n<meta property=\"og:site_name\" content=\"Apartaments a l&#039;Estartit\" \/>\n<meta property=\"article:published_time\" content=\"2018-04-07T17:00:54+00:00\" \/>\n<meta property=\"og:image\" content=\"https:\/\/sagavinaestartit.com\/wp-content\/uploads\/2018\/04\/large_busTorroella_Figueres.jpg\" \/>\n\t<meta property=\"og:image:width\" content=\"335\" \/>\n\t<meta property=\"og:image:height\" content=\"251\" \/>\n\t<meta property=\"og:image:type\" content=\"image\/jpeg\" \/>\n<meta name=\"author\" content=\"tecnico_alojapro\" \/>\n<meta name=\"twitter:card\" content=\"summary_large_image\" \/>\n<meta name=\"twitter:label1\" content=\"Escrit per\" \/>\n\t<meta name=\"twitter:data1\" content=\"tecnico_alojapro\" \/>\n\t<meta name=\"twitter:label2\" content=\"Temps estimat de lectura\" \/>\n\t<meta name=\"twitter:data2\" content=\"1 minut\" \/>\n<script type=\"application\/ld+json\" class=\"yoast-schema-graph\">{\"@context\":\"https:\/\/schema.org\",\"@graph\":[{\"@type\":\"Article\",\"@id\":\"https:\/\/sagavinaestartit.com\/ca\/lloguer-apartaments-estartit-una-nova-linia-de-bus-connecta-torroella-amb-figueres\/#article\",\"isPartOf\":{\"@id\":\"https:\/\/sagavinaestartit.com\/ca\/lloguer-apartaments-estartit-una-nova-linia-de-bus-connecta-torroella-amb-figueres\/\"},\"author\":{\"name\":\"tecnico_alojapro\",\"@id\":\"https:\/\/sagavinaestartit.com\/ca\/#\/schema\/person\/72b3f9a420869474351007377bde83c0\"},\"headline\":\"Lloguer apartaments Estartit: una nova l\u00ednia de bus connecta Torroella amb Figueres\",\"datePublished\":\"2018-04-07T17:00:54+00:00\",\"mainEntityOfPage\":{\"@id\":\"https:\/\/sagavinaestartit.com\/ca\/lloguer-apartaments-estartit-una-nova-linia-de-bus-connecta-torroella-amb-figueres\/\"},\"wordCount\":187,\"commentCount\":0,\"publisher\":{\"@id\":\"https:\/\/sagavinaestartit.com\/ca\/#organization\"},\"image\":{\"@id\":\"https:\/\/sagavinaestartit.com\/ca\/lloguer-apartaments-estartit-una-nova-linia-de-bus-connecta-torroella-amb-figueres\/#primaryimage\"},\"thumbnailUrl\":\"https:\/\/sagavinaestartit.com\/wp-content\/uploads\/2018\/04\/large_busTorroella_Figueres.jpg\",\"articleSection\":[\"Novetats\"],\"inLanguage\":\"ca\",\"potentialAction\":[{\"@type\":\"CommentAction\",\"name\":\"Comment\",\"target\":[\"https:\/\/sagavinaestartit.com\/ca\/lloguer-apartaments-estartit-una-nova-linia-de-bus-connecta-torroella-amb-figueres\/#respond\"]}]},{\"@type\":\"WebPage\",\"@id\":\"https:\/\/sagavinaestartit.com\/ca\/lloguer-apartaments-estartit-una-nova-linia-de-bus-connecta-torroella-amb-figueres\/\",\"url\":\"https:\/\/sagavinaestartit.com\/ca\/lloguer-apartaments-estartit-una-nova-linia-de-bus-connecta-torroella-amb-figueres\/\",\"name\":\"Lloguer apartaments Estartit: una nova l\u00ednia de bus connecta Torroella amb Figueres | Apartaments a l'Estartit\",\"isPartOf\":{\"@id\":\"https:\/\/sagavinaestartit.com\/ca\/#website\"},\"primaryImageOfPage\":{\"@id\":\"https:\/\/sagavinaestartit.com\/ca\/lloguer-apartaments-estartit-una-nova-linia-de-bus-connecta-torroella-amb-figueres\/#primaryimage\"},\"image\":{\"@id\":\"https:\/\/sagavinaestartit.com\/ca\/lloguer-apartaments-estartit-una-nova-linia-de-bus-connecta-torroella-amb-figueres\/#primaryimage\"},\"thumbnailUrl\":\"https:\/\/sagavinaestartit.com\/wp-content\/uploads\/2018\/04\/large_busTorroella_Figueres.jpg\",\"datePublished\":\"2018-04-07T17:00:54+00:00\",\"breadcrumb\":{\"@id\":\"https:\/\/sagavinaestartit.com\/ca\/lloguer-apartaments-estartit-una-nova-linia-de-bus-connecta-torroella-amb-figueres\/#breadcrumb\"},\"inLanguage\":\"ca\",\"potentialAction\":[{\"@type\":\"ReadAction\",\"target\":[\"https:\/\/sagavinaestartit.com\/ca\/lloguer-apartaments-estartit-una-nova-linia-de-bus-connecta-torroella-amb-figueres\/\"]}]},{\"@type\":\"ImageObject\",\"inLanguage\":\"ca\",\"@id\":\"https:\/\/sagavinaestartit.com\/ca\/lloguer-apartaments-estartit-una-nova-linia-de-bus-connecta-torroella-amb-figueres\/#primaryimage\",\"url\":\"https:\/\/sagavinaestartit.com\/wp-content\/uploads\/2018\/04\/large_busTorroella_Figueres.jpg\",\"contentUrl\":\"https:\/\/sagavinaestartit.com\/wp-content\/uploads\/2018\/04\/large_busTorroella_Figueres.jpg\",\"width\":335,\"height\":251},{\"@type\":\"BreadcrumbList\",\"@id\":\"https:\/\/sagavinaestartit.com\/ca\/lloguer-apartaments-estartit-una-nova-linia-de-bus-connecta-torroella-amb-figueres\/#breadcrumb\",\"itemListElement\":[{\"@type\":\"ListItem\",\"position\":1,\"name\":\"Portada\",\"item\":\"https:\/\/sagavinaestartit.com\/ca\/home\/\"},{\"@type\":\"ListItem\",\"position\":2,\"name\":\"Lloguer apartaments Estartit: una nova l\u00ednia de bus connecta Torroella amb Figueres\"}]},{\"@type\":\"WebSite\",\"@id\":\"https:\/\/sagavinaestartit.com\/ca\/#website\",\"url\":\"https:\/\/sagavinaestartit.com\/ca\/\",\"name\":\"Sa Gavina Apartaments\",\"description\":\"Sa Gavina Apartaments\",\"publisher\":{\"@id\":\"https:\/\/sagavinaestartit.com\/ca\/#organization\"},\"potentialAction\":[{\"@type\":\"SearchAction\",\"target\":{\"@type\":\"EntryPoint\",\"urlTemplate\":\"https:\/\/sagavinaestartit.com\/ca\/?s={search_term_string}\"},\"query-input\":{\"@type\":\"PropertyValueSpecification\",\"valueRequired\":true,\"valueName\":\"search_term_string\"}}],\"inLanguage\":\"ca\"},{\"@type\":\"Organization\",\"@id\":\"https:\/\/sagavinaestartit.com\/ca\/#organization\",\"name\":\"Sa Gavina Apartaments\",\"url\":\"https:\/\/sagavinaestartit.com\/ca\/\",\"logo\":{\"@type\":\"ImageObject\",\"inLanguage\":\"ca\",\"@id\":\"https:\/\/sagavinaestartit.com\/ca\/#\/schema\/logo\/image\/\",\"url\":\"https:\/\/sagavinaestartit.com\/wp-content\/uploads\/2024\/12\/3-1.png\",\"contentUrl\":\"https:\/\/sagavinaestartit.com\/wp-content\/uploads\/2024\/12\/3-1.png\",\"width\":500,\"height\":200,\"caption\":\"Sa Gavina Apartaments\"},\"image\":{\"@id\":\"https:\/\/sagavinaestartit.com\/ca\/#\/schema\/logo\/image\/\"}},{\"@type\":\"Person\",\"@id\":\"https:\/\/sagavinaestartit.com\/ca\/#\/schema\/person\/72b3f9a420869474351007377bde83c0\",\"name\":\"tecnico_alojapro\",\"sameAs\":[\"https:\/\/sagavinaestartit.com\"]}]}<\/script>\n<!-- \/ Yoast SEO plugin. -->","yoast_head_json":{"title":"Lloguer apartaments Estartit: una nova l\u00ednia de bus connecta Torroella amb Figueres | Apartaments a l'Estartit","robots":{"index":"index","follow":"follow","max-snippet":"max-snippet:-1","max-image-preview":"max-image-preview:large","max-video-preview":"max-video-preview:-1"},"canonical":"https:\/\/sagavinaestartit.com\/ca\/lloguer-apartaments-estartit-una-nova-linia-de-bus-connecta-torroella-amb-figueres\/","og_locale":"ca_ES","og_type":"article","og_title":"Lloguer apartaments Estartit: una nova l\u00ednia de bus connecta Torroella amb Figueres | Apartaments a l'Estartit","og_description":"Tots aquells clients que s&#8217;allotgin en els nostres apartaments de lloguer a l&#8217;Estartit, han de saber que si volen fer una visita tur\u00edstica a la ciutat que allotja el Museu Dal\u00ed &#8211; Figueres -, ara disposen d&#8217;una l\u00ednia de bus [...]","og_url":"https:\/\/sagavinaestartit.com\/ca\/lloguer-apartaments-estartit-una-nova-linia-de-bus-connecta-torroella-amb-figueres\/","og_site_name":"Apartaments a l'Estartit","article_published_time":"2018-04-07T17:00:54+00:00","og_image":[{"width":335,"height":251,"url":"https:\/\/sagavinaestartit.com\/wp-content\/uploads\/2018\/04\/large_busTorroella_Figueres.jpg","type":"image\/jpeg"}],"author":"tecnico_alojapro","twitter_card":"summary_large_image","twitter_misc":{"Escrit per":"tecnico_alojapro","Temps estimat de lectura":"1 minut"},"schema":{"@context":"https:\/\/schema.org","@graph":[{"@type":"Article","@id":"https:\/\/sagavinaestartit.com\/ca\/lloguer-apartaments-estartit-una-nova-linia-de-bus-connecta-torroella-amb-figueres\/#article","isPartOf":{"@id":"https:\/\/sagavinaestartit.com\/ca\/lloguer-apartaments-estartit-una-nova-linia-de-bus-connecta-torroella-amb-figueres\/"},"author":{"name":"tecnico_alojapro","@id":"https:\/\/sagavinaestartit.com\/ca\/#\/schema\/person\/72b3f9a420869474351007377bde83c0"},"headline":"Lloguer apartaments Estartit: una nova l\u00ednia de bus connecta Torroella amb Figueres","datePublished":"2018-04-07T17:00:54+00:00","mainEntityOfPage":{"@id":"https:\/\/sagavinaestartit.com\/ca\/lloguer-apartaments-estartit-una-nova-linia-de-bus-connecta-torroella-amb-figueres\/"},"wordCount":187,"commentCount":0,"publisher":{"@id":"https:\/\/sagavinaestartit.com\/ca\/#organization"},"image":{"@id":"https:\/\/sagavinaestartit.com\/ca\/lloguer-apartaments-estartit-una-nova-linia-de-bus-connecta-torroella-amb-figueres\/#primaryimage"},"thumbnailUrl":"https:\/\/sagavinaestartit.com\/wp-content\/uploads\/2018\/04\/large_busTorroella_Figueres.jpg","articleSection":["Novetats"],"inLanguage":"ca","potentialAction":[{"@type":"CommentAction","name":"Comment","target":["https:\/\/sagavinaestartit.com\/ca\/lloguer-apartaments-estartit-una-nova-linia-de-bus-connecta-torroella-amb-figueres\/#respond"]}]},{"@type":"WebPage","@id":"https:\/\/sagavinaestartit.com\/ca\/lloguer-apartaments-estartit-una-nova-linia-de-bus-connecta-torroella-amb-figueres\/","url":"https:\/\/sagavinaestartit.com\/ca\/lloguer-apartaments-estartit-una-nova-linia-de-bus-connecta-torroella-amb-figueres\/","name":"Lloguer apartaments Estartit: una nova l\u00ednia de bus connecta Torroella amb Figueres | Apartaments a l'Estartit","isPartOf":{"@id":"https:\/\/sagavinaestartit.com\/ca\/#website"},"primaryImageOfPage":{"@id":"https:\/\/sagavinaestartit.com\/ca\/lloguer-apartaments-estartit-una-nova-linia-de-bus-connecta-torroella-amb-figueres\/#primaryimage"},"image":{"@id":"https:\/\/sagavinaestartit.com\/ca\/lloguer-apartaments-estartit-una-nova-linia-de-bus-connecta-torroella-amb-figueres\/#primaryimage"},"thumbnailUrl":"https:\/\/sagavinaestartit.com\/wp-content\/uploads\/2018\/04\/large_busTorroella_Figueres.jpg","datePublished":"2018-04-07T17:00:54+00:00","breadcrumb":{"@id":"https:\/\/sagavinaestartit.com\/ca\/lloguer-apartaments-estartit-una-nova-linia-de-bus-connecta-torroella-amb-figueres\/#breadcrumb"},"inLanguage":"ca","potentialAction":[{"@type":"ReadAction","target":["https:\/\/sagavinaestartit.com\/ca\/lloguer-apartaments-estartit-una-nova-linia-de-bus-connecta-torroella-amb-figueres\/"]}]},{"@type":"ImageObject","inLanguage":"ca","@id":"https:\/\/sagavinaestartit.com\/ca\/lloguer-apartaments-estartit-una-nova-linia-de-bus-connecta-torroella-amb-figueres\/#primaryimage","url":"https:\/\/sagavinaestartit.com\/wp-content\/uploads\/2018\/04\/large_busTorroella_Figueres.jpg","contentUrl":"https:\/\/sagavinaestartit.com\/wp-content\/uploads\/2018\/04\/large_busTorroella_Figueres.jpg","width":335,"height":251},{"@type":"BreadcrumbList","@id":"https:\/\/sagavinaestartit.com\/ca\/lloguer-apartaments-estartit-una-nova-linia-de-bus-connecta-torroella-amb-figueres\/#breadcrumb","itemListElement":[{"@type":"ListItem","position":1,"name":"Portada","item":"https:\/\/sagavinaestartit.com\/ca\/home\/"},{"@type":"ListItem","position":2,"name":"Lloguer apartaments Estartit: una nova l\u00ednia de bus connecta Torroella amb Figueres"}]},{"@type":"WebSite","@id":"https:\/\/sagavinaestartit.com\/ca\/#website","url":"https:\/\/sagavinaestartit.com\/ca\/","name":"Sa Gavina Apartaments","description":"Sa Gavina Apartaments","publisher":{"@id":"https:\/\/sagavinaestartit.com\/ca\/#organization"},"potentialAction":[{"@type":"SearchAction","target":{"@type":"EntryPoint","urlTemplate":"https:\/\/sagavinaestartit.com\/ca\/?s={search_term_string}"},"query-input":{"@type":"PropertyValueSpecification","valueRequired":true,"valueName":"search_term_string"}}],"inLanguage":"ca"},{"@type":"Organization","@id":"https:\/\/sagavinaestartit.com\/ca\/#organization","name":"Sa Gavina Apartaments","url":"https:\/\/sagavinaestartit.com\/ca\/","logo":{"@type":"ImageObject","inLanguage":"ca","@id":"https:\/\/sagavinaestartit.com\/ca\/#\/schema\/logo\/image\/","url":"https:\/\/sagavinaestartit.com\/wp-content\/uploads\/2024\/12\/3-1.png","contentUrl":"https:\/\/sagavinaestartit.com\/wp-content\/uploads\/2024\/12\/3-1.png","width":500,"height":200,"caption":"Sa Gavina Apartaments"},"image":{"@id":"https:\/\/sagavinaestartit.com\/ca\/#\/schema\/logo\/image\/"}},{"@type":"Person","@id":"https:\/\/sagavinaestartit.com\/ca\/#\/schema\/person\/72b3f9a420869474351007377bde83c0","name":"tecnico_alojapro","sameAs":["https:\/\/sagavinaestartit.com"]}]}},"_links":{"self":[{"href":"https:\/\/sagavinaestartit.com\/ca\/wp-json\/wp\/v2\/posts\/28669","targetHints":{"allow":["GET"]}}],"collection":[{"href":"https:\/\/sagavinaestartit.com\/ca\/wp-json\/wp\/v2\/posts"}],"about":[{"href":"https:\/\/sagavinaestartit.com\/ca\/wp-json\/wp\/v2\/types\/post"}],"author":[{"embeddable":true,"href":"https:\/\/sagavinaestartit.com\/ca\/wp-json\/wp\/v2\/users\/1"}],"replies":[{"embeddable":true,"href":"https:\/\/sagavinaestartit.com\/ca\/wp-json\/wp\/v2\/comments?post=28669"}],"version-history":[{"count":0,"href":"https:\/\/sagavinaestartit.com\/ca\/wp-json\/wp\/v2\/posts\/28669\/revisions"}],"wp:featuredmedia":[{"embeddable":true,"href":"https:\/\/sagavinaestartit.com\/ca\/wp-json\/wp\/v2\/media\/13956"}],"wp:attachment":[{"href":"https:\/\/sagavinaestartit.com\/ca\/wp-json\/wp\/v2\/media?parent=28669"}],"wp:term":[{"taxonomy":"category","embeddable":true,"href":"https:\/\/sagavinaestartit.com\/ca\/wp-json\/wp\/v2\/categories?post=28669"},{"taxonomy":"post_tag","embeddable":true,"href":"https:\/\/sagavinaestartit.com\/ca\/wp-json\/wp\/v2\/tags?post=28669"}],"curies":[{"name":"wp","href":"https:\/\/api.w.org\/{rel}","templated":true}]}}