{"id":28667,"date":"2018-04-07T19:30:56","date_gmt":"2018-04-07T17:30:56","guid":{"rendered":"https:\/\/sagavinaestartit.com\/2018\/04\/07\/visites-a-espais-medievals-durant-la-teva-estada-als-apartaments-de-lloger-a-lestartit\/"},"modified":"2018-04-07T19:30:56","modified_gmt":"2018-04-07T17:30:56","slug":"visites-a-espais-medievals-durant-la-teva-estada-als-apartaments-de-lloger-a-lestartit","status":"publish","type":"post","link":"https:\/\/sagavinaestartit.com\/ca\/visites-a-espais-medievals-durant-la-teva-estada-als-apartaments-de-lloger-a-lestartit\/","title":{"rendered":"Visites a espais medievals durant la teva estada als apartaments de lloger a l\u2019Estartit"},"content":{"rendered":"<p style=\"text-align: justify;\">Els Consells comarcals de l&#8217;Alt i el Baix Empord\u00e0 editen un fullet\u00f3 tur\u00edstic en el qual s&#8217;inclouen 35 propostes de visites guiades a escenaris medievals per a tots aquells turistes allotjats a la zona i en els nostres apartaments de lloguer a l&#8217;Estartit.<\/p>\n<p style=\"text-align: justify;\">Concretament s&#8217;ofereixen 22 visites guiades a trav\u00e9s de les comarques de l&#8217;Alt Empord\u00e0 i 13 pel Baix Empord\u00e0 perqu\u00e8 tots aquells interessats coneguin la zona i descobreixin la bellesa d&#8217;aquest territori. En el fullet\u00f3 s&#8217;indica el dia de la visita guiada, la seva tem\u00e0tica, l&#8217;hora, la durada i el preu de la mateixa.<\/p>\n<p style=\"text-align: justify;\">Es tracta d&#8217;una manera d&#8217;incentivar les visites a aquests espais poc coneguts per\u00f2 que gaudeixen d&#8217;un gran inter\u00e8s arquitect\u00f2nic i cultural.<\/p>\n<p style=\"text-align: justify;\">Per a m\u00e9s informaci\u00f3 sobre ells, no dubteu en consultar-nos.<\/p>\n","protected":false},"excerpt":{"rendered":"<p>Els Consells comarcals de l&#8217;Alt i el Baix Empord\u00e0 editen un fullet\u00f3 tur\u00edstic en el qual s&#8217;inclouen 35 propostes de visites guiades a escenaris medievals per a tots aquells turistes allotjats a la zona i en els nostres apartaments de  [&#8230;]<\/p>\n","protected":false},"author":1,"featured_media":13930,"comment_status":"open","ping_status":"open","sticky":false,"template":"","format":"standard","meta":{"footnotes":""},"categories":[119],"tags":[],"class_list":["post-28667","post","type-post","status-publish","format-standard","has-post-thumbnail","hentry","category-novetats"],"yoast_head":"<!-- This site is optimized with the Yoast SEO plugin v27.1.1 - https:\/\/yoast.com\/product\/yoast-seo-wordpress\/ -->\n<title>Visites a espais medievals durant la teva estada als apartaments de lloger a l\u2019Estartit | Apartaments a l&#039;Estartit<\/title>\n<meta name=\"robots\" content=\"index, follow, max-snippet:-1, max-image-preview:large, max-video-preview:-1\" \/>\n<link rel=\"canonical\" href=\"https:\/\/sagavinaestartit.com\/ca\/visites-a-espais-medievals-durant-la-teva-estada-als-apartaments-de-lloger-a-lestartit\/\" \/>\n<meta property=\"og:locale\" content=\"ca_ES\" \/>\n<meta property=\"og:type\" content=\"article\" \/>\n<meta property=\"og:title\" content=\"Visites a espais medievals durant la teva estada als apartaments de lloger a l\u2019Estartit | Apartaments a l&#039;Estartit\" \/>\n<meta property=\"og:description\" content=\"Els Consells comarcals de l&#8217;Alt i el Baix Empord\u00e0 editen un fullet\u00f3 tur\u00edstic en el qual s&#8217;inclouen 35 propostes de visites guiades a escenaris medievals per a tots aquells turistes allotjats a la zona i en els nostres apartaments de [...]\" \/>\n<meta property=\"og:url\" content=\"https:\/\/sagavinaestartit.com\/ca\/visites-a-espais-medievals-durant-la-teva-estada-als-apartaments-de-lloger-a-lestartit\/\" \/>\n<meta property=\"og:site_name\" content=\"Apartaments a l&#039;Estartit\" \/>\n<meta property=\"article:published_time\" content=\"2018-04-07T17:30:56+00:00\" \/>\n<meta property=\"og:image\" content=\"https:\/\/sagavinaestartit.com\/wp-content\/uploads\/2018\/04\/large_tours_medievales_estartit.jpg\" \/>\n\t<meta property=\"og:image:width\" content=\"335\" \/>\n\t<meta property=\"og:image:height\" content=\"143\" \/>\n\t<meta property=\"og:image:type\" content=\"image\/jpeg\" \/>\n<meta name=\"author\" content=\"tecnico_alojapro\" \/>\n<meta name=\"twitter:card\" content=\"summary_large_image\" \/>\n<meta name=\"twitter:label1\" content=\"Escrit per\" \/>\n\t<meta name=\"twitter:data1\" content=\"tecnico_alojapro\" \/>\n\t<meta name=\"twitter:label2\" content=\"Temps estimat de lectura\" \/>\n\t<meta name=\"twitter:data2\" content=\"1 minut\" \/>\n<script type=\"application\/ld+json\" class=\"yoast-schema-graph\">{\"@context\":\"https:\/\/schema.org\",\"@graph\":[{\"@type\":\"Article\",\"@id\":\"https:\/\/sagavinaestartit.com\/ca\/visites-a-espais-medievals-durant-la-teva-estada-als-apartaments-de-lloger-a-lestartit\/#article\",\"isPartOf\":{\"@id\":\"https:\/\/sagavinaestartit.com\/ca\/visites-a-espais-medievals-durant-la-teva-estada-als-apartaments-de-lloger-a-lestartit\/\"},\"author\":{\"name\":\"tecnico_alojapro\",\"@id\":\"https:\/\/sagavinaestartit.com\/ca\/#\/schema\/person\/72b3f9a420869474351007377bde83c0\"},\"headline\":\"Visites a espais medievals durant la teva estada als apartaments de lloger a l\u2019Estartit\",\"datePublished\":\"2018-04-07T17:30:56+00:00\",\"mainEntityOfPage\":{\"@id\":\"https:\/\/sagavinaestartit.com\/ca\/visites-a-espais-medievals-durant-la-teva-estada-als-apartaments-de-lloger-a-lestartit\/\"},\"wordCount\":156,\"commentCount\":0,\"publisher\":{\"@id\":\"https:\/\/sagavinaestartit.com\/ca\/#organization\"},\"image\":{\"@id\":\"https:\/\/sagavinaestartit.com\/ca\/visites-a-espais-medievals-durant-la-teva-estada-als-apartaments-de-lloger-a-lestartit\/#primaryimage\"},\"thumbnailUrl\":\"https:\/\/sagavinaestartit.com\/wp-content\/uploads\/2018\/04\/large_tours_medievales_estartit.jpg\",\"articleSection\":[\"Novetats\"],\"inLanguage\":\"ca\",\"potentialAction\":[{\"@type\":\"CommentAction\",\"name\":\"Comment\",\"target\":[\"https:\/\/sagavinaestartit.com\/ca\/visites-a-espais-medievals-durant-la-teva-estada-als-apartaments-de-lloger-a-lestartit\/#respond\"]}]},{\"@type\":\"WebPage\",\"@id\":\"https:\/\/sagavinaestartit.com\/ca\/visites-a-espais-medievals-durant-la-teva-estada-als-apartaments-de-lloger-a-lestartit\/\",\"url\":\"https:\/\/sagavinaestartit.com\/ca\/visites-a-espais-medievals-durant-la-teva-estada-als-apartaments-de-lloger-a-lestartit\/\",\"name\":\"Visites a espais medievals durant la teva estada als apartaments de lloger a l\u2019Estartit | Apartaments a l'Estartit\",\"isPartOf\":{\"@id\":\"https:\/\/sagavinaestartit.com\/ca\/#website\"},\"primaryImageOfPage\":{\"@id\":\"https:\/\/sagavinaestartit.com\/ca\/visites-a-espais-medievals-durant-la-teva-estada-als-apartaments-de-lloger-a-lestartit\/#primaryimage\"},\"image\":{\"@id\":\"https:\/\/sagavinaestartit.com\/ca\/visites-a-espais-medievals-durant-la-teva-estada-als-apartaments-de-lloger-a-lestartit\/#primaryimage\"},\"thumbnailUrl\":\"https:\/\/sagavinaestartit.com\/wp-content\/uploads\/2018\/04\/large_tours_medievales_estartit.jpg\",\"datePublished\":\"2018-04-07T17:30:56+00:00\",\"breadcrumb\":{\"@id\":\"https:\/\/sagavinaestartit.com\/ca\/visites-a-espais-medievals-durant-la-teva-estada-als-apartaments-de-lloger-a-lestartit\/#breadcrumb\"},\"inLanguage\":\"ca\",\"potentialAction\":[{\"@type\":\"ReadAction\",\"target\":[\"https:\/\/sagavinaestartit.com\/ca\/visites-a-espais-medievals-durant-la-teva-estada-als-apartaments-de-lloger-a-lestartit\/\"]}]},{\"@type\":\"ImageObject\",\"inLanguage\":\"ca\",\"@id\":\"https:\/\/sagavinaestartit.com\/ca\/visites-a-espais-medievals-durant-la-teva-estada-als-apartaments-de-lloger-a-lestartit\/#primaryimage\",\"url\":\"https:\/\/sagavinaestartit.com\/wp-content\/uploads\/2018\/04\/large_tours_medievales_estartit.jpg\",\"contentUrl\":\"https:\/\/sagavinaestartit.com\/wp-content\/uploads\/2018\/04\/large_tours_medievales_estartit.jpg\",\"width\":335,\"height\":143},{\"@type\":\"BreadcrumbList\",\"@id\":\"https:\/\/sagavinaestartit.com\/ca\/visites-a-espais-medievals-durant-la-teva-estada-als-apartaments-de-lloger-a-lestartit\/#breadcrumb\",\"itemListElement\":[{\"@type\":\"ListItem\",\"position\":1,\"name\":\"Portada\",\"item\":\"https:\/\/sagavinaestartit.com\/ca\/home\/\"},{\"@type\":\"ListItem\",\"position\":2,\"name\":\"Visites a espais medievals durant la teva estada als apartaments de lloger a l\u2019Estartit\"}]},{\"@type\":\"WebSite\",\"@id\":\"https:\/\/sagavinaestartit.com\/ca\/#website\",\"url\":\"https:\/\/sagavinaestartit.com\/ca\/\",\"name\":\"Sa Gavina Apartaments\",\"description\":\"Sa Gavina Apartaments\",\"publisher\":{\"@id\":\"https:\/\/sagavinaestartit.com\/ca\/#organization\"},\"potentialAction\":[{\"@type\":\"SearchAction\",\"target\":{\"@type\":\"EntryPoint\",\"urlTemplate\":\"https:\/\/sagavinaestartit.com\/ca\/?s={search_term_string}\"},\"query-input\":{\"@type\":\"PropertyValueSpecification\",\"valueRequired\":true,\"valueName\":\"search_term_string\"}}],\"inLanguage\":\"ca\"},{\"@type\":\"Organization\",\"@id\":\"https:\/\/sagavinaestartit.com\/ca\/#organization\",\"name\":\"Sa Gavina Apartaments\",\"url\":\"https:\/\/sagavinaestartit.com\/ca\/\",\"logo\":{\"@type\":\"ImageObject\",\"inLanguage\":\"ca\",\"@id\":\"https:\/\/sagavinaestartit.com\/ca\/#\/schema\/logo\/image\/\",\"url\":\"https:\/\/sagavinaestartit.com\/wp-content\/uploads\/2024\/12\/3-1.png\",\"contentUrl\":\"https:\/\/sagavinaestartit.com\/wp-content\/uploads\/2024\/12\/3-1.png\",\"width\":500,\"height\":200,\"caption\":\"Sa Gavina Apartaments\"},\"image\":{\"@id\":\"https:\/\/sagavinaestartit.com\/ca\/#\/schema\/logo\/image\/\"}},{\"@type\":\"Person\",\"@id\":\"https:\/\/sagavinaestartit.com\/ca\/#\/schema\/person\/72b3f9a420869474351007377bde83c0\",\"name\":\"tecnico_alojapro\",\"sameAs\":[\"https:\/\/sagavinaestartit.com\"]}]}<\/script>\n<!-- \/ Yoast SEO plugin. -->","yoast_head_json":{"title":"Visites a espais medievals durant la teva estada als apartaments de lloger a l\u2019Estartit | Apartaments a l'Estartit","robots":{"index":"index","follow":"follow","max-snippet":"max-snippet:-1","max-image-preview":"max-image-preview:large","max-video-preview":"max-video-preview:-1"},"canonical":"https:\/\/sagavinaestartit.com\/ca\/visites-a-espais-medievals-durant-la-teva-estada-als-apartaments-de-lloger-a-lestartit\/","og_locale":"ca_ES","og_type":"article","og_title":"Visites a espais medievals durant la teva estada als apartaments de lloger a l\u2019Estartit | Apartaments a l'Estartit","og_description":"Els Consells comarcals de l&#8217;Alt i el Baix Empord\u00e0 editen un fullet\u00f3 tur\u00edstic en el qual s&#8217;inclouen 35 propostes de visites guiades a escenaris medievals per a tots aquells turistes allotjats a la zona i en els nostres apartaments de [...]","og_url":"https:\/\/sagavinaestartit.com\/ca\/visites-a-espais-medievals-durant-la-teva-estada-als-apartaments-de-lloger-a-lestartit\/","og_site_name":"Apartaments a l'Estartit","article_published_time":"2018-04-07T17:30:56+00:00","og_image":[{"width":335,"height":143,"url":"https:\/\/sagavinaestartit.com\/wp-content\/uploads\/2018\/04\/large_tours_medievales_estartit.jpg","type":"image\/jpeg"}],"author":"tecnico_alojapro","twitter_card":"summary_large_image","twitter_misc":{"Escrit per":"tecnico_alojapro","Temps estimat de lectura":"1 minut"},"schema":{"@context":"https:\/\/schema.org","@graph":[{"@type":"Article","@id":"https:\/\/sagavinaestartit.com\/ca\/visites-a-espais-medievals-durant-la-teva-estada-als-apartaments-de-lloger-a-lestartit\/#article","isPartOf":{"@id":"https:\/\/sagavinaestartit.com\/ca\/visites-a-espais-medievals-durant-la-teva-estada-als-apartaments-de-lloger-a-lestartit\/"},"author":{"name":"tecnico_alojapro","@id":"https:\/\/sagavinaestartit.com\/ca\/#\/schema\/person\/72b3f9a420869474351007377bde83c0"},"headline":"Visites a espais medievals durant la teva estada als apartaments de lloger a l\u2019Estartit","datePublished":"2018-04-07T17:30:56+00:00","mainEntityOfPage":{"@id":"https:\/\/sagavinaestartit.com\/ca\/visites-a-espais-medievals-durant-la-teva-estada-als-apartaments-de-lloger-a-lestartit\/"},"wordCount":156,"commentCount":0,"publisher":{"@id":"https:\/\/sagavinaestartit.com\/ca\/#organization"},"image":{"@id":"https:\/\/sagavinaestartit.com\/ca\/visites-a-espais-medievals-durant-la-teva-estada-als-apartaments-de-lloger-a-lestartit\/#primaryimage"},"thumbnailUrl":"https:\/\/sagavinaestartit.com\/wp-content\/uploads\/2018\/04\/large_tours_medievales_estartit.jpg","articleSection":["Novetats"],"inLanguage":"ca","potentialAction":[{"@type":"CommentAction","name":"Comment","target":["https:\/\/sagavinaestartit.com\/ca\/visites-a-espais-medievals-durant-la-teva-estada-als-apartaments-de-lloger-a-lestartit\/#respond"]}]},{"@type":"WebPage","@id":"https:\/\/sagavinaestartit.com\/ca\/visites-a-espais-medievals-durant-la-teva-estada-als-apartaments-de-lloger-a-lestartit\/","url":"https:\/\/sagavinaestartit.com\/ca\/visites-a-espais-medievals-durant-la-teva-estada-als-apartaments-de-lloger-a-lestartit\/","name":"Visites a espais medievals durant la teva estada als apartaments de lloger a l\u2019Estartit | Apartaments a l'Estartit","isPartOf":{"@id":"https:\/\/sagavinaestartit.com\/ca\/#website"},"primaryImageOfPage":{"@id":"https:\/\/sagavinaestartit.com\/ca\/visites-a-espais-medievals-durant-la-teva-estada-als-apartaments-de-lloger-a-lestartit\/#primaryimage"},"image":{"@id":"https:\/\/sagavinaestartit.com\/ca\/visites-a-espais-medievals-durant-la-teva-estada-als-apartaments-de-lloger-a-lestartit\/#primaryimage"},"thumbnailUrl":"https:\/\/sagavinaestartit.com\/wp-content\/uploads\/2018\/04\/large_tours_medievales_estartit.jpg","datePublished":"2018-04-07T17:30:56+00:00","breadcrumb":{"@id":"https:\/\/sagavinaestartit.com\/ca\/visites-a-espais-medievals-durant-la-teva-estada-als-apartaments-de-lloger-a-lestartit\/#breadcrumb"},"inLanguage":"ca","potentialAction":[{"@type":"ReadAction","target":["https:\/\/sagavinaestartit.com\/ca\/visites-a-espais-medievals-durant-la-teva-estada-als-apartaments-de-lloger-a-lestartit\/"]}]},{"@type":"ImageObject","inLanguage":"ca","@id":"https:\/\/sagavinaestartit.com\/ca\/visites-a-espais-medievals-durant-la-teva-estada-als-apartaments-de-lloger-a-lestartit\/#primaryimage","url":"https:\/\/sagavinaestartit.com\/wp-content\/uploads\/2018\/04\/large_tours_medievales_estartit.jpg","contentUrl":"https:\/\/sagavinaestartit.com\/wp-content\/uploads\/2018\/04\/large_tours_medievales_estartit.jpg","width":335,"height":143},{"@type":"BreadcrumbList","@id":"https:\/\/sagavinaestartit.com\/ca\/visites-a-espais-medievals-durant-la-teva-estada-als-apartaments-de-lloger-a-lestartit\/#breadcrumb","itemListElement":[{"@type":"ListItem","position":1,"name":"Portada","item":"https:\/\/sagavinaestartit.com\/ca\/home\/"},{"@type":"ListItem","position":2,"name":"Visites a espais medievals durant la teva estada als apartaments de lloger a l\u2019Estartit"}]},{"@type":"WebSite","@id":"https:\/\/sagavinaestartit.com\/ca\/#website","url":"https:\/\/sagavinaestartit.com\/ca\/","name":"Sa Gavina Apartaments","description":"Sa Gavina Apartaments","publisher":{"@id":"https:\/\/sagavinaestartit.com\/ca\/#organization"},"potentialAction":[{"@type":"SearchAction","target":{"@type":"EntryPoint","urlTemplate":"https:\/\/sagavinaestartit.com\/ca\/?s={search_term_string}"},"query-input":{"@type":"PropertyValueSpecification","valueRequired":true,"valueName":"search_term_string"}}],"inLanguage":"ca"},{"@type":"Organization","@id":"https:\/\/sagavinaestartit.com\/ca\/#organization","name":"Sa Gavina Apartaments","url":"https:\/\/sagavinaestartit.com\/ca\/","logo":{"@type":"ImageObject","inLanguage":"ca","@id":"https:\/\/sagavinaestartit.com\/ca\/#\/schema\/logo\/image\/","url":"https:\/\/sagavinaestartit.com\/wp-content\/uploads\/2024\/12\/3-1.png","contentUrl":"https:\/\/sagavinaestartit.com\/wp-content\/uploads\/2024\/12\/3-1.png","width":500,"height":200,"caption":"Sa Gavina Apartaments"},"image":{"@id":"https:\/\/sagavinaestartit.com\/ca\/#\/schema\/logo\/image\/"}},{"@type":"Person","@id":"https:\/\/sagavinaestartit.com\/ca\/#\/schema\/person\/72b3f9a420869474351007377bde83c0","name":"tecnico_alojapro","sameAs":["https:\/\/sagavinaestartit.com"]}]}},"_links":{"self":[{"href":"https:\/\/sagavinaestartit.com\/ca\/wp-json\/wp\/v2\/posts\/28667","targetHints":{"allow":["GET"]}}],"collection":[{"href":"https:\/\/sagavinaestartit.com\/ca\/wp-json\/wp\/v2\/posts"}],"about":[{"href":"https:\/\/sagavinaestartit.com\/ca\/wp-json\/wp\/v2\/types\/post"}],"author":[{"embeddable":true,"href":"https:\/\/sagavinaestartit.com\/ca\/wp-json\/wp\/v2\/users\/1"}],"replies":[{"embeddable":true,"href":"https:\/\/sagavinaestartit.com\/ca\/wp-json\/wp\/v2\/comments?post=28667"}],"version-history":[{"count":0,"href":"https:\/\/sagavinaestartit.com\/ca\/wp-json\/wp\/v2\/posts\/28667\/revisions"}],"wp:featuredmedia":[{"embeddable":true,"href":"https:\/\/sagavinaestartit.com\/ca\/wp-json\/wp\/v2\/media\/13930"}],"wp:attachment":[{"href":"https:\/\/sagavinaestartit.com\/ca\/wp-json\/wp\/v2\/media?parent=28667"}],"wp:term":[{"taxonomy":"category","embeddable":true,"href":"https:\/\/sagavinaestartit.com\/ca\/wp-json\/wp\/v2\/categories?post=28667"},{"taxonomy":"post_tag","embeddable":true,"href":"https:\/\/sagavinaestartit.com\/ca\/wp-json\/wp\/v2\/tags?post=28667"}],"curies":[{"name":"wp","href":"https:\/\/api.w.org\/{rel}","templated":true}]}}