{"id":28666,"date":"2018-04-07T19:45:40","date_gmt":"2018-04-07T17:45:40","guid":{"rendered":"https:\/\/sagavinaestartit.com\/2018\/04\/07\/les-gambes-de-palamos-i-la-teva-estada-als-apartaments-de-lloguer-sa-gavina-a-lestartit\/"},"modified":"2018-04-07T19:45:40","modified_gmt":"2018-04-07T17:45:40","slug":"les-gambes-de-palamos-i-la-teva-estada-als-apartaments-de-lloguer-sa-gavina-a-lestartit","status":"publish","type":"post","link":"https:\/\/sagavinaestartit.com\/ca\/les-gambes-de-palamos-i-la-teva-estada-als-apartaments-de-lloguer-sa-gavina-a-lestartit\/","title":{"rendered":"Les gambes de Palam\u00f3s i la teva estada als apartaments de lloguer Sa gavina a l&#8217;Estartit"},"content":{"rendered":"<p style=\"font-weight: 400; text-align: justify;\">Aprofita la teva estada als nostres<strong>\u00a0apartaments de lloguer a l&#8217;Estartit<\/strong>\u00a0per visitar la\u00a0<a href=\"http:\/\/firadelagamba.cat\/\">fira anual de la Gamba de Palam\u00f3s<\/a>\u00a0que es celebra durant el mes de juny. A m\u00e9s, has de saber que a finals del passat any aquest producte t\u00edpic de l&#8217;Empord\u00e0 es va incorporar a la Marca de Garantia &#8220;Productes de l&#8217;Empord\u00e0&#8221;.<\/p>\n<p style=\"font-weight: 400; text-align: justify;\">Aquesta marca aglutina altres productes t\u00edpics d&#8217;aquesta zona com s\u00f3n l&#8217;arr\u00f2s de Pals, la llonganissa dol\u00e7a, els bunyols de l&#8217;Empord\u00e0, la ceba de Figueres, el recuit de drap o la poma de \u201crelleno\u201d Vilabertran.<\/p>\n<p style=\"font-weight: 400; text-align: justify;\">La incorporaci\u00f3 de la Gamba de Palam\u00f3s permet potenciar el valor d&#8217;aquest producte vetllant per la seva qualitat i prestigi amb l&#8217;objectiu de millorar la seva promoci\u00f3 i coneixement. Aix\u00ed mateix, la marca garanteix que tots els seus productes es produeixen o s&#8217;elaboren al territori empordan\u00e8s. Tots ells se sotmeten, a m\u00e9s, a controls alimentaris que s&#8217;encarreguen de certificar la seva qualitat.<\/p>\n<p style=\"font-weight: 400; text-align: justify;\">La gamba de Palam\u00f3s representa un actiu diferencial del municipi de Palam\u00f3s i es promociona de manera activa a la fira anual que se celebra cada mes de juny al port pesquer. Aquesta fira compta amb la participaci\u00f3 d&#8217;empreses certificades amb la Marca de Garantia, d&#8217;elaboradors del producte que tenen com a ingredient principal la Gamba de Palam\u00f3s i amb distribu\u00efdors especialitzats en la seva comercialitzaci\u00f3.<\/p>\n<p style=\"font-weight: 400; text-align: justify;\">Sigui quin sigui el moment en qu\u00e8 us allotgeu en els\u00a0<strong>apartaments de lloguer Sa Gavina a l&#8217;Estartit<\/strong>, no deixeu escapar l&#8217;ocasi\u00f3 de provar les fant\u00e0stiques Gambes de Palam\u00f3s. No us penedireu!<\/p>\n","protected":false},"excerpt":{"rendered":"<p>Aprofita la teva estada als nostres\u00a0apartaments de lloguer a l&#8217;Estartit\u00a0per visitar la\u00a0fira anual de la Gamba de Palam\u00f3s\u00a0que es celebra durant el mes de juny. A m\u00e9s, has de saber que a finals del passat any aquest producte t\u00edpic de  [&#8230;]<\/p>\n","protected":false},"author":1,"featured_media":13915,"comment_status":"open","ping_status":"open","sticky":false,"template":"","format":"standard","meta":{"footnotes":""},"categories":[119],"tags":[],"class_list":["post-28666","post","type-post","status-publish","format-standard","has-post-thumbnail","hentry","category-novetats"],"yoast_head":"<!-- This site is optimized with the Yoast SEO plugin v27.1.1 - https:\/\/yoast.com\/product\/yoast-seo-wordpress\/ -->\n<title>Les gambes de Palam\u00f3s i la teva estada als apartaments de lloguer Sa gavina a l&#039;Estartit | Apartaments a l&#039;Estartit<\/title>\n<meta name=\"robots\" content=\"index, follow, max-snippet:-1, max-image-preview:large, max-video-preview:-1\" \/>\n<link rel=\"canonical\" href=\"https:\/\/sagavinaestartit.com\/ca\/les-gambes-de-palamos-i-la-teva-estada-als-apartaments-de-lloguer-sa-gavina-a-lestartit\/\" \/>\n<meta property=\"og:locale\" content=\"ca_ES\" \/>\n<meta property=\"og:type\" content=\"article\" \/>\n<meta property=\"og:title\" content=\"Les gambes de Palam\u00f3s i la teva estada als apartaments de lloguer Sa gavina a l&#039;Estartit | Apartaments a l&#039;Estartit\" \/>\n<meta property=\"og:description\" content=\"Aprofita la teva estada als nostres\u00a0apartaments de lloguer a l&#8217;Estartit\u00a0per visitar la\u00a0fira anual de la Gamba de Palam\u00f3s\u00a0que es celebra durant el mes de juny. A m\u00e9s, has de saber que a finals del passat any aquest producte t\u00edpic de [...]\" \/>\n<meta property=\"og:url\" content=\"https:\/\/sagavinaestartit.com\/ca\/les-gambes-de-palamos-i-la-teva-estada-als-apartaments-de-lloguer-sa-gavina-a-lestartit\/\" \/>\n<meta property=\"og:site_name\" content=\"Apartaments a l&#039;Estartit\" \/>\n<meta property=\"article:published_time\" content=\"2018-04-07T17:45:40+00:00\" \/>\n<meta property=\"og:image\" content=\"https:\/\/sagavinaestartit.com\/wp-content\/uploads\/2018\/04\/large_marca-de-garantia-Gamba-de-Palamos.jpg\" \/>\n\t<meta property=\"og:image:width\" content=\"335\" \/>\n\t<meta property=\"og:image:height\" content=\"321\" \/>\n\t<meta property=\"og:image:type\" content=\"image\/jpeg\" \/>\n<meta name=\"author\" content=\"tecnico_alojapro\" \/>\n<meta name=\"twitter:card\" content=\"summary_large_image\" \/>\n<meta name=\"twitter:label1\" content=\"Escrit per\" \/>\n\t<meta name=\"twitter:data1\" content=\"tecnico_alojapro\" \/>\n\t<meta name=\"twitter:label2\" content=\"Temps estimat de lectura\" \/>\n\t<meta name=\"twitter:data2\" content=\"1 minut\" \/>\n<script type=\"application\/ld+json\" class=\"yoast-schema-graph\">{\"@context\":\"https:\/\/schema.org\",\"@graph\":[{\"@type\":\"Article\",\"@id\":\"https:\/\/sagavinaestartit.com\/ca\/les-gambes-de-palamos-i-la-teva-estada-als-apartaments-de-lloguer-sa-gavina-a-lestartit\/#article\",\"isPartOf\":{\"@id\":\"https:\/\/sagavinaestartit.com\/ca\/les-gambes-de-palamos-i-la-teva-estada-als-apartaments-de-lloguer-sa-gavina-a-lestartit\/\"},\"author\":{\"name\":\"tecnico_alojapro\",\"@id\":\"https:\/\/sagavinaestartit.com\/ca\/#\/schema\/person\/72b3f9a420869474351007377bde83c0\"},\"headline\":\"Les gambes de Palam\u00f3s i la teva estada als apartaments de lloguer Sa gavina a l&#8217;Estartit\",\"datePublished\":\"2018-04-07T17:45:40+00:00\",\"mainEntityOfPage\":{\"@id\":\"https:\/\/sagavinaestartit.com\/ca\/les-gambes-de-palamos-i-la-teva-estada-als-apartaments-de-lloguer-sa-gavina-a-lestartit\/\"},\"wordCount\":298,\"commentCount\":0,\"publisher\":{\"@id\":\"https:\/\/sagavinaestartit.com\/ca\/#organization\"},\"image\":{\"@id\":\"https:\/\/sagavinaestartit.com\/ca\/les-gambes-de-palamos-i-la-teva-estada-als-apartaments-de-lloguer-sa-gavina-a-lestartit\/#primaryimage\"},\"thumbnailUrl\":\"https:\/\/sagavinaestartit.com\/wp-content\/uploads\/2018\/04\/large_marca-de-garantia-Gamba-de-Palamos.jpg\",\"articleSection\":[\"Novetats\"],\"inLanguage\":\"ca\",\"potentialAction\":[{\"@type\":\"CommentAction\",\"name\":\"Comment\",\"target\":[\"https:\/\/sagavinaestartit.com\/ca\/les-gambes-de-palamos-i-la-teva-estada-als-apartaments-de-lloguer-sa-gavina-a-lestartit\/#respond\"]}]},{\"@type\":\"WebPage\",\"@id\":\"https:\/\/sagavinaestartit.com\/ca\/les-gambes-de-palamos-i-la-teva-estada-als-apartaments-de-lloguer-sa-gavina-a-lestartit\/\",\"url\":\"https:\/\/sagavinaestartit.com\/ca\/les-gambes-de-palamos-i-la-teva-estada-als-apartaments-de-lloguer-sa-gavina-a-lestartit\/\",\"name\":\"Les gambes de Palam\u00f3s i la teva estada als apartaments de lloguer Sa gavina a l'Estartit | Apartaments a l'Estartit\",\"isPartOf\":{\"@id\":\"https:\/\/sagavinaestartit.com\/ca\/#website\"},\"primaryImageOfPage\":{\"@id\":\"https:\/\/sagavinaestartit.com\/ca\/les-gambes-de-palamos-i-la-teva-estada-als-apartaments-de-lloguer-sa-gavina-a-lestartit\/#primaryimage\"},\"image\":{\"@id\":\"https:\/\/sagavinaestartit.com\/ca\/les-gambes-de-palamos-i-la-teva-estada-als-apartaments-de-lloguer-sa-gavina-a-lestartit\/#primaryimage\"},\"thumbnailUrl\":\"https:\/\/sagavinaestartit.com\/wp-content\/uploads\/2018\/04\/large_marca-de-garantia-Gamba-de-Palamos.jpg\",\"datePublished\":\"2018-04-07T17:45:40+00:00\",\"breadcrumb\":{\"@id\":\"https:\/\/sagavinaestartit.com\/ca\/les-gambes-de-palamos-i-la-teva-estada-als-apartaments-de-lloguer-sa-gavina-a-lestartit\/#breadcrumb\"},\"inLanguage\":\"ca\",\"potentialAction\":[{\"@type\":\"ReadAction\",\"target\":[\"https:\/\/sagavinaestartit.com\/ca\/les-gambes-de-palamos-i-la-teva-estada-als-apartaments-de-lloguer-sa-gavina-a-lestartit\/\"]}]},{\"@type\":\"ImageObject\",\"inLanguage\":\"ca\",\"@id\":\"https:\/\/sagavinaestartit.com\/ca\/les-gambes-de-palamos-i-la-teva-estada-als-apartaments-de-lloguer-sa-gavina-a-lestartit\/#primaryimage\",\"url\":\"https:\/\/sagavinaestartit.com\/wp-content\/uploads\/2018\/04\/large_marca-de-garantia-Gamba-de-Palamos.jpg\",\"contentUrl\":\"https:\/\/sagavinaestartit.com\/wp-content\/uploads\/2018\/04\/large_marca-de-garantia-Gamba-de-Palamos.jpg\",\"width\":335,\"height\":321},{\"@type\":\"BreadcrumbList\",\"@id\":\"https:\/\/sagavinaestartit.com\/ca\/les-gambes-de-palamos-i-la-teva-estada-als-apartaments-de-lloguer-sa-gavina-a-lestartit\/#breadcrumb\",\"itemListElement\":[{\"@type\":\"ListItem\",\"position\":1,\"name\":\"Portada\",\"item\":\"https:\/\/sagavinaestartit.com\/ca\/home\/\"},{\"@type\":\"ListItem\",\"position\":2,\"name\":\"Les gambes de Palam\u00f3s i la teva estada als apartaments de lloguer Sa gavina a l&#8217;Estartit\"}]},{\"@type\":\"WebSite\",\"@id\":\"https:\/\/sagavinaestartit.com\/ca\/#website\",\"url\":\"https:\/\/sagavinaestartit.com\/ca\/\",\"name\":\"Sa Gavina Apartaments\",\"description\":\"Sa Gavina Apartaments\",\"publisher\":{\"@id\":\"https:\/\/sagavinaestartit.com\/ca\/#organization\"},\"potentialAction\":[{\"@type\":\"SearchAction\",\"target\":{\"@type\":\"EntryPoint\",\"urlTemplate\":\"https:\/\/sagavinaestartit.com\/ca\/?s={search_term_string}\"},\"query-input\":{\"@type\":\"PropertyValueSpecification\",\"valueRequired\":true,\"valueName\":\"search_term_string\"}}],\"inLanguage\":\"ca\"},{\"@type\":\"Organization\",\"@id\":\"https:\/\/sagavinaestartit.com\/ca\/#organization\",\"name\":\"Sa Gavina Apartaments\",\"url\":\"https:\/\/sagavinaestartit.com\/ca\/\",\"logo\":{\"@type\":\"ImageObject\",\"inLanguage\":\"ca\",\"@id\":\"https:\/\/sagavinaestartit.com\/ca\/#\/schema\/logo\/image\/\",\"url\":\"https:\/\/sagavinaestartit.com\/wp-content\/uploads\/2024\/12\/3-1.png\",\"contentUrl\":\"https:\/\/sagavinaestartit.com\/wp-content\/uploads\/2024\/12\/3-1.png\",\"width\":500,\"height\":200,\"caption\":\"Sa Gavina Apartaments\"},\"image\":{\"@id\":\"https:\/\/sagavinaestartit.com\/ca\/#\/schema\/logo\/image\/\"}},{\"@type\":\"Person\",\"@id\":\"https:\/\/sagavinaestartit.com\/ca\/#\/schema\/person\/72b3f9a420869474351007377bde83c0\",\"name\":\"tecnico_alojapro\",\"sameAs\":[\"https:\/\/sagavinaestartit.com\"]}]}<\/script>\n<!-- \/ Yoast SEO plugin. -->","yoast_head_json":{"title":"Les gambes de Palam\u00f3s i la teva estada als apartaments de lloguer Sa gavina a l'Estartit | Apartaments a l'Estartit","robots":{"index":"index","follow":"follow","max-snippet":"max-snippet:-1","max-image-preview":"max-image-preview:large","max-video-preview":"max-video-preview:-1"},"canonical":"https:\/\/sagavinaestartit.com\/ca\/les-gambes-de-palamos-i-la-teva-estada-als-apartaments-de-lloguer-sa-gavina-a-lestartit\/","og_locale":"ca_ES","og_type":"article","og_title":"Les gambes de Palam\u00f3s i la teva estada als apartaments de lloguer Sa gavina a l'Estartit | Apartaments a l'Estartit","og_description":"Aprofita la teva estada als nostres\u00a0apartaments de lloguer a l&#8217;Estartit\u00a0per visitar la\u00a0fira anual de la Gamba de Palam\u00f3s\u00a0que es celebra durant el mes de juny. A m\u00e9s, has de saber que a finals del passat any aquest producte t\u00edpic de [...]","og_url":"https:\/\/sagavinaestartit.com\/ca\/les-gambes-de-palamos-i-la-teva-estada-als-apartaments-de-lloguer-sa-gavina-a-lestartit\/","og_site_name":"Apartaments a l'Estartit","article_published_time":"2018-04-07T17:45:40+00:00","og_image":[{"width":335,"height":321,"url":"https:\/\/sagavinaestartit.com\/wp-content\/uploads\/2018\/04\/large_marca-de-garantia-Gamba-de-Palamos.jpg","type":"image\/jpeg"}],"author":"tecnico_alojapro","twitter_card":"summary_large_image","twitter_misc":{"Escrit per":"tecnico_alojapro","Temps estimat de lectura":"1 minut"},"schema":{"@context":"https:\/\/schema.org","@graph":[{"@type":"Article","@id":"https:\/\/sagavinaestartit.com\/ca\/les-gambes-de-palamos-i-la-teva-estada-als-apartaments-de-lloguer-sa-gavina-a-lestartit\/#article","isPartOf":{"@id":"https:\/\/sagavinaestartit.com\/ca\/les-gambes-de-palamos-i-la-teva-estada-als-apartaments-de-lloguer-sa-gavina-a-lestartit\/"},"author":{"name":"tecnico_alojapro","@id":"https:\/\/sagavinaestartit.com\/ca\/#\/schema\/person\/72b3f9a420869474351007377bde83c0"},"headline":"Les gambes de Palam\u00f3s i la teva estada als apartaments de lloguer Sa gavina a l&#8217;Estartit","datePublished":"2018-04-07T17:45:40+00:00","mainEntityOfPage":{"@id":"https:\/\/sagavinaestartit.com\/ca\/les-gambes-de-palamos-i-la-teva-estada-als-apartaments-de-lloguer-sa-gavina-a-lestartit\/"},"wordCount":298,"commentCount":0,"publisher":{"@id":"https:\/\/sagavinaestartit.com\/ca\/#organization"},"image":{"@id":"https:\/\/sagavinaestartit.com\/ca\/les-gambes-de-palamos-i-la-teva-estada-als-apartaments-de-lloguer-sa-gavina-a-lestartit\/#primaryimage"},"thumbnailUrl":"https:\/\/sagavinaestartit.com\/wp-content\/uploads\/2018\/04\/large_marca-de-garantia-Gamba-de-Palamos.jpg","articleSection":["Novetats"],"inLanguage":"ca","potentialAction":[{"@type":"CommentAction","name":"Comment","target":["https:\/\/sagavinaestartit.com\/ca\/les-gambes-de-palamos-i-la-teva-estada-als-apartaments-de-lloguer-sa-gavina-a-lestartit\/#respond"]}]},{"@type":"WebPage","@id":"https:\/\/sagavinaestartit.com\/ca\/les-gambes-de-palamos-i-la-teva-estada-als-apartaments-de-lloguer-sa-gavina-a-lestartit\/","url":"https:\/\/sagavinaestartit.com\/ca\/les-gambes-de-palamos-i-la-teva-estada-als-apartaments-de-lloguer-sa-gavina-a-lestartit\/","name":"Les gambes de Palam\u00f3s i la teva estada als apartaments de lloguer Sa gavina a l'Estartit | Apartaments a l'Estartit","isPartOf":{"@id":"https:\/\/sagavinaestartit.com\/ca\/#website"},"primaryImageOfPage":{"@id":"https:\/\/sagavinaestartit.com\/ca\/les-gambes-de-palamos-i-la-teva-estada-als-apartaments-de-lloguer-sa-gavina-a-lestartit\/#primaryimage"},"image":{"@id":"https:\/\/sagavinaestartit.com\/ca\/les-gambes-de-palamos-i-la-teva-estada-als-apartaments-de-lloguer-sa-gavina-a-lestartit\/#primaryimage"},"thumbnailUrl":"https:\/\/sagavinaestartit.com\/wp-content\/uploads\/2018\/04\/large_marca-de-garantia-Gamba-de-Palamos.jpg","datePublished":"2018-04-07T17:45:40+00:00","breadcrumb":{"@id":"https:\/\/sagavinaestartit.com\/ca\/les-gambes-de-palamos-i-la-teva-estada-als-apartaments-de-lloguer-sa-gavina-a-lestartit\/#breadcrumb"},"inLanguage":"ca","potentialAction":[{"@type":"ReadAction","target":["https:\/\/sagavinaestartit.com\/ca\/les-gambes-de-palamos-i-la-teva-estada-als-apartaments-de-lloguer-sa-gavina-a-lestartit\/"]}]},{"@type":"ImageObject","inLanguage":"ca","@id":"https:\/\/sagavinaestartit.com\/ca\/les-gambes-de-palamos-i-la-teva-estada-als-apartaments-de-lloguer-sa-gavina-a-lestartit\/#primaryimage","url":"https:\/\/sagavinaestartit.com\/wp-content\/uploads\/2018\/04\/large_marca-de-garantia-Gamba-de-Palamos.jpg","contentUrl":"https:\/\/sagavinaestartit.com\/wp-content\/uploads\/2018\/04\/large_marca-de-garantia-Gamba-de-Palamos.jpg","width":335,"height":321},{"@type":"BreadcrumbList","@id":"https:\/\/sagavinaestartit.com\/ca\/les-gambes-de-palamos-i-la-teva-estada-als-apartaments-de-lloguer-sa-gavina-a-lestartit\/#breadcrumb","itemListElement":[{"@type":"ListItem","position":1,"name":"Portada","item":"https:\/\/sagavinaestartit.com\/ca\/home\/"},{"@type":"ListItem","position":2,"name":"Les gambes de Palam\u00f3s i la teva estada als apartaments de lloguer Sa gavina a l&#8217;Estartit"}]},{"@type":"WebSite","@id":"https:\/\/sagavinaestartit.com\/ca\/#website","url":"https:\/\/sagavinaestartit.com\/ca\/","name":"Sa Gavina Apartaments","description":"Sa Gavina Apartaments","publisher":{"@id":"https:\/\/sagavinaestartit.com\/ca\/#organization"},"potentialAction":[{"@type":"SearchAction","target":{"@type":"EntryPoint","urlTemplate":"https:\/\/sagavinaestartit.com\/ca\/?s={search_term_string}"},"query-input":{"@type":"PropertyValueSpecification","valueRequired":true,"valueName":"search_term_string"}}],"inLanguage":"ca"},{"@type":"Organization","@id":"https:\/\/sagavinaestartit.com\/ca\/#organization","name":"Sa Gavina Apartaments","url":"https:\/\/sagavinaestartit.com\/ca\/","logo":{"@type":"ImageObject","inLanguage":"ca","@id":"https:\/\/sagavinaestartit.com\/ca\/#\/schema\/logo\/image\/","url":"https:\/\/sagavinaestartit.com\/wp-content\/uploads\/2024\/12\/3-1.png","contentUrl":"https:\/\/sagavinaestartit.com\/wp-content\/uploads\/2024\/12\/3-1.png","width":500,"height":200,"caption":"Sa Gavina Apartaments"},"image":{"@id":"https:\/\/sagavinaestartit.com\/ca\/#\/schema\/logo\/image\/"}},{"@type":"Person","@id":"https:\/\/sagavinaestartit.com\/ca\/#\/schema\/person\/72b3f9a420869474351007377bde83c0","name":"tecnico_alojapro","sameAs":["https:\/\/sagavinaestartit.com"]}]}},"_links":{"self":[{"href":"https:\/\/sagavinaestartit.com\/ca\/wp-json\/wp\/v2\/posts\/28666","targetHints":{"allow":["GET"]}}],"collection":[{"href":"https:\/\/sagavinaestartit.com\/ca\/wp-json\/wp\/v2\/posts"}],"about":[{"href":"https:\/\/sagavinaestartit.com\/ca\/wp-json\/wp\/v2\/types\/post"}],"author":[{"embeddable":true,"href":"https:\/\/sagavinaestartit.com\/ca\/wp-json\/wp\/v2\/users\/1"}],"replies":[{"embeddable":true,"href":"https:\/\/sagavinaestartit.com\/ca\/wp-json\/wp\/v2\/comments?post=28666"}],"version-history":[{"count":0,"href":"https:\/\/sagavinaestartit.com\/ca\/wp-json\/wp\/v2\/posts\/28666\/revisions"}],"wp:featuredmedia":[{"embeddable":true,"href":"https:\/\/sagavinaestartit.com\/ca\/wp-json\/wp\/v2\/media\/13915"}],"wp:attachment":[{"href":"https:\/\/sagavinaestartit.com\/ca\/wp-json\/wp\/v2\/media?parent=28666"}],"wp:term":[{"taxonomy":"category","embeddable":true,"href":"https:\/\/sagavinaestartit.com\/ca\/wp-json\/wp\/v2\/categories?post=28666"},{"taxonomy":"post_tag","embeddable":true,"href":"https:\/\/sagavinaestartit.com\/ca\/wp-json\/wp\/v2\/tags?post=28666"}],"curies":[{"name":"wp","href":"https:\/\/api.w.org\/{rel}","templated":true}]}}