{"id":28663,"date":"2018-04-07T20:30:50","date_gmt":"2018-04-07T18:30:50","guid":{"rendered":"https:\/\/sagavinaestartit.com\/2018\/04\/07\/lestartit-es-un-desti-molt-apreciat-pels-turistes-holandesos\/"},"modified":"2018-04-07T20:30:50","modified_gmt":"2018-04-07T18:30:50","slug":"lestartit-es-un-desti-molt-apreciat-pels-turistes-holandesos","status":"publish","type":"post","link":"https:\/\/sagavinaestartit.com\/ca\/lestartit-es-un-desti-molt-apreciat-pels-turistes-holandesos\/","title":{"rendered":"L&#8217;Estartit \u00e9s un dest\u00ed molt apreciat pels turistes holandesos"},"content":{"rendered":"<p style=\"text-align: justify;\">A prop dels nostres apartaments Sa Gavina Gaud\u00ed i Sa Gavina Medes a l&#8217;Estartit, trobaran 2 establiments holandesos, amb una \u00e0mplia oferta de begudes i snaks t\u00edpicament holandesos. Es tracta de l&#8217;Old Ambient Bar i la terrassa Caf\u00e8 Unic.<\/p>\n<p style=\"text-align: justify;\">Al quiosc del carrer Santa Anna trobaran premsa di\u00e0ria i revistes holandeses.<\/p>\n<p style=\"text-align: justify;\">Estartit \u00e9s una destinaci\u00f3 molt apreciat pels turistes holandesos, ja que proposa al visitant moltes rutes en bicicleta, \u00e0mplia oferta gastron\u00f2mica, una platja llarga de sorra fina que evita les aglomeracions al mes d&#8217;agost, i un agradable clima durant la temporada d&#8217;estiu.<\/p>\n","protected":false},"excerpt":{"rendered":"<p>A prop dels nostres apartaments Sa Gavina Gaud\u00ed i Sa Gavina Medes a l&#8217;Estartit, trobaran 2 establiments holandesos, amb una \u00e0mplia oferta de begudes i snaks t\u00edpicament holandesos. Es tracta de l&#8217;Old Ambient Bar i la terrassa Caf\u00e8 Unic. Al  [&#8230;]<\/p>\n","protected":false},"author":1,"featured_media":13871,"comment_status":"open","ping_status":"open","sticky":false,"template":"","format":"standard","meta":{"footnotes":""},"categories":[119],"tags":[],"class_list":["post-28663","post","type-post","status-publish","format-standard","has-post-thumbnail","hentry","category-novetats"],"yoast_head":"<!-- This site is optimized with the Yoast SEO plugin v27.1.1 - https:\/\/yoast.com\/product\/yoast-seo-wordpress\/ -->\n<title>L&#039;Estartit \u00e9s un dest\u00ed molt apreciat pels turistes holandesos | Apartaments a l&#039;Estartit<\/title>\n<meta name=\"robots\" content=\"index, follow, max-snippet:-1, max-image-preview:large, max-video-preview:-1\" \/>\n<link rel=\"canonical\" href=\"https:\/\/sagavinaestartit.com\/ca\/lestartit-es-un-desti-molt-apreciat-pels-turistes-holandesos\/\" \/>\n<meta property=\"og:locale\" content=\"ca_ES\" \/>\n<meta property=\"og:type\" content=\"article\" \/>\n<meta property=\"og:title\" content=\"L&#039;Estartit \u00e9s un dest\u00ed molt apreciat pels turistes holandesos | Apartaments a l&#039;Estartit\" \/>\n<meta property=\"og:description\" content=\"A prop dels nostres apartaments Sa Gavina Gaud\u00ed i Sa Gavina Medes a l&#8217;Estartit, trobaran 2 establiments holandesos, amb una \u00e0mplia oferta de begudes i snaks t\u00edpicament holandesos. Es tracta de l&#8217;Old Ambient Bar i la terrassa Caf\u00e8 Unic. Al [...]\" \/>\n<meta property=\"og:url\" content=\"https:\/\/sagavinaestartit.com\/ca\/lestartit-es-un-desti-molt-apreciat-pels-turistes-holandesos\/\" \/>\n<meta property=\"og:site_name\" content=\"Apartaments a l&#039;Estartit\" \/>\n<meta property=\"article:published_time\" content=\"2018-04-07T18:30:50+00:00\" \/>\n<meta property=\"og:image\" content=\"https:\/\/sagavinaestartit.com\/wp-content\/uploads\/2018\/04\/large_frikadel_sa_gavina.jpg\" \/>\n\t<meta property=\"og:image:width\" content=\"335\" \/>\n\t<meta property=\"og:image:height\" content=\"209\" \/>\n\t<meta property=\"og:image:type\" content=\"image\/jpeg\" \/>\n<meta name=\"author\" content=\"tecnico_alojapro\" \/>\n<meta name=\"twitter:card\" content=\"summary_large_image\" \/>\n<meta name=\"twitter:label1\" content=\"Escrit per\" \/>\n\t<meta name=\"twitter:data1\" content=\"tecnico_alojapro\" \/>\n<script type=\"application\/ld+json\" class=\"yoast-schema-graph\">{\"@context\":\"https:\/\/schema.org\",\"@graph\":[{\"@type\":\"Article\",\"@id\":\"https:\/\/sagavinaestartit.com\/ca\/lestartit-es-un-desti-molt-apreciat-pels-turistes-holandesos\/#article\",\"isPartOf\":{\"@id\":\"https:\/\/sagavinaestartit.com\/ca\/lestartit-es-un-desti-molt-apreciat-pels-turistes-holandesos\/\"},\"author\":{\"name\":\"tecnico_alojapro\",\"@id\":\"https:\/\/sagavinaestartit.com\/ca\/#\/schema\/person\/72b3f9a420869474351007377bde83c0\"},\"headline\":\"L&#8217;Estartit \u00e9s un dest\u00ed molt apreciat pels turistes holandesos\",\"datePublished\":\"2018-04-07T18:30:50+00:00\",\"mainEntityOfPage\":{\"@id\":\"https:\/\/sagavinaestartit.com\/ca\/lestartit-es-un-desti-molt-apreciat-pels-turistes-holandesos\/\"},\"wordCount\":109,\"commentCount\":0,\"publisher\":{\"@id\":\"https:\/\/sagavinaestartit.com\/ca\/#organization\"},\"image\":{\"@id\":\"https:\/\/sagavinaestartit.com\/ca\/lestartit-es-un-desti-molt-apreciat-pels-turistes-holandesos\/#primaryimage\"},\"thumbnailUrl\":\"https:\/\/sagavinaestartit.com\/wp-content\/uploads\/2018\/04\/large_frikadel_sa_gavina.jpg\",\"articleSection\":[\"Novetats\"],\"inLanguage\":\"ca\",\"potentialAction\":[{\"@type\":\"CommentAction\",\"name\":\"Comment\",\"target\":[\"https:\/\/sagavinaestartit.com\/ca\/lestartit-es-un-desti-molt-apreciat-pels-turistes-holandesos\/#respond\"]}]},{\"@type\":\"WebPage\",\"@id\":\"https:\/\/sagavinaestartit.com\/ca\/lestartit-es-un-desti-molt-apreciat-pels-turistes-holandesos\/\",\"url\":\"https:\/\/sagavinaestartit.com\/ca\/lestartit-es-un-desti-molt-apreciat-pels-turistes-holandesos\/\",\"name\":\"L'Estartit \u00e9s un dest\u00ed molt apreciat pels turistes holandesos | Apartaments a l'Estartit\",\"isPartOf\":{\"@id\":\"https:\/\/sagavinaestartit.com\/ca\/#website\"},\"primaryImageOfPage\":{\"@id\":\"https:\/\/sagavinaestartit.com\/ca\/lestartit-es-un-desti-molt-apreciat-pels-turistes-holandesos\/#primaryimage\"},\"image\":{\"@id\":\"https:\/\/sagavinaestartit.com\/ca\/lestartit-es-un-desti-molt-apreciat-pels-turistes-holandesos\/#primaryimage\"},\"thumbnailUrl\":\"https:\/\/sagavinaestartit.com\/wp-content\/uploads\/2018\/04\/large_frikadel_sa_gavina.jpg\",\"datePublished\":\"2018-04-07T18:30:50+00:00\",\"breadcrumb\":{\"@id\":\"https:\/\/sagavinaestartit.com\/ca\/lestartit-es-un-desti-molt-apreciat-pels-turistes-holandesos\/#breadcrumb\"},\"inLanguage\":\"ca\",\"potentialAction\":[{\"@type\":\"ReadAction\",\"target\":[\"https:\/\/sagavinaestartit.com\/ca\/lestartit-es-un-desti-molt-apreciat-pels-turistes-holandesos\/\"]}]},{\"@type\":\"ImageObject\",\"inLanguage\":\"ca\",\"@id\":\"https:\/\/sagavinaestartit.com\/ca\/lestartit-es-un-desti-molt-apreciat-pels-turistes-holandesos\/#primaryimage\",\"url\":\"https:\/\/sagavinaestartit.com\/wp-content\/uploads\/2018\/04\/large_frikadel_sa_gavina.jpg\",\"contentUrl\":\"https:\/\/sagavinaestartit.com\/wp-content\/uploads\/2018\/04\/large_frikadel_sa_gavina.jpg\",\"width\":335,\"height\":209},{\"@type\":\"BreadcrumbList\",\"@id\":\"https:\/\/sagavinaestartit.com\/ca\/lestartit-es-un-desti-molt-apreciat-pels-turistes-holandesos\/#breadcrumb\",\"itemListElement\":[{\"@type\":\"ListItem\",\"position\":1,\"name\":\"Portada\",\"item\":\"https:\/\/sagavinaestartit.com\/ca\/home\/\"},{\"@type\":\"ListItem\",\"position\":2,\"name\":\"L&#8217;Estartit \u00e9s un dest\u00ed molt apreciat pels turistes holandesos\"}]},{\"@type\":\"WebSite\",\"@id\":\"https:\/\/sagavinaestartit.com\/ca\/#website\",\"url\":\"https:\/\/sagavinaestartit.com\/ca\/\",\"name\":\"Sa Gavina Apartaments\",\"description\":\"Sa Gavina Apartaments\",\"publisher\":{\"@id\":\"https:\/\/sagavinaestartit.com\/ca\/#organization\"},\"potentialAction\":[{\"@type\":\"SearchAction\",\"target\":{\"@type\":\"EntryPoint\",\"urlTemplate\":\"https:\/\/sagavinaestartit.com\/ca\/?s={search_term_string}\"},\"query-input\":{\"@type\":\"PropertyValueSpecification\",\"valueRequired\":true,\"valueName\":\"search_term_string\"}}],\"inLanguage\":\"ca\"},{\"@type\":\"Organization\",\"@id\":\"https:\/\/sagavinaestartit.com\/ca\/#organization\",\"name\":\"Sa Gavina Apartaments\",\"url\":\"https:\/\/sagavinaestartit.com\/ca\/\",\"logo\":{\"@type\":\"ImageObject\",\"inLanguage\":\"ca\",\"@id\":\"https:\/\/sagavinaestartit.com\/ca\/#\/schema\/logo\/image\/\",\"url\":\"https:\/\/sagavinaestartit.com\/wp-content\/uploads\/2024\/12\/3-1.png\",\"contentUrl\":\"https:\/\/sagavinaestartit.com\/wp-content\/uploads\/2024\/12\/3-1.png\",\"width\":500,\"height\":200,\"caption\":\"Sa Gavina Apartaments\"},\"image\":{\"@id\":\"https:\/\/sagavinaestartit.com\/ca\/#\/schema\/logo\/image\/\"}},{\"@type\":\"Person\",\"@id\":\"https:\/\/sagavinaestartit.com\/ca\/#\/schema\/person\/72b3f9a420869474351007377bde83c0\",\"name\":\"tecnico_alojapro\",\"sameAs\":[\"https:\/\/sagavinaestartit.com\"]}]}<\/script>\n<!-- \/ Yoast SEO plugin. -->","yoast_head_json":{"title":"L'Estartit \u00e9s un dest\u00ed molt apreciat pels turistes holandesos | Apartaments a l'Estartit","robots":{"index":"index","follow":"follow","max-snippet":"max-snippet:-1","max-image-preview":"max-image-preview:large","max-video-preview":"max-video-preview:-1"},"canonical":"https:\/\/sagavinaestartit.com\/ca\/lestartit-es-un-desti-molt-apreciat-pels-turistes-holandesos\/","og_locale":"ca_ES","og_type":"article","og_title":"L'Estartit \u00e9s un dest\u00ed molt apreciat pels turistes holandesos | Apartaments a l'Estartit","og_description":"A prop dels nostres apartaments Sa Gavina Gaud\u00ed i Sa Gavina Medes a l&#8217;Estartit, trobaran 2 establiments holandesos, amb una \u00e0mplia oferta de begudes i snaks t\u00edpicament holandesos. Es tracta de l&#8217;Old Ambient Bar i la terrassa Caf\u00e8 Unic. Al [...]","og_url":"https:\/\/sagavinaestartit.com\/ca\/lestartit-es-un-desti-molt-apreciat-pels-turistes-holandesos\/","og_site_name":"Apartaments a l'Estartit","article_published_time":"2018-04-07T18:30:50+00:00","og_image":[{"width":335,"height":209,"url":"https:\/\/sagavinaestartit.com\/wp-content\/uploads\/2018\/04\/large_frikadel_sa_gavina.jpg","type":"image\/jpeg"}],"author":"tecnico_alojapro","twitter_card":"summary_large_image","twitter_misc":{"Escrit per":"tecnico_alojapro"},"schema":{"@context":"https:\/\/schema.org","@graph":[{"@type":"Article","@id":"https:\/\/sagavinaestartit.com\/ca\/lestartit-es-un-desti-molt-apreciat-pels-turistes-holandesos\/#article","isPartOf":{"@id":"https:\/\/sagavinaestartit.com\/ca\/lestartit-es-un-desti-molt-apreciat-pels-turistes-holandesos\/"},"author":{"name":"tecnico_alojapro","@id":"https:\/\/sagavinaestartit.com\/ca\/#\/schema\/person\/72b3f9a420869474351007377bde83c0"},"headline":"L&#8217;Estartit \u00e9s un dest\u00ed molt apreciat pels turistes holandesos","datePublished":"2018-04-07T18:30:50+00:00","mainEntityOfPage":{"@id":"https:\/\/sagavinaestartit.com\/ca\/lestartit-es-un-desti-molt-apreciat-pels-turistes-holandesos\/"},"wordCount":109,"commentCount":0,"publisher":{"@id":"https:\/\/sagavinaestartit.com\/ca\/#organization"},"image":{"@id":"https:\/\/sagavinaestartit.com\/ca\/lestartit-es-un-desti-molt-apreciat-pels-turistes-holandesos\/#primaryimage"},"thumbnailUrl":"https:\/\/sagavinaestartit.com\/wp-content\/uploads\/2018\/04\/large_frikadel_sa_gavina.jpg","articleSection":["Novetats"],"inLanguage":"ca","potentialAction":[{"@type":"CommentAction","name":"Comment","target":["https:\/\/sagavinaestartit.com\/ca\/lestartit-es-un-desti-molt-apreciat-pels-turistes-holandesos\/#respond"]}]},{"@type":"WebPage","@id":"https:\/\/sagavinaestartit.com\/ca\/lestartit-es-un-desti-molt-apreciat-pels-turistes-holandesos\/","url":"https:\/\/sagavinaestartit.com\/ca\/lestartit-es-un-desti-molt-apreciat-pels-turistes-holandesos\/","name":"L'Estartit \u00e9s un dest\u00ed molt apreciat pels turistes holandesos | Apartaments a l'Estartit","isPartOf":{"@id":"https:\/\/sagavinaestartit.com\/ca\/#website"},"primaryImageOfPage":{"@id":"https:\/\/sagavinaestartit.com\/ca\/lestartit-es-un-desti-molt-apreciat-pels-turistes-holandesos\/#primaryimage"},"image":{"@id":"https:\/\/sagavinaestartit.com\/ca\/lestartit-es-un-desti-molt-apreciat-pels-turistes-holandesos\/#primaryimage"},"thumbnailUrl":"https:\/\/sagavinaestartit.com\/wp-content\/uploads\/2018\/04\/large_frikadel_sa_gavina.jpg","datePublished":"2018-04-07T18:30:50+00:00","breadcrumb":{"@id":"https:\/\/sagavinaestartit.com\/ca\/lestartit-es-un-desti-molt-apreciat-pels-turistes-holandesos\/#breadcrumb"},"inLanguage":"ca","potentialAction":[{"@type":"ReadAction","target":["https:\/\/sagavinaestartit.com\/ca\/lestartit-es-un-desti-molt-apreciat-pels-turistes-holandesos\/"]}]},{"@type":"ImageObject","inLanguage":"ca","@id":"https:\/\/sagavinaestartit.com\/ca\/lestartit-es-un-desti-molt-apreciat-pels-turistes-holandesos\/#primaryimage","url":"https:\/\/sagavinaestartit.com\/wp-content\/uploads\/2018\/04\/large_frikadel_sa_gavina.jpg","contentUrl":"https:\/\/sagavinaestartit.com\/wp-content\/uploads\/2018\/04\/large_frikadel_sa_gavina.jpg","width":335,"height":209},{"@type":"BreadcrumbList","@id":"https:\/\/sagavinaestartit.com\/ca\/lestartit-es-un-desti-molt-apreciat-pels-turistes-holandesos\/#breadcrumb","itemListElement":[{"@type":"ListItem","position":1,"name":"Portada","item":"https:\/\/sagavinaestartit.com\/ca\/home\/"},{"@type":"ListItem","position":2,"name":"L&#8217;Estartit \u00e9s un dest\u00ed molt apreciat pels turistes holandesos"}]},{"@type":"WebSite","@id":"https:\/\/sagavinaestartit.com\/ca\/#website","url":"https:\/\/sagavinaestartit.com\/ca\/","name":"Sa Gavina Apartaments","description":"Sa Gavina Apartaments","publisher":{"@id":"https:\/\/sagavinaestartit.com\/ca\/#organization"},"potentialAction":[{"@type":"SearchAction","target":{"@type":"EntryPoint","urlTemplate":"https:\/\/sagavinaestartit.com\/ca\/?s={search_term_string}"},"query-input":{"@type":"PropertyValueSpecification","valueRequired":true,"valueName":"search_term_string"}}],"inLanguage":"ca"},{"@type":"Organization","@id":"https:\/\/sagavinaestartit.com\/ca\/#organization","name":"Sa Gavina Apartaments","url":"https:\/\/sagavinaestartit.com\/ca\/","logo":{"@type":"ImageObject","inLanguage":"ca","@id":"https:\/\/sagavinaestartit.com\/ca\/#\/schema\/logo\/image\/","url":"https:\/\/sagavinaestartit.com\/wp-content\/uploads\/2024\/12\/3-1.png","contentUrl":"https:\/\/sagavinaestartit.com\/wp-content\/uploads\/2024\/12\/3-1.png","width":500,"height":200,"caption":"Sa Gavina Apartaments"},"image":{"@id":"https:\/\/sagavinaestartit.com\/ca\/#\/schema\/logo\/image\/"}},{"@type":"Person","@id":"https:\/\/sagavinaestartit.com\/ca\/#\/schema\/person\/72b3f9a420869474351007377bde83c0","name":"tecnico_alojapro","sameAs":["https:\/\/sagavinaestartit.com"]}]}},"_links":{"self":[{"href":"https:\/\/sagavinaestartit.com\/ca\/wp-json\/wp\/v2\/posts\/28663","targetHints":{"allow":["GET"]}}],"collection":[{"href":"https:\/\/sagavinaestartit.com\/ca\/wp-json\/wp\/v2\/posts"}],"about":[{"href":"https:\/\/sagavinaestartit.com\/ca\/wp-json\/wp\/v2\/types\/post"}],"author":[{"embeddable":true,"href":"https:\/\/sagavinaestartit.com\/ca\/wp-json\/wp\/v2\/users\/1"}],"replies":[{"embeddable":true,"href":"https:\/\/sagavinaestartit.com\/ca\/wp-json\/wp\/v2\/comments?post=28663"}],"version-history":[{"count":0,"href":"https:\/\/sagavinaestartit.com\/ca\/wp-json\/wp\/v2\/posts\/28663\/revisions"}],"wp:featuredmedia":[{"embeddable":true,"href":"https:\/\/sagavinaestartit.com\/ca\/wp-json\/wp\/v2\/media\/13871"}],"wp:attachment":[{"href":"https:\/\/sagavinaestartit.com\/ca\/wp-json\/wp\/v2\/media?parent=28663"}],"wp:term":[{"taxonomy":"category","embeddable":true,"href":"https:\/\/sagavinaestartit.com\/ca\/wp-json\/wp\/v2\/categories?post=28663"},{"taxonomy":"post_tag","embeddable":true,"href":"https:\/\/sagavinaestartit.com\/ca\/wp-json\/wp\/v2\/tags?post=28663"}],"curies":[{"name":"wp","href":"https:\/\/api.w.org\/{rel}","templated":true}]}}