{"id":28661,"date":"2018-04-07T21:00:08","date_gmt":"2018-04-07T19:00:08","guid":{"rendered":"https:\/\/sagavinaestartit.com\/2018\/04\/07\/comencem-la-temporada-2016-el-19-de-marc\/"},"modified":"2018-04-07T21:00:08","modified_gmt":"2018-04-07T19:00:08","slug":"comencem-la-temporada-2016-el-19-de-marc","status":"publish","type":"post","link":"https:\/\/sagavinaestartit.com\/ca\/comencem-la-temporada-2016-el-19-de-marc\/","title":{"rendered":"Comencem la temporada 2016 el 19 de mar\u00e7!"},"content":{"rendered":"<p style=\"font-weight: 400; text-align: justify;\">El pr\u00f2xim dissabte 19 de mar\u00e7 s&#8217;inicia la temporada en els nostres\u00a0<strong>apartaments de lloguer a l&#8217;Estartit<\/strong>\u00a0i es prolongar\u00e0 fins al 30 de setembre.<\/p>\n<p style=\"font-weight: 400; text-align: justify;\">Us recomanem visitar l&#8217;apartat d&#8217;<a href=\"http:\/\/www.sagavinaestartit.cat\/ofertes\">ofertes<\/a>\u00a0de la nostra p\u00e0gina web on trobareu importants descomptes per a\u00a0<strong>ESTADES<\/strong>\u00a0realitzades entre el 19 de mar\u00e7 i fins el 16 de juliol, i del 27 d&#8217;agost fins 30 de setembre.<\/p>\n<p style=\"font-weight: 400; text-align: justify;\">Tenim a disposici\u00f3 dels nostres clients dos edificis d&#8217;<strong>apartaments de lloguer a l&#8217;Estartit<\/strong>\u00a0&#8211; l&#8217;edifici Sa Gavina Gaud\u00ed, amb apartaments totalment equipats i amb una capacitat de fins a 8 persones; i l&#8217;edifici Sa Gavina Medes, amb una capacitat de fins a 6 persones i tamb\u00e9 totalment equipats. A m\u00e9s, acceptem mascotes &#8211; tant gossos com gats (Servei amb suplement), disposem de servei WIFI, i tenim a disposici\u00f3 dels nostres clients bressols i trones per a nens (Servei amb suplement), a m\u00e9s de servei de p\u00e0rquing (servei amb suplement) i personal multiling\u00fce.<\/p>\n<p style=\"font-weight: 400; text-align: justify;\">Aix\u00ed mateix, en l&#8217;apartat d&#8217;<a href=\"http:\/\/www.sagavinaestartit.cat\/activitats\">activitats<\/a>, hi trobareu informaci\u00f3 sobre tot tipus d&#8217;activitats per a realitzar a la zona dels nostres\u00a0<strong>apartaments de lloguer<\/strong>\u00a0&#8211; tant de forma individual com per a fam\u00edlies amb nens.<\/p>\n<p style=\"font-weight: 400; text-align: justify;\">Per a m\u00e9s informaci\u00f3 i reserves, no dubteu a<a href=\"http:\/\/www.sagavinaestartit.cat\/contactar\">\u00a0contactar-nos<\/a>.<\/p>\n","protected":false},"excerpt":{"rendered":"<p>El pr\u00f2xim dissabte 19 de mar\u00e7 s&#8217;inicia la temporada en els nostres\u00a0apartaments de lloguer a l&#8217;Estartit\u00a0i es prolongar\u00e0 fins al 30 de setembre. Us recomanem visitar l&#8217;apartat d&#8217;ofertes\u00a0de la nostra p\u00e0gina web on trobareu importants descomptes per a\u00a0ESTADES\u00a0realitzades entre el  [&#8230;]<\/p>\n","protected":false},"author":1,"featured_media":13841,"comment_status":"open","ping_status":"open","sticky":false,"template":"","format":"standard","meta":{"footnotes":""},"categories":[119],"tags":[],"class_list":["post-28661","post","type-post","status-publish","format-standard","has-post-thumbnail","hentry","category-novetats"],"yoast_head":"<!-- This site is optimized with the Yoast SEO plugin v27.1.1 - https:\/\/yoast.com\/product\/yoast-seo-wordpress\/ -->\n<title>Comencem la temporada 2016 el 19 de mar\u00e7! | Apartaments a l&#039;Estartit<\/title>\n<meta name=\"robots\" content=\"index, follow, max-snippet:-1, max-image-preview:large, max-video-preview:-1\" \/>\n<link rel=\"canonical\" href=\"https:\/\/sagavinaestartit.com\/ca\/comencem-la-temporada-2016-el-19-de-marc\/\" \/>\n<meta property=\"og:locale\" content=\"ca_ES\" \/>\n<meta property=\"og:type\" content=\"article\" \/>\n<meta property=\"og:title\" content=\"Comencem la temporada 2016 el 19 de mar\u00e7! | Apartaments a l&#039;Estartit\" \/>\n<meta property=\"og:description\" content=\"El pr\u00f2xim dissabte 19 de mar\u00e7 s&#8217;inicia la temporada en els nostres\u00a0apartaments de lloguer a l&#8217;Estartit\u00a0i es prolongar\u00e0 fins al 30 de setembre. Us recomanem visitar l&#8217;apartat d&#8217;ofertes\u00a0de la nostra p\u00e0gina web on trobareu importants descomptes per a\u00a0ESTADES\u00a0realitzades entre el [...]\" \/>\n<meta property=\"og:url\" content=\"https:\/\/sagavinaestartit.com\/ca\/comencem-la-temporada-2016-el-19-de-marc\/\" \/>\n<meta property=\"og:site_name\" content=\"Apartaments a l&#039;Estartit\" \/>\n<meta property=\"article:published_time\" content=\"2018-04-07T19:00:08+00:00\" \/>\n<meta property=\"og:image\" content=\"https:\/\/sagavinaestartit.com\/wp-content\/uploads\/2018\/04\/large_slideshow_thumb_DSCF4439.jpg\" \/>\n\t<meta property=\"og:image:width\" content=\"335\" \/>\n\t<meta property=\"og:image:height\" content=\"224\" \/>\n\t<meta property=\"og:image:type\" content=\"image\/jpeg\" \/>\n<meta name=\"author\" content=\"tecnico_alojapro\" \/>\n<meta name=\"twitter:card\" content=\"summary_large_image\" \/>\n<meta name=\"twitter:label1\" content=\"Escrit per\" \/>\n\t<meta name=\"twitter:data1\" content=\"tecnico_alojapro\" \/>\n\t<meta name=\"twitter:label2\" content=\"Temps estimat de lectura\" \/>\n\t<meta name=\"twitter:data2\" content=\"1 minut\" \/>\n<script type=\"application\/ld+json\" class=\"yoast-schema-graph\">{\"@context\":\"https:\/\/schema.org\",\"@graph\":[{\"@type\":\"Article\",\"@id\":\"https:\/\/sagavinaestartit.com\/ca\/comencem-la-temporada-2016-el-19-de-marc\/#article\",\"isPartOf\":{\"@id\":\"https:\/\/sagavinaestartit.com\/ca\/comencem-la-temporada-2016-el-19-de-marc\/\"},\"author\":{\"name\":\"tecnico_alojapro\",\"@id\":\"https:\/\/sagavinaestartit.com\/ca\/#\/schema\/person\/72b3f9a420869474351007377bde83c0\"},\"headline\":\"Comencem la temporada 2016 el 19 de mar\u00e7!\",\"datePublished\":\"2018-04-07T19:00:08+00:00\",\"mainEntityOfPage\":{\"@id\":\"https:\/\/sagavinaestartit.com\/ca\/comencem-la-temporada-2016-el-19-de-marc\/\"},\"wordCount\":216,\"commentCount\":0,\"publisher\":{\"@id\":\"https:\/\/sagavinaestartit.com\/ca\/#organization\"},\"image\":{\"@id\":\"https:\/\/sagavinaestartit.com\/ca\/comencem-la-temporada-2016-el-19-de-marc\/#primaryimage\"},\"thumbnailUrl\":\"https:\/\/sagavinaestartit.com\/wp-content\/uploads\/2018\/04\/large_slideshow_thumb_DSCF4439.jpg\",\"articleSection\":[\"Novetats\"],\"inLanguage\":\"ca\",\"potentialAction\":[{\"@type\":\"CommentAction\",\"name\":\"Comment\",\"target\":[\"https:\/\/sagavinaestartit.com\/ca\/comencem-la-temporada-2016-el-19-de-marc\/#respond\"]}]},{\"@type\":\"WebPage\",\"@id\":\"https:\/\/sagavinaestartit.com\/ca\/comencem-la-temporada-2016-el-19-de-marc\/\",\"url\":\"https:\/\/sagavinaestartit.com\/ca\/comencem-la-temporada-2016-el-19-de-marc\/\",\"name\":\"Comencem la temporada 2016 el 19 de mar\u00e7! | Apartaments a l'Estartit\",\"isPartOf\":{\"@id\":\"https:\/\/sagavinaestartit.com\/ca\/#website\"},\"primaryImageOfPage\":{\"@id\":\"https:\/\/sagavinaestartit.com\/ca\/comencem-la-temporada-2016-el-19-de-marc\/#primaryimage\"},\"image\":{\"@id\":\"https:\/\/sagavinaestartit.com\/ca\/comencem-la-temporada-2016-el-19-de-marc\/#primaryimage\"},\"thumbnailUrl\":\"https:\/\/sagavinaestartit.com\/wp-content\/uploads\/2018\/04\/large_slideshow_thumb_DSCF4439.jpg\",\"datePublished\":\"2018-04-07T19:00:08+00:00\",\"breadcrumb\":{\"@id\":\"https:\/\/sagavinaestartit.com\/ca\/comencem-la-temporada-2016-el-19-de-marc\/#breadcrumb\"},\"inLanguage\":\"ca\",\"potentialAction\":[{\"@type\":\"ReadAction\",\"target\":[\"https:\/\/sagavinaestartit.com\/ca\/comencem-la-temporada-2016-el-19-de-marc\/\"]}]},{\"@type\":\"ImageObject\",\"inLanguage\":\"ca\",\"@id\":\"https:\/\/sagavinaestartit.com\/ca\/comencem-la-temporada-2016-el-19-de-marc\/#primaryimage\",\"url\":\"https:\/\/sagavinaestartit.com\/wp-content\/uploads\/2018\/04\/large_slideshow_thumb_DSCF4439.jpg\",\"contentUrl\":\"https:\/\/sagavinaestartit.com\/wp-content\/uploads\/2018\/04\/large_slideshow_thumb_DSCF4439.jpg\",\"width\":335,\"height\":224},{\"@type\":\"BreadcrumbList\",\"@id\":\"https:\/\/sagavinaestartit.com\/ca\/comencem-la-temporada-2016-el-19-de-marc\/#breadcrumb\",\"itemListElement\":[{\"@type\":\"ListItem\",\"position\":1,\"name\":\"Portada\",\"item\":\"https:\/\/sagavinaestartit.com\/ca\/home\/\"},{\"@type\":\"ListItem\",\"position\":2,\"name\":\"Comencem la temporada 2016 el 19 de mar\u00e7!\"}]},{\"@type\":\"WebSite\",\"@id\":\"https:\/\/sagavinaestartit.com\/ca\/#website\",\"url\":\"https:\/\/sagavinaestartit.com\/ca\/\",\"name\":\"Sa Gavina Apartaments\",\"description\":\"Sa Gavina Apartaments\",\"publisher\":{\"@id\":\"https:\/\/sagavinaestartit.com\/ca\/#organization\"},\"potentialAction\":[{\"@type\":\"SearchAction\",\"target\":{\"@type\":\"EntryPoint\",\"urlTemplate\":\"https:\/\/sagavinaestartit.com\/ca\/?s={search_term_string}\"},\"query-input\":{\"@type\":\"PropertyValueSpecification\",\"valueRequired\":true,\"valueName\":\"search_term_string\"}}],\"inLanguage\":\"ca\"},{\"@type\":\"Organization\",\"@id\":\"https:\/\/sagavinaestartit.com\/ca\/#organization\",\"name\":\"Sa Gavina Apartaments\",\"url\":\"https:\/\/sagavinaestartit.com\/ca\/\",\"logo\":{\"@type\":\"ImageObject\",\"inLanguage\":\"ca\",\"@id\":\"https:\/\/sagavinaestartit.com\/ca\/#\/schema\/logo\/image\/\",\"url\":\"https:\/\/sagavinaestartit.com\/wp-content\/uploads\/2024\/12\/3-1.png\",\"contentUrl\":\"https:\/\/sagavinaestartit.com\/wp-content\/uploads\/2024\/12\/3-1.png\",\"width\":500,\"height\":200,\"caption\":\"Sa Gavina Apartaments\"},\"image\":{\"@id\":\"https:\/\/sagavinaestartit.com\/ca\/#\/schema\/logo\/image\/\"}},{\"@type\":\"Person\",\"@id\":\"https:\/\/sagavinaestartit.com\/ca\/#\/schema\/person\/72b3f9a420869474351007377bde83c0\",\"name\":\"tecnico_alojapro\",\"sameAs\":[\"https:\/\/sagavinaestartit.com\"]}]}<\/script>\n<!-- \/ Yoast SEO plugin. -->","yoast_head_json":{"title":"Comencem la temporada 2016 el 19 de mar\u00e7! | Apartaments a l'Estartit","robots":{"index":"index","follow":"follow","max-snippet":"max-snippet:-1","max-image-preview":"max-image-preview:large","max-video-preview":"max-video-preview:-1"},"canonical":"https:\/\/sagavinaestartit.com\/ca\/comencem-la-temporada-2016-el-19-de-marc\/","og_locale":"ca_ES","og_type":"article","og_title":"Comencem la temporada 2016 el 19 de mar\u00e7! | Apartaments a l'Estartit","og_description":"El pr\u00f2xim dissabte 19 de mar\u00e7 s&#8217;inicia la temporada en els nostres\u00a0apartaments de lloguer a l&#8217;Estartit\u00a0i es prolongar\u00e0 fins al 30 de setembre. Us recomanem visitar l&#8217;apartat d&#8217;ofertes\u00a0de la nostra p\u00e0gina web on trobareu importants descomptes per a\u00a0ESTADES\u00a0realitzades entre el [...]","og_url":"https:\/\/sagavinaestartit.com\/ca\/comencem-la-temporada-2016-el-19-de-marc\/","og_site_name":"Apartaments a l'Estartit","article_published_time":"2018-04-07T19:00:08+00:00","og_image":[{"width":335,"height":224,"url":"https:\/\/sagavinaestartit.com\/wp-content\/uploads\/2018\/04\/large_slideshow_thumb_DSCF4439.jpg","type":"image\/jpeg"}],"author":"tecnico_alojapro","twitter_card":"summary_large_image","twitter_misc":{"Escrit per":"tecnico_alojapro","Temps estimat de lectura":"1 minut"},"schema":{"@context":"https:\/\/schema.org","@graph":[{"@type":"Article","@id":"https:\/\/sagavinaestartit.com\/ca\/comencem-la-temporada-2016-el-19-de-marc\/#article","isPartOf":{"@id":"https:\/\/sagavinaestartit.com\/ca\/comencem-la-temporada-2016-el-19-de-marc\/"},"author":{"name":"tecnico_alojapro","@id":"https:\/\/sagavinaestartit.com\/ca\/#\/schema\/person\/72b3f9a420869474351007377bde83c0"},"headline":"Comencem la temporada 2016 el 19 de mar\u00e7!","datePublished":"2018-04-07T19:00:08+00:00","mainEntityOfPage":{"@id":"https:\/\/sagavinaestartit.com\/ca\/comencem-la-temporada-2016-el-19-de-marc\/"},"wordCount":216,"commentCount":0,"publisher":{"@id":"https:\/\/sagavinaestartit.com\/ca\/#organization"},"image":{"@id":"https:\/\/sagavinaestartit.com\/ca\/comencem-la-temporada-2016-el-19-de-marc\/#primaryimage"},"thumbnailUrl":"https:\/\/sagavinaestartit.com\/wp-content\/uploads\/2018\/04\/large_slideshow_thumb_DSCF4439.jpg","articleSection":["Novetats"],"inLanguage":"ca","potentialAction":[{"@type":"CommentAction","name":"Comment","target":["https:\/\/sagavinaestartit.com\/ca\/comencem-la-temporada-2016-el-19-de-marc\/#respond"]}]},{"@type":"WebPage","@id":"https:\/\/sagavinaestartit.com\/ca\/comencem-la-temporada-2016-el-19-de-marc\/","url":"https:\/\/sagavinaestartit.com\/ca\/comencem-la-temporada-2016-el-19-de-marc\/","name":"Comencem la temporada 2016 el 19 de mar\u00e7! | Apartaments a l'Estartit","isPartOf":{"@id":"https:\/\/sagavinaestartit.com\/ca\/#website"},"primaryImageOfPage":{"@id":"https:\/\/sagavinaestartit.com\/ca\/comencem-la-temporada-2016-el-19-de-marc\/#primaryimage"},"image":{"@id":"https:\/\/sagavinaestartit.com\/ca\/comencem-la-temporada-2016-el-19-de-marc\/#primaryimage"},"thumbnailUrl":"https:\/\/sagavinaestartit.com\/wp-content\/uploads\/2018\/04\/large_slideshow_thumb_DSCF4439.jpg","datePublished":"2018-04-07T19:00:08+00:00","breadcrumb":{"@id":"https:\/\/sagavinaestartit.com\/ca\/comencem-la-temporada-2016-el-19-de-marc\/#breadcrumb"},"inLanguage":"ca","potentialAction":[{"@type":"ReadAction","target":["https:\/\/sagavinaestartit.com\/ca\/comencem-la-temporada-2016-el-19-de-marc\/"]}]},{"@type":"ImageObject","inLanguage":"ca","@id":"https:\/\/sagavinaestartit.com\/ca\/comencem-la-temporada-2016-el-19-de-marc\/#primaryimage","url":"https:\/\/sagavinaestartit.com\/wp-content\/uploads\/2018\/04\/large_slideshow_thumb_DSCF4439.jpg","contentUrl":"https:\/\/sagavinaestartit.com\/wp-content\/uploads\/2018\/04\/large_slideshow_thumb_DSCF4439.jpg","width":335,"height":224},{"@type":"BreadcrumbList","@id":"https:\/\/sagavinaestartit.com\/ca\/comencem-la-temporada-2016-el-19-de-marc\/#breadcrumb","itemListElement":[{"@type":"ListItem","position":1,"name":"Portada","item":"https:\/\/sagavinaestartit.com\/ca\/home\/"},{"@type":"ListItem","position":2,"name":"Comencem la temporada 2016 el 19 de mar\u00e7!"}]},{"@type":"WebSite","@id":"https:\/\/sagavinaestartit.com\/ca\/#website","url":"https:\/\/sagavinaestartit.com\/ca\/","name":"Sa Gavina Apartaments","description":"Sa Gavina Apartaments","publisher":{"@id":"https:\/\/sagavinaestartit.com\/ca\/#organization"},"potentialAction":[{"@type":"SearchAction","target":{"@type":"EntryPoint","urlTemplate":"https:\/\/sagavinaestartit.com\/ca\/?s={search_term_string}"},"query-input":{"@type":"PropertyValueSpecification","valueRequired":true,"valueName":"search_term_string"}}],"inLanguage":"ca"},{"@type":"Organization","@id":"https:\/\/sagavinaestartit.com\/ca\/#organization","name":"Sa Gavina Apartaments","url":"https:\/\/sagavinaestartit.com\/ca\/","logo":{"@type":"ImageObject","inLanguage":"ca","@id":"https:\/\/sagavinaestartit.com\/ca\/#\/schema\/logo\/image\/","url":"https:\/\/sagavinaestartit.com\/wp-content\/uploads\/2024\/12\/3-1.png","contentUrl":"https:\/\/sagavinaestartit.com\/wp-content\/uploads\/2024\/12\/3-1.png","width":500,"height":200,"caption":"Sa Gavina Apartaments"},"image":{"@id":"https:\/\/sagavinaestartit.com\/ca\/#\/schema\/logo\/image\/"}},{"@type":"Person","@id":"https:\/\/sagavinaestartit.com\/ca\/#\/schema\/person\/72b3f9a420869474351007377bde83c0","name":"tecnico_alojapro","sameAs":["https:\/\/sagavinaestartit.com"]}]}},"_links":{"self":[{"href":"https:\/\/sagavinaestartit.com\/ca\/wp-json\/wp\/v2\/posts\/28661","targetHints":{"allow":["GET"]}}],"collection":[{"href":"https:\/\/sagavinaestartit.com\/ca\/wp-json\/wp\/v2\/posts"}],"about":[{"href":"https:\/\/sagavinaestartit.com\/ca\/wp-json\/wp\/v2\/types\/post"}],"author":[{"embeddable":true,"href":"https:\/\/sagavinaestartit.com\/ca\/wp-json\/wp\/v2\/users\/1"}],"replies":[{"embeddable":true,"href":"https:\/\/sagavinaestartit.com\/ca\/wp-json\/wp\/v2\/comments?post=28661"}],"version-history":[{"count":0,"href":"https:\/\/sagavinaestartit.com\/ca\/wp-json\/wp\/v2\/posts\/28661\/revisions"}],"wp:featuredmedia":[{"embeddable":true,"href":"https:\/\/sagavinaestartit.com\/ca\/wp-json\/wp\/v2\/media\/13841"}],"wp:attachment":[{"href":"https:\/\/sagavinaestartit.com\/ca\/wp-json\/wp\/v2\/media?parent=28661"}],"wp:term":[{"taxonomy":"category","embeddable":true,"href":"https:\/\/sagavinaestartit.com\/ca\/wp-json\/wp\/v2\/categories?post=28661"},{"taxonomy":"post_tag","embeddable":true,"href":"https:\/\/sagavinaestartit.com\/ca\/wp-json\/wp\/v2\/tags?post=28661"}],"curies":[{"name":"wp","href":"https:\/\/api.w.org\/{rel}","templated":true}]}}