{"id":28659,"date":"2018-04-07T21:30:19","date_gmt":"2018-04-07T19:30:19","guid":{"rendered":"https:\/\/sagavinaestartit.com\/2018\/04\/07\/cala-montgo-de-lestartit-al-street-view\/"},"modified":"2018-04-07T21:30:19","modified_gmt":"2018-04-07T19:30:19","slug":"cala-montgo-de-lestartit-al-street-view","status":"publish","type":"post","link":"https:\/\/sagavinaestartit.com\/ca\/cala-montgo-de-lestartit-al-street-view\/","title":{"rendered":"Cala montg\u00f3 de l\u2019Estartit al street view"},"content":{"rendered":"<p style=\"text-align: justify;\">Des de l&#8217;abril del 2014 Google Maps, amb la tecnologia Google Earth ens permet veure, amb molta precisi\u00f3, qualsevol lloc del m\u00f3n, i per descomptat, tamb\u00e9 els nostres apartaments de lloguer a l&#8217;Estartit (<strong>Apartaments de lloguer Estartit Gaudi<\/strong>\u00a0i\u00a0<strong>Apartaments de lloguer Estartit Medes<\/strong>)<\/p>\n<p style=\"text-align: justify;\"><a href=\"https:\/\/www.google.es\/maps\/place\/Apartamentos+Sa+Gavina+Gaud%C3%AD\/@42.0494195,3.1923328,278m\/data=!3m1!1e3!4m2!3m1!1s0x0:0x85a8e9fb367e1a3e\"><strong>Enlla\u00e7 Gaudi<\/strong><\/a><\/p>\n<p style=\"text-align: justify;\"><a href=\"https:\/\/www.google.es\/maps\/place\/Apartamentos+Sa+Gavina+Medes\/@42.0491658,3.1949144,17z\/data=!3m1!4b1!4m2!3m1!1s0x12ba5a147a82c387:0x1bbb065e678171ba\"><strong>Enlla\u00e7 Medes<\/strong><\/a><\/p>\n<p style=\"text-align: justify;\">Amb el pas del temps Google ha anat recopilant imatges en 360\u00ba de diferents llocs del nostre territori per poder oferir als usuaris.<\/p>\n<p style=\"text-align: justify;\">Actualment podem accedir a 21 rutes de senderisme pels parcs naturals de Catalunya: Aig\u00fcestortes i Estany de Sant Maurici, Alt Pirineu, Cad\u00ed-Moixer\u00f3, Pedraforca, Cap de Creus, Montgr\u00ed i Illes Medes, l&#8217;Albera, Serra de Montsant, els Ports i Delta de l&#8217;Ebre.<\/p>\n<p style=\"text-align: justify;\">A continuaci\u00f3 us deixem un enlla\u00e7 de\u00a0<a href=\"https:\/\/www.google.es\/maps\/place\/Apartamentos+Sa+Gavina+Medes\/@42.0491658,3.1949144,17z\/data=!3m1!4b1!4m2!3m1!1s0x12ba5a147a82c387:0x1bbb065e678171ba\"><strong>Cala Montg\u00f3<\/strong><\/a>\u00a0a l&#8217;Estartit en format Street View per poder gaudir ni que sigui en format digital d&#8217;aquesta meravella de la natura.<\/p>\n<p style=\"text-align: justify;\">\n","protected":false},"excerpt":{"rendered":"<p>Des de l&#8217;abril del 2014 Google Maps, amb la tecnologia Google Earth ens permet veure, amb molta precisi\u00f3, qualsevol lloc del m\u00f3n, i per descomptat, tamb\u00e9 els nostres apartaments de lloguer a l&#8217;Estartit (Apartaments de lloguer Estartit Gaudi\u00a0i\u00a0Apartaments de lloguer  [&#8230;]<\/p>\n","protected":false},"author":1,"featured_media":13813,"comment_status":"open","ping_status":"open","sticky":false,"template":"","format":"standard","meta":{"footnotes":""},"categories":[119],"tags":[],"class_list":["post-28659","post","type-post","status-publish","format-standard","has-post-thumbnail","hentry","category-novetats"],"yoast_head":"<!-- This site is optimized with the Yoast SEO plugin v27.1.1 - https:\/\/yoast.com\/product\/yoast-seo-wordpress\/ -->\n<title>Cala montg\u00f3 de l\u2019Estartit al street view | Apartaments a l&#039;Estartit<\/title>\n<meta name=\"robots\" content=\"index, follow, max-snippet:-1, max-image-preview:large, max-video-preview:-1\" \/>\n<link rel=\"canonical\" href=\"https:\/\/sagavinaestartit.com\/ca\/cala-montgo-de-lestartit-al-street-view\/\" \/>\n<meta property=\"og:locale\" content=\"ca_ES\" \/>\n<meta property=\"og:type\" content=\"article\" \/>\n<meta property=\"og:title\" content=\"Cala montg\u00f3 de l\u2019Estartit al street view | Apartaments a l&#039;Estartit\" \/>\n<meta property=\"og:description\" content=\"Des de l&#8217;abril del 2014 Google Maps, amb la tecnologia Google Earth ens permet veure, amb molta precisi\u00f3, qualsevol lloc del m\u00f3n, i per descomptat, tamb\u00e9 els nostres apartaments de lloguer a l&#8217;Estartit (Apartaments de lloguer Estartit Gaudi\u00a0i\u00a0Apartaments de lloguer [...]\" \/>\n<meta property=\"og:url\" content=\"https:\/\/sagavinaestartit.com\/ca\/cala-montgo-de-lestartit-al-street-view\/\" \/>\n<meta property=\"og:site_name\" content=\"Apartaments a l&#039;Estartit\" \/>\n<meta property=\"article:published_time\" content=\"2018-04-07T19:30:19+00:00\" \/>\n<meta property=\"og:image\" content=\"https:\/\/sagavinaestartit.com\/wp-content\/uploads\/2018\/04\/large_Cala_Montgo.jpg\" \/>\n\t<meta property=\"og:image:width\" content=\"335\" \/>\n\t<meta property=\"og:image:height\" content=\"206\" \/>\n\t<meta property=\"og:image:type\" content=\"image\/jpeg\" \/>\n<meta name=\"author\" content=\"tecnico_alojapro\" \/>\n<meta name=\"twitter:card\" content=\"summary_large_image\" \/>\n<meta name=\"twitter:label1\" content=\"Escrit per\" \/>\n\t<meta name=\"twitter:data1\" content=\"tecnico_alojapro\" \/>\n\t<meta name=\"twitter:label2\" content=\"Temps estimat de lectura\" \/>\n\t<meta name=\"twitter:data2\" content=\"1 minut\" \/>\n<script type=\"application\/ld+json\" class=\"yoast-schema-graph\">{\"@context\":\"https:\/\/schema.org\",\"@graph\":[{\"@type\":\"Article\",\"@id\":\"https:\/\/sagavinaestartit.com\/ca\/cala-montgo-de-lestartit-al-street-view\/#article\",\"isPartOf\":{\"@id\":\"https:\/\/sagavinaestartit.com\/ca\/cala-montgo-de-lestartit-al-street-view\/\"},\"author\":{\"name\":\"tecnico_alojapro\",\"@id\":\"https:\/\/sagavinaestartit.com\/ca\/#\/schema\/person\/72b3f9a420869474351007377bde83c0\"},\"headline\":\"Cala montg\u00f3 de l\u2019Estartit al street view\",\"datePublished\":\"2018-04-07T19:30:19+00:00\",\"mainEntityOfPage\":{\"@id\":\"https:\/\/sagavinaestartit.com\/ca\/cala-montgo-de-lestartit-al-street-view\/\"},\"wordCount\":154,\"commentCount\":0,\"publisher\":{\"@id\":\"https:\/\/sagavinaestartit.com\/ca\/#organization\"},\"image\":{\"@id\":\"https:\/\/sagavinaestartit.com\/ca\/cala-montgo-de-lestartit-al-street-view\/#primaryimage\"},\"thumbnailUrl\":\"https:\/\/sagavinaestartit.com\/wp-content\/uploads\/2018\/04\/large_Cala_Montgo.jpg\",\"articleSection\":[\"Novetats\"],\"inLanguage\":\"ca\",\"potentialAction\":[{\"@type\":\"CommentAction\",\"name\":\"Comment\",\"target\":[\"https:\/\/sagavinaestartit.com\/ca\/cala-montgo-de-lestartit-al-street-view\/#respond\"]}]},{\"@type\":\"WebPage\",\"@id\":\"https:\/\/sagavinaestartit.com\/ca\/cala-montgo-de-lestartit-al-street-view\/\",\"url\":\"https:\/\/sagavinaestartit.com\/ca\/cala-montgo-de-lestartit-al-street-view\/\",\"name\":\"Cala montg\u00f3 de l\u2019Estartit al street view | Apartaments a l'Estartit\",\"isPartOf\":{\"@id\":\"https:\/\/sagavinaestartit.com\/ca\/#website\"},\"primaryImageOfPage\":{\"@id\":\"https:\/\/sagavinaestartit.com\/ca\/cala-montgo-de-lestartit-al-street-view\/#primaryimage\"},\"image\":{\"@id\":\"https:\/\/sagavinaestartit.com\/ca\/cala-montgo-de-lestartit-al-street-view\/#primaryimage\"},\"thumbnailUrl\":\"https:\/\/sagavinaestartit.com\/wp-content\/uploads\/2018\/04\/large_Cala_Montgo.jpg\",\"datePublished\":\"2018-04-07T19:30:19+00:00\",\"breadcrumb\":{\"@id\":\"https:\/\/sagavinaestartit.com\/ca\/cala-montgo-de-lestartit-al-street-view\/#breadcrumb\"},\"inLanguage\":\"ca\",\"potentialAction\":[{\"@type\":\"ReadAction\",\"target\":[\"https:\/\/sagavinaestartit.com\/ca\/cala-montgo-de-lestartit-al-street-view\/\"]}]},{\"@type\":\"ImageObject\",\"inLanguage\":\"ca\",\"@id\":\"https:\/\/sagavinaestartit.com\/ca\/cala-montgo-de-lestartit-al-street-view\/#primaryimage\",\"url\":\"https:\/\/sagavinaestartit.com\/wp-content\/uploads\/2018\/04\/large_Cala_Montgo.jpg\",\"contentUrl\":\"https:\/\/sagavinaestartit.com\/wp-content\/uploads\/2018\/04\/large_Cala_Montgo.jpg\",\"width\":335,\"height\":206},{\"@type\":\"BreadcrumbList\",\"@id\":\"https:\/\/sagavinaestartit.com\/ca\/cala-montgo-de-lestartit-al-street-view\/#breadcrumb\",\"itemListElement\":[{\"@type\":\"ListItem\",\"position\":1,\"name\":\"Portada\",\"item\":\"https:\/\/sagavinaestartit.com\/ca\/home\/\"},{\"@type\":\"ListItem\",\"position\":2,\"name\":\"Cala montg\u00f3 de l\u2019Estartit al street view\"}]},{\"@type\":\"WebSite\",\"@id\":\"https:\/\/sagavinaestartit.com\/ca\/#website\",\"url\":\"https:\/\/sagavinaestartit.com\/ca\/\",\"name\":\"Sa Gavina Apartaments\",\"description\":\"Sa Gavina Apartaments\",\"publisher\":{\"@id\":\"https:\/\/sagavinaestartit.com\/ca\/#organization\"},\"potentialAction\":[{\"@type\":\"SearchAction\",\"target\":{\"@type\":\"EntryPoint\",\"urlTemplate\":\"https:\/\/sagavinaestartit.com\/ca\/?s={search_term_string}\"},\"query-input\":{\"@type\":\"PropertyValueSpecification\",\"valueRequired\":true,\"valueName\":\"search_term_string\"}}],\"inLanguage\":\"ca\"},{\"@type\":\"Organization\",\"@id\":\"https:\/\/sagavinaestartit.com\/ca\/#organization\",\"name\":\"Sa Gavina Apartaments\",\"url\":\"https:\/\/sagavinaestartit.com\/ca\/\",\"logo\":{\"@type\":\"ImageObject\",\"inLanguage\":\"ca\",\"@id\":\"https:\/\/sagavinaestartit.com\/ca\/#\/schema\/logo\/image\/\",\"url\":\"https:\/\/sagavinaestartit.com\/wp-content\/uploads\/2024\/12\/3-1.png\",\"contentUrl\":\"https:\/\/sagavinaestartit.com\/wp-content\/uploads\/2024\/12\/3-1.png\",\"width\":500,\"height\":200,\"caption\":\"Sa Gavina Apartaments\"},\"image\":{\"@id\":\"https:\/\/sagavinaestartit.com\/ca\/#\/schema\/logo\/image\/\"}},{\"@type\":\"Person\",\"@id\":\"https:\/\/sagavinaestartit.com\/ca\/#\/schema\/person\/72b3f9a420869474351007377bde83c0\",\"name\":\"tecnico_alojapro\",\"sameAs\":[\"https:\/\/sagavinaestartit.com\"]}]}<\/script>\n<!-- \/ Yoast SEO plugin. -->","yoast_head_json":{"title":"Cala montg\u00f3 de l\u2019Estartit al street view | Apartaments a l'Estartit","robots":{"index":"index","follow":"follow","max-snippet":"max-snippet:-1","max-image-preview":"max-image-preview:large","max-video-preview":"max-video-preview:-1"},"canonical":"https:\/\/sagavinaestartit.com\/ca\/cala-montgo-de-lestartit-al-street-view\/","og_locale":"ca_ES","og_type":"article","og_title":"Cala montg\u00f3 de l\u2019Estartit al street view | Apartaments a l'Estartit","og_description":"Des de l&#8217;abril del 2014 Google Maps, amb la tecnologia Google Earth ens permet veure, amb molta precisi\u00f3, qualsevol lloc del m\u00f3n, i per descomptat, tamb\u00e9 els nostres apartaments de lloguer a l&#8217;Estartit (Apartaments de lloguer Estartit Gaudi\u00a0i\u00a0Apartaments de lloguer [...]","og_url":"https:\/\/sagavinaestartit.com\/ca\/cala-montgo-de-lestartit-al-street-view\/","og_site_name":"Apartaments a l'Estartit","article_published_time":"2018-04-07T19:30:19+00:00","og_image":[{"width":335,"height":206,"url":"https:\/\/sagavinaestartit.com\/wp-content\/uploads\/2018\/04\/large_Cala_Montgo.jpg","type":"image\/jpeg"}],"author":"tecnico_alojapro","twitter_card":"summary_large_image","twitter_misc":{"Escrit per":"tecnico_alojapro","Temps estimat de lectura":"1 minut"},"schema":{"@context":"https:\/\/schema.org","@graph":[{"@type":"Article","@id":"https:\/\/sagavinaestartit.com\/ca\/cala-montgo-de-lestartit-al-street-view\/#article","isPartOf":{"@id":"https:\/\/sagavinaestartit.com\/ca\/cala-montgo-de-lestartit-al-street-view\/"},"author":{"name":"tecnico_alojapro","@id":"https:\/\/sagavinaestartit.com\/ca\/#\/schema\/person\/72b3f9a420869474351007377bde83c0"},"headline":"Cala montg\u00f3 de l\u2019Estartit al street view","datePublished":"2018-04-07T19:30:19+00:00","mainEntityOfPage":{"@id":"https:\/\/sagavinaestartit.com\/ca\/cala-montgo-de-lestartit-al-street-view\/"},"wordCount":154,"commentCount":0,"publisher":{"@id":"https:\/\/sagavinaestartit.com\/ca\/#organization"},"image":{"@id":"https:\/\/sagavinaestartit.com\/ca\/cala-montgo-de-lestartit-al-street-view\/#primaryimage"},"thumbnailUrl":"https:\/\/sagavinaestartit.com\/wp-content\/uploads\/2018\/04\/large_Cala_Montgo.jpg","articleSection":["Novetats"],"inLanguage":"ca","potentialAction":[{"@type":"CommentAction","name":"Comment","target":["https:\/\/sagavinaestartit.com\/ca\/cala-montgo-de-lestartit-al-street-view\/#respond"]}]},{"@type":"WebPage","@id":"https:\/\/sagavinaestartit.com\/ca\/cala-montgo-de-lestartit-al-street-view\/","url":"https:\/\/sagavinaestartit.com\/ca\/cala-montgo-de-lestartit-al-street-view\/","name":"Cala montg\u00f3 de l\u2019Estartit al street view | Apartaments a l'Estartit","isPartOf":{"@id":"https:\/\/sagavinaestartit.com\/ca\/#website"},"primaryImageOfPage":{"@id":"https:\/\/sagavinaestartit.com\/ca\/cala-montgo-de-lestartit-al-street-view\/#primaryimage"},"image":{"@id":"https:\/\/sagavinaestartit.com\/ca\/cala-montgo-de-lestartit-al-street-view\/#primaryimage"},"thumbnailUrl":"https:\/\/sagavinaestartit.com\/wp-content\/uploads\/2018\/04\/large_Cala_Montgo.jpg","datePublished":"2018-04-07T19:30:19+00:00","breadcrumb":{"@id":"https:\/\/sagavinaestartit.com\/ca\/cala-montgo-de-lestartit-al-street-view\/#breadcrumb"},"inLanguage":"ca","potentialAction":[{"@type":"ReadAction","target":["https:\/\/sagavinaestartit.com\/ca\/cala-montgo-de-lestartit-al-street-view\/"]}]},{"@type":"ImageObject","inLanguage":"ca","@id":"https:\/\/sagavinaestartit.com\/ca\/cala-montgo-de-lestartit-al-street-view\/#primaryimage","url":"https:\/\/sagavinaestartit.com\/wp-content\/uploads\/2018\/04\/large_Cala_Montgo.jpg","contentUrl":"https:\/\/sagavinaestartit.com\/wp-content\/uploads\/2018\/04\/large_Cala_Montgo.jpg","width":335,"height":206},{"@type":"BreadcrumbList","@id":"https:\/\/sagavinaestartit.com\/ca\/cala-montgo-de-lestartit-al-street-view\/#breadcrumb","itemListElement":[{"@type":"ListItem","position":1,"name":"Portada","item":"https:\/\/sagavinaestartit.com\/ca\/home\/"},{"@type":"ListItem","position":2,"name":"Cala montg\u00f3 de l\u2019Estartit al street view"}]},{"@type":"WebSite","@id":"https:\/\/sagavinaestartit.com\/ca\/#website","url":"https:\/\/sagavinaestartit.com\/ca\/","name":"Sa Gavina Apartaments","description":"Sa Gavina Apartaments","publisher":{"@id":"https:\/\/sagavinaestartit.com\/ca\/#organization"},"potentialAction":[{"@type":"SearchAction","target":{"@type":"EntryPoint","urlTemplate":"https:\/\/sagavinaestartit.com\/ca\/?s={search_term_string}"},"query-input":{"@type":"PropertyValueSpecification","valueRequired":true,"valueName":"search_term_string"}}],"inLanguage":"ca"},{"@type":"Organization","@id":"https:\/\/sagavinaestartit.com\/ca\/#organization","name":"Sa Gavina Apartaments","url":"https:\/\/sagavinaestartit.com\/ca\/","logo":{"@type":"ImageObject","inLanguage":"ca","@id":"https:\/\/sagavinaestartit.com\/ca\/#\/schema\/logo\/image\/","url":"https:\/\/sagavinaestartit.com\/wp-content\/uploads\/2024\/12\/3-1.png","contentUrl":"https:\/\/sagavinaestartit.com\/wp-content\/uploads\/2024\/12\/3-1.png","width":500,"height":200,"caption":"Sa Gavina Apartaments"},"image":{"@id":"https:\/\/sagavinaestartit.com\/ca\/#\/schema\/logo\/image\/"}},{"@type":"Person","@id":"https:\/\/sagavinaestartit.com\/ca\/#\/schema\/person\/72b3f9a420869474351007377bde83c0","name":"tecnico_alojapro","sameAs":["https:\/\/sagavinaestartit.com"]}]}},"_links":{"self":[{"href":"https:\/\/sagavinaestartit.com\/ca\/wp-json\/wp\/v2\/posts\/28659","targetHints":{"allow":["GET"]}}],"collection":[{"href":"https:\/\/sagavinaestartit.com\/ca\/wp-json\/wp\/v2\/posts"}],"about":[{"href":"https:\/\/sagavinaestartit.com\/ca\/wp-json\/wp\/v2\/types\/post"}],"author":[{"embeddable":true,"href":"https:\/\/sagavinaestartit.com\/ca\/wp-json\/wp\/v2\/users\/1"}],"replies":[{"embeddable":true,"href":"https:\/\/sagavinaestartit.com\/ca\/wp-json\/wp\/v2\/comments?post=28659"}],"version-history":[{"count":0,"href":"https:\/\/sagavinaestartit.com\/ca\/wp-json\/wp\/v2\/posts\/28659\/revisions"}],"wp:featuredmedia":[{"embeddable":true,"href":"https:\/\/sagavinaestartit.com\/ca\/wp-json\/wp\/v2\/media\/13813"}],"wp:attachment":[{"href":"https:\/\/sagavinaestartit.com\/ca\/wp-json\/wp\/v2\/media?parent=28659"}],"wp:term":[{"taxonomy":"category","embeddable":true,"href":"https:\/\/sagavinaestartit.com\/ca\/wp-json\/wp\/v2\/categories?post=28659"},{"taxonomy":"post_tag","embeddable":true,"href":"https:\/\/sagavinaestartit.com\/ca\/wp-json\/wp\/v2\/tags?post=28659"}],"curies":[{"name":"wp","href":"https:\/\/api.w.org\/{rel}","templated":true}]}}