{"id":28657,"date":"2018-04-07T22:00:21","date_gmt":"2018-04-07T20:00:21","guid":{"rendered":"https:\/\/sagavinaestartit.com\/2018\/04\/07\/lestartit-sera-vila-gegantera-2016\/"},"modified":"2018-04-07T22:00:21","modified_gmt":"2018-04-07T20:00:21","slug":"lestartit-sera-vila-gegantera-2016","status":"publish","type":"post","link":"https:\/\/sagavinaestartit.com\/ca\/lestartit-sera-vila-gegantera-2016\/","title":{"rendered":"L&#8217;Estartit ser\u00e0 &#8220;Vila Gegantera 2016&#8221;"},"content":{"rendered":"<p style=\"text-align: justify;\">La &#8220;Assemblea de Gegants&#8221; de les comarques gironines va aprovar el 17 de gener del 2015, per unanimitat, l&#8217;Estartit com a &#8220;Vila Gegantera 2016&#8221;.<\/p>\n<p style=\"text-align: justify;\">La Pres\u00e8ncia de gegants i capgrossos a les festes populars \u00e9s una tradici\u00f3 t\u00edpicament catalana. Es tracta de personatges fets en cartr\u00f3 pedra animats per persones al seu interior. La seva creaci\u00f3 i promoci\u00f3 es a c\u00e0rrec d&#8217;sssociacions ve\u00efnals i ajuntaments.<\/p>\n<p style=\"text-align: justify;\">Cada municipi t\u00e9 els seus propis Gegants, amb noms i caracter\u00edstiques distintives del seu territorio. A l&#8217;Estartit tenim en Xiscu (3,55 metres) i na Remei (3,48 metres), inspirats en L&#8217;\u00e8poca en qu\u00e8 l&#8217;Estartit era un poble principalment dedicat a la pesca.<\/p>\n<p style=\"text-align: justify;\">Freq\u00fcentment es organitzen trobades entre les Diferents colles geganteres de diferents \u00a0municipis i recorren els carrers dels pobles acompanyats per petits i grans al fill \u00a0de la m\u00fasica.<\/p>\n","protected":false},"excerpt":{"rendered":"<p>La &#8220;Assemblea de Gegants&#8221; de les comarques gironines va aprovar el 17 de gener del 2015, per unanimitat, l&#8217;Estartit com a &#8220;Vila Gegantera 2016&#8221;. La Pres\u00e8ncia de gegants i capgrossos a les festes populars \u00e9s una tradici\u00f3 t\u00edpicament catalana. Es  [&#8230;]<\/p>\n","protected":false},"author":1,"featured_media":13787,"comment_status":"open","ping_status":"open","sticky":false,"template":"","format":"standard","meta":{"footnotes":""},"categories":[119],"tags":[],"class_list":["post-28657","post","type-post","status-publish","format-standard","has-post-thumbnail","hentry","category-novetats"],"yoast_head":"<!-- This site is optimized with the Yoast SEO plugin v27.1.1 - https:\/\/yoast.com\/product\/yoast-seo-wordpress\/ -->\n<title>L&#039;Estartit ser\u00e0 &quot;Vila Gegantera 2016&quot; | Apartaments a l&#039;Estartit<\/title>\n<meta name=\"robots\" content=\"index, follow, max-snippet:-1, max-image-preview:large, max-video-preview:-1\" \/>\n<link rel=\"canonical\" href=\"https:\/\/sagavinaestartit.com\/ca\/lestartit-sera-vila-gegantera-2016\/\" \/>\n<meta property=\"og:locale\" content=\"ca_ES\" \/>\n<meta property=\"og:type\" content=\"article\" \/>\n<meta property=\"og:title\" content=\"L&#039;Estartit ser\u00e0 &quot;Vila Gegantera 2016&quot; | Apartaments a l&#039;Estartit\" \/>\n<meta property=\"og:description\" content=\"La &#8220;Assemblea de Gegants&#8221; de les comarques gironines va aprovar el 17 de gener del 2015, per unanimitat, l&#8217;Estartit com a &#8220;Vila Gegantera 2016&#8221;. La Pres\u00e8ncia de gegants i capgrossos a les festes populars \u00e9s una tradici\u00f3 t\u00edpicament catalana. Es [...]\" \/>\n<meta property=\"og:url\" content=\"https:\/\/sagavinaestartit.com\/ca\/lestartit-sera-vila-gegantera-2016\/\" \/>\n<meta property=\"og:site_name\" content=\"Apartaments a l&#039;Estartit\" \/>\n<meta property=\"article:published_time\" content=\"2018-04-07T20:00:21+00:00\" \/>\n<meta property=\"og:image\" content=\"https:\/\/sagavinaestartit.com\/wp-content\/uploads\/2018\/04\/large_l_estartit-vila-gegantera-2016.jpg\" \/>\n\t<meta property=\"og:image:width\" content=\"335\" \/>\n\t<meta property=\"og:image:height\" content=\"335\" \/>\n\t<meta property=\"og:image:type\" content=\"image\/jpeg\" \/>\n<meta name=\"author\" content=\"tecnico_alojapro\" \/>\n<meta name=\"twitter:card\" content=\"summary_large_image\" \/>\n<meta name=\"twitter:label1\" content=\"Escrit per\" \/>\n\t<meta name=\"twitter:data1\" content=\"tecnico_alojapro\" \/>\n\t<meta name=\"twitter:label2\" content=\"Temps estimat de lectura\" \/>\n\t<meta name=\"twitter:data2\" content=\"1 minut\" \/>\n<script type=\"application\/ld+json\" class=\"yoast-schema-graph\">{\"@context\":\"https:\/\/schema.org\",\"@graph\":[{\"@type\":\"Article\",\"@id\":\"https:\/\/sagavinaestartit.com\/ca\/lestartit-sera-vila-gegantera-2016\/#article\",\"isPartOf\":{\"@id\":\"https:\/\/sagavinaestartit.com\/ca\/lestartit-sera-vila-gegantera-2016\/\"},\"author\":{\"name\":\"tecnico_alojapro\",\"@id\":\"https:\/\/sagavinaestartit.com\/ca\/#\/schema\/person\/72b3f9a420869474351007377bde83c0\"},\"headline\":\"L&#8217;Estartit ser\u00e0 &#8220;Vila Gegantera 2016&#8221;\",\"datePublished\":\"2018-04-07T20:00:21+00:00\",\"mainEntityOfPage\":{\"@id\":\"https:\/\/sagavinaestartit.com\/ca\/lestartit-sera-vila-gegantera-2016\/\"},\"wordCount\":146,\"commentCount\":0,\"publisher\":{\"@id\":\"https:\/\/sagavinaestartit.com\/ca\/#organization\"},\"image\":{\"@id\":\"https:\/\/sagavinaestartit.com\/ca\/lestartit-sera-vila-gegantera-2016\/#primaryimage\"},\"thumbnailUrl\":\"https:\/\/sagavinaestartit.com\/wp-content\/uploads\/2018\/04\/large_l_estartit-vila-gegantera-2016.jpg\",\"articleSection\":[\"Novetats\"],\"inLanguage\":\"ca\",\"potentialAction\":[{\"@type\":\"CommentAction\",\"name\":\"Comment\",\"target\":[\"https:\/\/sagavinaestartit.com\/ca\/lestartit-sera-vila-gegantera-2016\/#respond\"]}]},{\"@type\":\"WebPage\",\"@id\":\"https:\/\/sagavinaestartit.com\/ca\/lestartit-sera-vila-gegantera-2016\/\",\"url\":\"https:\/\/sagavinaestartit.com\/ca\/lestartit-sera-vila-gegantera-2016\/\",\"name\":\"L'Estartit ser\u00e0 \\\"Vila Gegantera 2016\\\" | Apartaments a l'Estartit\",\"isPartOf\":{\"@id\":\"https:\/\/sagavinaestartit.com\/ca\/#website\"},\"primaryImageOfPage\":{\"@id\":\"https:\/\/sagavinaestartit.com\/ca\/lestartit-sera-vila-gegantera-2016\/#primaryimage\"},\"image\":{\"@id\":\"https:\/\/sagavinaestartit.com\/ca\/lestartit-sera-vila-gegantera-2016\/#primaryimage\"},\"thumbnailUrl\":\"https:\/\/sagavinaestartit.com\/wp-content\/uploads\/2018\/04\/large_l_estartit-vila-gegantera-2016.jpg\",\"datePublished\":\"2018-04-07T20:00:21+00:00\",\"breadcrumb\":{\"@id\":\"https:\/\/sagavinaestartit.com\/ca\/lestartit-sera-vila-gegantera-2016\/#breadcrumb\"},\"inLanguage\":\"ca\",\"potentialAction\":[{\"@type\":\"ReadAction\",\"target\":[\"https:\/\/sagavinaestartit.com\/ca\/lestartit-sera-vila-gegantera-2016\/\"]}]},{\"@type\":\"ImageObject\",\"inLanguage\":\"ca\",\"@id\":\"https:\/\/sagavinaestartit.com\/ca\/lestartit-sera-vila-gegantera-2016\/#primaryimage\",\"url\":\"https:\/\/sagavinaestartit.com\/wp-content\/uploads\/2018\/04\/large_l_estartit-vila-gegantera-2016.jpg\",\"contentUrl\":\"https:\/\/sagavinaestartit.com\/wp-content\/uploads\/2018\/04\/large_l_estartit-vila-gegantera-2016.jpg\",\"width\":335,\"height\":335},{\"@type\":\"BreadcrumbList\",\"@id\":\"https:\/\/sagavinaestartit.com\/ca\/lestartit-sera-vila-gegantera-2016\/#breadcrumb\",\"itemListElement\":[{\"@type\":\"ListItem\",\"position\":1,\"name\":\"Portada\",\"item\":\"https:\/\/sagavinaestartit.com\/ca\/home\/\"},{\"@type\":\"ListItem\",\"position\":2,\"name\":\"L&#8217;Estartit ser\u00e0 \u00abVila Gegantera 2016\u00bb\"}]},{\"@type\":\"WebSite\",\"@id\":\"https:\/\/sagavinaestartit.com\/ca\/#website\",\"url\":\"https:\/\/sagavinaestartit.com\/ca\/\",\"name\":\"Sa Gavina Apartaments\",\"description\":\"Sa Gavina Apartaments\",\"publisher\":{\"@id\":\"https:\/\/sagavinaestartit.com\/ca\/#organization\"},\"potentialAction\":[{\"@type\":\"SearchAction\",\"target\":{\"@type\":\"EntryPoint\",\"urlTemplate\":\"https:\/\/sagavinaestartit.com\/ca\/?s={search_term_string}\"},\"query-input\":{\"@type\":\"PropertyValueSpecification\",\"valueRequired\":true,\"valueName\":\"search_term_string\"}}],\"inLanguage\":\"ca\"},{\"@type\":\"Organization\",\"@id\":\"https:\/\/sagavinaestartit.com\/ca\/#organization\",\"name\":\"Sa Gavina Apartaments\",\"url\":\"https:\/\/sagavinaestartit.com\/ca\/\",\"logo\":{\"@type\":\"ImageObject\",\"inLanguage\":\"ca\",\"@id\":\"https:\/\/sagavinaestartit.com\/ca\/#\/schema\/logo\/image\/\",\"url\":\"https:\/\/sagavinaestartit.com\/wp-content\/uploads\/2024\/12\/3-1.png\",\"contentUrl\":\"https:\/\/sagavinaestartit.com\/wp-content\/uploads\/2024\/12\/3-1.png\",\"width\":500,\"height\":200,\"caption\":\"Sa Gavina Apartaments\"},\"image\":{\"@id\":\"https:\/\/sagavinaestartit.com\/ca\/#\/schema\/logo\/image\/\"}},{\"@type\":\"Person\",\"@id\":\"https:\/\/sagavinaestartit.com\/ca\/#\/schema\/person\/72b3f9a420869474351007377bde83c0\",\"name\":\"tecnico_alojapro\",\"sameAs\":[\"https:\/\/sagavinaestartit.com\"]}]}<\/script>\n<!-- \/ Yoast SEO plugin. -->","yoast_head_json":{"title":"L'Estartit ser\u00e0 \"Vila Gegantera 2016\" | Apartaments a l'Estartit","robots":{"index":"index","follow":"follow","max-snippet":"max-snippet:-1","max-image-preview":"max-image-preview:large","max-video-preview":"max-video-preview:-1"},"canonical":"https:\/\/sagavinaestartit.com\/ca\/lestartit-sera-vila-gegantera-2016\/","og_locale":"ca_ES","og_type":"article","og_title":"L'Estartit ser\u00e0 \"Vila Gegantera 2016\" | Apartaments a l'Estartit","og_description":"La &#8220;Assemblea de Gegants&#8221; de les comarques gironines va aprovar el 17 de gener del 2015, per unanimitat, l&#8217;Estartit com a &#8220;Vila Gegantera 2016&#8221;. La Pres\u00e8ncia de gegants i capgrossos a les festes populars \u00e9s una tradici\u00f3 t\u00edpicament catalana. Es [...]","og_url":"https:\/\/sagavinaestartit.com\/ca\/lestartit-sera-vila-gegantera-2016\/","og_site_name":"Apartaments a l'Estartit","article_published_time":"2018-04-07T20:00:21+00:00","og_image":[{"width":335,"height":335,"url":"https:\/\/sagavinaestartit.com\/wp-content\/uploads\/2018\/04\/large_l_estartit-vila-gegantera-2016.jpg","type":"image\/jpeg"}],"author":"tecnico_alojapro","twitter_card":"summary_large_image","twitter_misc":{"Escrit per":"tecnico_alojapro","Temps estimat de lectura":"1 minut"},"schema":{"@context":"https:\/\/schema.org","@graph":[{"@type":"Article","@id":"https:\/\/sagavinaestartit.com\/ca\/lestartit-sera-vila-gegantera-2016\/#article","isPartOf":{"@id":"https:\/\/sagavinaestartit.com\/ca\/lestartit-sera-vila-gegantera-2016\/"},"author":{"name":"tecnico_alojapro","@id":"https:\/\/sagavinaestartit.com\/ca\/#\/schema\/person\/72b3f9a420869474351007377bde83c0"},"headline":"L&#8217;Estartit ser\u00e0 &#8220;Vila Gegantera 2016&#8221;","datePublished":"2018-04-07T20:00:21+00:00","mainEntityOfPage":{"@id":"https:\/\/sagavinaestartit.com\/ca\/lestartit-sera-vila-gegantera-2016\/"},"wordCount":146,"commentCount":0,"publisher":{"@id":"https:\/\/sagavinaestartit.com\/ca\/#organization"},"image":{"@id":"https:\/\/sagavinaestartit.com\/ca\/lestartit-sera-vila-gegantera-2016\/#primaryimage"},"thumbnailUrl":"https:\/\/sagavinaestartit.com\/wp-content\/uploads\/2018\/04\/large_l_estartit-vila-gegantera-2016.jpg","articleSection":["Novetats"],"inLanguage":"ca","potentialAction":[{"@type":"CommentAction","name":"Comment","target":["https:\/\/sagavinaestartit.com\/ca\/lestartit-sera-vila-gegantera-2016\/#respond"]}]},{"@type":"WebPage","@id":"https:\/\/sagavinaestartit.com\/ca\/lestartit-sera-vila-gegantera-2016\/","url":"https:\/\/sagavinaestartit.com\/ca\/lestartit-sera-vila-gegantera-2016\/","name":"L'Estartit ser\u00e0 \"Vila Gegantera 2016\" | Apartaments a l'Estartit","isPartOf":{"@id":"https:\/\/sagavinaestartit.com\/ca\/#website"},"primaryImageOfPage":{"@id":"https:\/\/sagavinaestartit.com\/ca\/lestartit-sera-vila-gegantera-2016\/#primaryimage"},"image":{"@id":"https:\/\/sagavinaestartit.com\/ca\/lestartit-sera-vila-gegantera-2016\/#primaryimage"},"thumbnailUrl":"https:\/\/sagavinaestartit.com\/wp-content\/uploads\/2018\/04\/large_l_estartit-vila-gegantera-2016.jpg","datePublished":"2018-04-07T20:00:21+00:00","breadcrumb":{"@id":"https:\/\/sagavinaestartit.com\/ca\/lestartit-sera-vila-gegantera-2016\/#breadcrumb"},"inLanguage":"ca","potentialAction":[{"@type":"ReadAction","target":["https:\/\/sagavinaestartit.com\/ca\/lestartit-sera-vila-gegantera-2016\/"]}]},{"@type":"ImageObject","inLanguage":"ca","@id":"https:\/\/sagavinaestartit.com\/ca\/lestartit-sera-vila-gegantera-2016\/#primaryimage","url":"https:\/\/sagavinaestartit.com\/wp-content\/uploads\/2018\/04\/large_l_estartit-vila-gegantera-2016.jpg","contentUrl":"https:\/\/sagavinaestartit.com\/wp-content\/uploads\/2018\/04\/large_l_estartit-vila-gegantera-2016.jpg","width":335,"height":335},{"@type":"BreadcrumbList","@id":"https:\/\/sagavinaestartit.com\/ca\/lestartit-sera-vila-gegantera-2016\/#breadcrumb","itemListElement":[{"@type":"ListItem","position":1,"name":"Portada","item":"https:\/\/sagavinaestartit.com\/ca\/home\/"},{"@type":"ListItem","position":2,"name":"L&#8217;Estartit ser\u00e0 \u00abVila Gegantera 2016\u00bb"}]},{"@type":"WebSite","@id":"https:\/\/sagavinaestartit.com\/ca\/#website","url":"https:\/\/sagavinaestartit.com\/ca\/","name":"Sa Gavina Apartaments","description":"Sa Gavina Apartaments","publisher":{"@id":"https:\/\/sagavinaestartit.com\/ca\/#organization"},"potentialAction":[{"@type":"SearchAction","target":{"@type":"EntryPoint","urlTemplate":"https:\/\/sagavinaestartit.com\/ca\/?s={search_term_string}"},"query-input":{"@type":"PropertyValueSpecification","valueRequired":true,"valueName":"search_term_string"}}],"inLanguage":"ca"},{"@type":"Organization","@id":"https:\/\/sagavinaestartit.com\/ca\/#organization","name":"Sa Gavina Apartaments","url":"https:\/\/sagavinaestartit.com\/ca\/","logo":{"@type":"ImageObject","inLanguage":"ca","@id":"https:\/\/sagavinaestartit.com\/ca\/#\/schema\/logo\/image\/","url":"https:\/\/sagavinaestartit.com\/wp-content\/uploads\/2024\/12\/3-1.png","contentUrl":"https:\/\/sagavinaestartit.com\/wp-content\/uploads\/2024\/12\/3-1.png","width":500,"height":200,"caption":"Sa Gavina Apartaments"},"image":{"@id":"https:\/\/sagavinaestartit.com\/ca\/#\/schema\/logo\/image\/"}},{"@type":"Person","@id":"https:\/\/sagavinaestartit.com\/ca\/#\/schema\/person\/72b3f9a420869474351007377bde83c0","name":"tecnico_alojapro","sameAs":["https:\/\/sagavinaestartit.com"]}]}},"_links":{"self":[{"href":"https:\/\/sagavinaestartit.com\/ca\/wp-json\/wp\/v2\/posts\/28657","targetHints":{"allow":["GET"]}}],"collection":[{"href":"https:\/\/sagavinaestartit.com\/ca\/wp-json\/wp\/v2\/posts"}],"about":[{"href":"https:\/\/sagavinaestartit.com\/ca\/wp-json\/wp\/v2\/types\/post"}],"author":[{"embeddable":true,"href":"https:\/\/sagavinaestartit.com\/ca\/wp-json\/wp\/v2\/users\/1"}],"replies":[{"embeddable":true,"href":"https:\/\/sagavinaestartit.com\/ca\/wp-json\/wp\/v2\/comments?post=28657"}],"version-history":[{"count":0,"href":"https:\/\/sagavinaestartit.com\/ca\/wp-json\/wp\/v2\/posts\/28657\/revisions"}],"wp:featuredmedia":[{"embeddable":true,"href":"https:\/\/sagavinaestartit.com\/ca\/wp-json\/wp\/v2\/media\/13787"}],"wp:attachment":[{"href":"https:\/\/sagavinaestartit.com\/ca\/wp-json\/wp\/v2\/media?parent=28657"}],"wp:term":[{"taxonomy":"category","embeddable":true,"href":"https:\/\/sagavinaestartit.com\/ca\/wp-json\/wp\/v2\/categories?post=28657"},{"taxonomy":"post_tag","embeddable":true,"href":"https:\/\/sagavinaestartit.com\/ca\/wp-json\/wp\/v2\/tags?post=28657"}],"curies":[{"name":"wp","href":"https:\/\/api.w.org\/{rel}","templated":true}]}}