{"id":28655,"date":"2018-04-07T22:30:49","date_gmt":"2018-04-07T20:30:49","guid":{"rendered":"https:\/\/sagavinaestartit.com\/2018\/04\/07\/lestacio-nautica-de-lestartit-illes-medes-destinacio-nautic-excel%c2%b7lent\/"},"modified":"2018-04-07T22:30:49","modified_gmt":"2018-04-07T20:30:49","slug":"lestacio-nautica-de-lestartit-illes-medes-destinacio-nautic-excel%c2%b7lent","status":"publish","type":"post","link":"https:\/\/sagavinaestartit.com\/ca\/lestacio-nautica-de-lestartit-illes-medes-destinacio-nautic-excel%c2%b7lent\/","title":{"rendered":"L&#8217;estaci\u00f3 n\u00e0utica de l&#8217;Estartit-Illes Medes &#8220;Destinaci\u00f3 N\u00e0utic Excel\u00b7lent&#8221;"},"content":{"rendered":"<p style=\"text-align: justify;\">L&#8217;Estaci\u00f3 N\u00e0utica de l&#8217;Estartit-Illes Medes ha rebut la bandera que certifica al municipi com &#8220;Destinaci\u00f3 N\u00e0utic Excel\u00b7lent&#8221;. El guard\u00f3 implica tamb\u00e8 un reconeixement als serveis adherits (apartaments de lloguer, hotels, c\u00e0mpings, restauraci\u00f3, etc.).<\/p>\n<p style=\"text-align: justify;\">El lliurament es va fer a la Fira Internacional de Turisme (FITUR-2015) celebrada a Madrid el 29 de gener. Amb l\u2019entrega de la bandera, l&#8217;Estartit es consolida com Destinaci\u00f3 de qualitats Excel\u2022lents per la pr\u00e0ctica d&#8217;activitats i esports n\u00e0utics.<\/p>\n<p style=\"text-align: justify;\">L&#8217;acte s&#8217;ha celebrat a la Cambra de Comer\u00e7 d&#8217;Espanya i ha estat presidit per el President de l&#8217;Associaci\u00f3 Espanyola d&#8217;Estacions N\u00e0utiques, Joan Campolier, i la Directora General de Desenvolupament i Sostenibilitat Tur\u00edstica, Tatiana Mar\u00eda Mart\u00ednez.<\/p>\n","protected":false},"excerpt":{"rendered":"<p>L&#8217;Estaci\u00f3 N\u00e0utica de l&#8217;Estartit-Illes Medes ha rebut la bandera que certifica al municipi com &#8220;Destinaci\u00f3 N\u00e0utic Excel\u00b7lent&#8221;. El guard\u00f3 implica tamb\u00e8 un reconeixement als serveis adherits (apartaments de lloguer, hotels, c\u00e0mpings, restauraci\u00f3, etc.). El lliurament es va fer a la  [&#8230;]<\/p>\n","protected":false},"author":1,"featured_media":13761,"comment_status":"open","ping_status":"open","sticky":false,"template":"","format":"standard","meta":{"footnotes":""},"categories":[119],"tags":[],"class_list":["post-28655","post","type-post","status-publish","format-standard","has-post-thumbnail","hentry","category-novetats"],"yoast_head":"<!-- This site is optimized with the Yoast SEO plugin v27.1.1 - https:\/\/yoast.com\/product\/yoast-seo-wordpress\/ -->\n<title>L&#039;estaci\u00f3 n\u00e0utica de l&#039;Estartit-Illes Medes &quot;Destinaci\u00f3 N\u00e0utic Excel\u00b7lent&quot; | Apartaments a l&#039;Estartit<\/title>\n<meta name=\"robots\" content=\"index, follow, max-snippet:-1, max-image-preview:large, max-video-preview:-1\" \/>\n<link rel=\"canonical\" href=\"https:\/\/sagavinaestartit.com\/ca\/lestacio-nautica-de-lestartit-illes-medes-destinacio-nautic-excel%c2%b7lent\/\" \/>\n<meta property=\"og:locale\" content=\"ca_ES\" \/>\n<meta property=\"og:type\" content=\"article\" \/>\n<meta property=\"og:title\" content=\"L&#039;estaci\u00f3 n\u00e0utica de l&#039;Estartit-Illes Medes &quot;Destinaci\u00f3 N\u00e0utic Excel\u00b7lent&quot; | Apartaments a l&#039;Estartit\" \/>\n<meta property=\"og:description\" content=\"L&#8217;Estaci\u00f3 N\u00e0utica de l&#8217;Estartit-Illes Medes ha rebut la bandera que certifica al municipi com &#8220;Destinaci\u00f3 N\u00e0utic Excel\u00b7lent&#8221;. El guard\u00f3 implica tamb\u00e8 un reconeixement als serveis adherits (apartaments de lloguer, hotels, c\u00e0mpings, restauraci\u00f3, etc.). El lliurament es va fer a la [...]\" \/>\n<meta property=\"og:url\" content=\"https:\/\/sagavinaestartit.com\/ca\/lestacio-nautica-de-lestartit-illes-medes-destinacio-nautic-excel%c2%b7lent\/\" \/>\n<meta property=\"og:site_name\" content=\"Apartaments a l&#039;Estartit\" \/>\n<meta property=\"article:published_time\" content=\"2018-04-07T20:30:49+00:00\" \/>\n<meta property=\"og:image\" content=\"https:\/\/sagavinaestartit.com\/wp-content\/uploads\/2018\/04\/large_excelencia-del-destino-nautico.jpg\" \/>\n\t<meta property=\"og:image:width\" content=\"335\" \/>\n\t<meta property=\"og:image:height\" content=\"212\" \/>\n\t<meta property=\"og:image:type\" content=\"image\/jpeg\" \/>\n<meta name=\"author\" content=\"tecnico_alojapro\" \/>\n<meta name=\"twitter:card\" content=\"summary_large_image\" \/>\n<meta name=\"twitter:label1\" content=\"Escrit per\" \/>\n\t<meta name=\"twitter:data1\" content=\"tecnico_alojapro\" \/>\n\t<meta name=\"twitter:label2\" content=\"Temps estimat de lectura\" \/>\n\t<meta name=\"twitter:data2\" content=\"1 minut\" \/>\n<script type=\"application\/ld+json\" class=\"yoast-schema-graph\">{\"@context\":\"https:\/\/schema.org\",\"@graph\":[{\"@type\":\"Article\",\"@id\":\"https:\/\/sagavinaestartit.com\/ca\/lestacio-nautica-de-lestartit-illes-medes-destinacio-nautic-excel%c2%b7lent\/#article\",\"isPartOf\":{\"@id\":\"https:\/\/sagavinaestartit.com\/ca\/lestacio-nautica-de-lestartit-illes-medes-destinacio-nautic-excel%c2%b7lent\/\"},\"author\":{\"name\":\"tecnico_alojapro\",\"@id\":\"https:\/\/sagavinaestartit.com\/ca\/#\/schema\/person\/72b3f9a420869474351007377bde83c0\"},\"headline\":\"L&#8217;estaci\u00f3 n\u00e0utica de l&#8217;Estartit-Illes Medes &#8220;Destinaci\u00f3 N\u00e0utic Excel\u00b7lent&#8221;\",\"datePublished\":\"2018-04-07T20:30:49+00:00\",\"mainEntityOfPage\":{\"@id\":\"https:\/\/sagavinaestartit.com\/ca\/lestacio-nautica-de-lestartit-illes-medes-destinacio-nautic-excel%c2%b7lent\/\"},\"wordCount\":140,\"commentCount\":0,\"publisher\":{\"@id\":\"https:\/\/sagavinaestartit.com\/ca\/#organization\"},\"image\":{\"@id\":\"https:\/\/sagavinaestartit.com\/ca\/lestacio-nautica-de-lestartit-illes-medes-destinacio-nautic-excel%c2%b7lent\/#primaryimage\"},\"thumbnailUrl\":\"https:\/\/sagavinaestartit.com\/wp-content\/uploads\/2018\/04\/large_excelencia-del-destino-nautico.jpg\",\"articleSection\":[\"Novetats\"],\"inLanguage\":\"ca\",\"potentialAction\":[{\"@type\":\"CommentAction\",\"name\":\"Comment\",\"target\":[\"https:\/\/sagavinaestartit.com\/ca\/lestacio-nautica-de-lestartit-illes-medes-destinacio-nautic-excel%c2%b7lent\/#respond\"]}]},{\"@type\":\"WebPage\",\"@id\":\"https:\/\/sagavinaestartit.com\/ca\/lestacio-nautica-de-lestartit-illes-medes-destinacio-nautic-excel%c2%b7lent\/\",\"url\":\"https:\/\/sagavinaestartit.com\/ca\/lestacio-nautica-de-lestartit-illes-medes-destinacio-nautic-excel%c2%b7lent\/\",\"name\":\"L'estaci\u00f3 n\u00e0utica de l'Estartit-Illes Medes \\\"Destinaci\u00f3 N\u00e0utic Excel\u00b7lent\\\" | Apartaments a l'Estartit\",\"isPartOf\":{\"@id\":\"https:\/\/sagavinaestartit.com\/ca\/#website\"},\"primaryImageOfPage\":{\"@id\":\"https:\/\/sagavinaestartit.com\/ca\/lestacio-nautica-de-lestartit-illes-medes-destinacio-nautic-excel%c2%b7lent\/#primaryimage\"},\"image\":{\"@id\":\"https:\/\/sagavinaestartit.com\/ca\/lestacio-nautica-de-lestartit-illes-medes-destinacio-nautic-excel%c2%b7lent\/#primaryimage\"},\"thumbnailUrl\":\"https:\/\/sagavinaestartit.com\/wp-content\/uploads\/2018\/04\/large_excelencia-del-destino-nautico.jpg\",\"datePublished\":\"2018-04-07T20:30:49+00:00\",\"breadcrumb\":{\"@id\":\"https:\/\/sagavinaestartit.com\/ca\/lestacio-nautica-de-lestartit-illes-medes-destinacio-nautic-excel%c2%b7lent\/#breadcrumb\"},\"inLanguage\":\"ca\",\"potentialAction\":[{\"@type\":\"ReadAction\",\"target\":[\"https:\/\/sagavinaestartit.com\/ca\/lestacio-nautica-de-lestartit-illes-medes-destinacio-nautic-excel%c2%b7lent\/\"]}]},{\"@type\":\"ImageObject\",\"inLanguage\":\"ca\",\"@id\":\"https:\/\/sagavinaestartit.com\/ca\/lestacio-nautica-de-lestartit-illes-medes-destinacio-nautic-excel%c2%b7lent\/#primaryimage\",\"url\":\"https:\/\/sagavinaestartit.com\/wp-content\/uploads\/2018\/04\/large_excelencia-del-destino-nautico.jpg\",\"contentUrl\":\"https:\/\/sagavinaestartit.com\/wp-content\/uploads\/2018\/04\/large_excelencia-del-destino-nautico.jpg\",\"width\":335,\"height\":212},{\"@type\":\"BreadcrumbList\",\"@id\":\"https:\/\/sagavinaestartit.com\/ca\/lestacio-nautica-de-lestartit-illes-medes-destinacio-nautic-excel%c2%b7lent\/#breadcrumb\",\"itemListElement\":[{\"@type\":\"ListItem\",\"position\":1,\"name\":\"Portada\",\"item\":\"https:\/\/sagavinaestartit.com\/ca\/home\/\"},{\"@type\":\"ListItem\",\"position\":2,\"name\":\"L&#8217;estaci\u00f3 n\u00e0utica de l&#8217;Estartit-Illes Medes \u00abDestinaci\u00f3 N\u00e0utic Excel\u00b7lent\u00bb\"}]},{\"@type\":\"WebSite\",\"@id\":\"https:\/\/sagavinaestartit.com\/ca\/#website\",\"url\":\"https:\/\/sagavinaestartit.com\/ca\/\",\"name\":\"Sa Gavina Apartaments\",\"description\":\"Sa Gavina Apartaments\",\"publisher\":{\"@id\":\"https:\/\/sagavinaestartit.com\/ca\/#organization\"},\"potentialAction\":[{\"@type\":\"SearchAction\",\"target\":{\"@type\":\"EntryPoint\",\"urlTemplate\":\"https:\/\/sagavinaestartit.com\/ca\/?s={search_term_string}\"},\"query-input\":{\"@type\":\"PropertyValueSpecification\",\"valueRequired\":true,\"valueName\":\"search_term_string\"}}],\"inLanguage\":\"ca\"},{\"@type\":\"Organization\",\"@id\":\"https:\/\/sagavinaestartit.com\/ca\/#organization\",\"name\":\"Sa Gavina Apartaments\",\"url\":\"https:\/\/sagavinaestartit.com\/ca\/\",\"logo\":{\"@type\":\"ImageObject\",\"inLanguage\":\"ca\",\"@id\":\"https:\/\/sagavinaestartit.com\/ca\/#\/schema\/logo\/image\/\",\"url\":\"https:\/\/sagavinaestartit.com\/wp-content\/uploads\/2024\/12\/3-1.png\",\"contentUrl\":\"https:\/\/sagavinaestartit.com\/wp-content\/uploads\/2024\/12\/3-1.png\",\"width\":500,\"height\":200,\"caption\":\"Sa Gavina Apartaments\"},\"image\":{\"@id\":\"https:\/\/sagavinaestartit.com\/ca\/#\/schema\/logo\/image\/\"}},{\"@type\":\"Person\",\"@id\":\"https:\/\/sagavinaestartit.com\/ca\/#\/schema\/person\/72b3f9a420869474351007377bde83c0\",\"name\":\"tecnico_alojapro\",\"sameAs\":[\"https:\/\/sagavinaestartit.com\"]}]}<\/script>\n<!-- \/ Yoast SEO plugin. -->","yoast_head_json":{"title":"L'estaci\u00f3 n\u00e0utica de l'Estartit-Illes Medes \"Destinaci\u00f3 N\u00e0utic Excel\u00b7lent\" | Apartaments a l'Estartit","robots":{"index":"index","follow":"follow","max-snippet":"max-snippet:-1","max-image-preview":"max-image-preview:large","max-video-preview":"max-video-preview:-1"},"canonical":"https:\/\/sagavinaestartit.com\/ca\/lestacio-nautica-de-lestartit-illes-medes-destinacio-nautic-excel%c2%b7lent\/","og_locale":"ca_ES","og_type":"article","og_title":"L'estaci\u00f3 n\u00e0utica de l'Estartit-Illes Medes \"Destinaci\u00f3 N\u00e0utic Excel\u00b7lent\" | Apartaments a l'Estartit","og_description":"L&#8217;Estaci\u00f3 N\u00e0utica de l&#8217;Estartit-Illes Medes ha rebut la bandera que certifica al municipi com &#8220;Destinaci\u00f3 N\u00e0utic Excel\u00b7lent&#8221;. El guard\u00f3 implica tamb\u00e8 un reconeixement als serveis adherits (apartaments de lloguer, hotels, c\u00e0mpings, restauraci\u00f3, etc.). El lliurament es va fer a la [...]","og_url":"https:\/\/sagavinaestartit.com\/ca\/lestacio-nautica-de-lestartit-illes-medes-destinacio-nautic-excel%c2%b7lent\/","og_site_name":"Apartaments a l'Estartit","article_published_time":"2018-04-07T20:30:49+00:00","og_image":[{"width":335,"height":212,"url":"https:\/\/sagavinaestartit.com\/wp-content\/uploads\/2018\/04\/large_excelencia-del-destino-nautico.jpg","type":"image\/jpeg"}],"author":"tecnico_alojapro","twitter_card":"summary_large_image","twitter_misc":{"Escrit per":"tecnico_alojapro","Temps estimat de lectura":"1 minut"},"schema":{"@context":"https:\/\/schema.org","@graph":[{"@type":"Article","@id":"https:\/\/sagavinaestartit.com\/ca\/lestacio-nautica-de-lestartit-illes-medes-destinacio-nautic-excel%c2%b7lent\/#article","isPartOf":{"@id":"https:\/\/sagavinaestartit.com\/ca\/lestacio-nautica-de-lestartit-illes-medes-destinacio-nautic-excel%c2%b7lent\/"},"author":{"name":"tecnico_alojapro","@id":"https:\/\/sagavinaestartit.com\/ca\/#\/schema\/person\/72b3f9a420869474351007377bde83c0"},"headline":"L&#8217;estaci\u00f3 n\u00e0utica de l&#8217;Estartit-Illes Medes &#8220;Destinaci\u00f3 N\u00e0utic Excel\u00b7lent&#8221;","datePublished":"2018-04-07T20:30:49+00:00","mainEntityOfPage":{"@id":"https:\/\/sagavinaestartit.com\/ca\/lestacio-nautica-de-lestartit-illes-medes-destinacio-nautic-excel%c2%b7lent\/"},"wordCount":140,"commentCount":0,"publisher":{"@id":"https:\/\/sagavinaestartit.com\/ca\/#organization"},"image":{"@id":"https:\/\/sagavinaestartit.com\/ca\/lestacio-nautica-de-lestartit-illes-medes-destinacio-nautic-excel%c2%b7lent\/#primaryimage"},"thumbnailUrl":"https:\/\/sagavinaestartit.com\/wp-content\/uploads\/2018\/04\/large_excelencia-del-destino-nautico.jpg","articleSection":["Novetats"],"inLanguage":"ca","potentialAction":[{"@type":"CommentAction","name":"Comment","target":["https:\/\/sagavinaestartit.com\/ca\/lestacio-nautica-de-lestartit-illes-medes-destinacio-nautic-excel%c2%b7lent\/#respond"]}]},{"@type":"WebPage","@id":"https:\/\/sagavinaestartit.com\/ca\/lestacio-nautica-de-lestartit-illes-medes-destinacio-nautic-excel%c2%b7lent\/","url":"https:\/\/sagavinaestartit.com\/ca\/lestacio-nautica-de-lestartit-illes-medes-destinacio-nautic-excel%c2%b7lent\/","name":"L'estaci\u00f3 n\u00e0utica de l'Estartit-Illes Medes \"Destinaci\u00f3 N\u00e0utic Excel\u00b7lent\" | Apartaments a l'Estartit","isPartOf":{"@id":"https:\/\/sagavinaestartit.com\/ca\/#website"},"primaryImageOfPage":{"@id":"https:\/\/sagavinaestartit.com\/ca\/lestacio-nautica-de-lestartit-illes-medes-destinacio-nautic-excel%c2%b7lent\/#primaryimage"},"image":{"@id":"https:\/\/sagavinaestartit.com\/ca\/lestacio-nautica-de-lestartit-illes-medes-destinacio-nautic-excel%c2%b7lent\/#primaryimage"},"thumbnailUrl":"https:\/\/sagavinaestartit.com\/wp-content\/uploads\/2018\/04\/large_excelencia-del-destino-nautico.jpg","datePublished":"2018-04-07T20:30:49+00:00","breadcrumb":{"@id":"https:\/\/sagavinaestartit.com\/ca\/lestacio-nautica-de-lestartit-illes-medes-destinacio-nautic-excel%c2%b7lent\/#breadcrumb"},"inLanguage":"ca","potentialAction":[{"@type":"ReadAction","target":["https:\/\/sagavinaestartit.com\/ca\/lestacio-nautica-de-lestartit-illes-medes-destinacio-nautic-excel%c2%b7lent\/"]}]},{"@type":"ImageObject","inLanguage":"ca","@id":"https:\/\/sagavinaestartit.com\/ca\/lestacio-nautica-de-lestartit-illes-medes-destinacio-nautic-excel%c2%b7lent\/#primaryimage","url":"https:\/\/sagavinaestartit.com\/wp-content\/uploads\/2018\/04\/large_excelencia-del-destino-nautico.jpg","contentUrl":"https:\/\/sagavinaestartit.com\/wp-content\/uploads\/2018\/04\/large_excelencia-del-destino-nautico.jpg","width":335,"height":212},{"@type":"BreadcrumbList","@id":"https:\/\/sagavinaestartit.com\/ca\/lestacio-nautica-de-lestartit-illes-medes-destinacio-nautic-excel%c2%b7lent\/#breadcrumb","itemListElement":[{"@type":"ListItem","position":1,"name":"Portada","item":"https:\/\/sagavinaestartit.com\/ca\/home\/"},{"@type":"ListItem","position":2,"name":"L&#8217;estaci\u00f3 n\u00e0utica de l&#8217;Estartit-Illes Medes \u00abDestinaci\u00f3 N\u00e0utic Excel\u00b7lent\u00bb"}]},{"@type":"WebSite","@id":"https:\/\/sagavinaestartit.com\/ca\/#website","url":"https:\/\/sagavinaestartit.com\/ca\/","name":"Sa Gavina Apartaments","description":"Sa Gavina Apartaments","publisher":{"@id":"https:\/\/sagavinaestartit.com\/ca\/#organization"},"potentialAction":[{"@type":"SearchAction","target":{"@type":"EntryPoint","urlTemplate":"https:\/\/sagavinaestartit.com\/ca\/?s={search_term_string}"},"query-input":{"@type":"PropertyValueSpecification","valueRequired":true,"valueName":"search_term_string"}}],"inLanguage":"ca"},{"@type":"Organization","@id":"https:\/\/sagavinaestartit.com\/ca\/#organization","name":"Sa Gavina Apartaments","url":"https:\/\/sagavinaestartit.com\/ca\/","logo":{"@type":"ImageObject","inLanguage":"ca","@id":"https:\/\/sagavinaestartit.com\/ca\/#\/schema\/logo\/image\/","url":"https:\/\/sagavinaestartit.com\/wp-content\/uploads\/2024\/12\/3-1.png","contentUrl":"https:\/\/sagavinaestartit.com\/wp-content\/uploads\/2024\/12\/3-1.png","width":500,"height":200,"caption":"Sa Gavina Apartaments"},"image":{"@id":"https:\/\/sagavinaestartit.com\/ca\/#\/schema\/logo\/image\/"}},{"@type":"Person","@id":"https:\/\/sagavinaestartit.com\/ca\/#\/schema\/person\/72b3f9a420869474351007377bde83c0","name":"tecnico_alojapro","sameAs":["https:\/\/sagavinaestartit.com"]}]}},"_links":{"self":[{"href":"https:\/\/sagavinaestartit.com\/ca\/wp-json\/wp\/v2\/posts\/28655","targetHints":{"allow":["GET"]}}],"collection":[{"href":"https:\/\/sagavinaestartit.com\/ca\/wp-json\/wp\/v2\/posts"}],"about":[{"href":"https:\/\/sagavinaestartit.com\/ca\/wp-json\/wp\/v2\/types\/post"}],"author":[{"embeddable":true,"href":"https:\/\/sagavinaestartit.com\/ca\/wp-json\/wp\/v2\/users\/1"}],"replies":[{"embeddable":true,"href":"https:\/\/sagavinaestartit.com\/ca\/wp-json\/wp\/v2\/comments?post=28655"}],"version-history":[{"count":0,"href":"https:\/\/sagavinaestartit.com\/ca\/wp-json\/wp\/v2\/posts\/28655\/revisions"}],"wp:featuredmedia":[{"embeddable":true,"href":"https:\/\/sagavinaestartit.com\/ca\/wp-json\/wp\/v2\/media\/13761"}],"wp:attachment":[{"href":"https:\/\/sagavinaestartit.com\/ca\/wp-json\/wp\/v2\/media?parent=28655"}],"wp:term":[{"taxonomy":"category","embeddable":true,"href":"https:\/\/sagavinaestartit.com\/ca\/wp-json\/wp\/v2\/categories?post=28655"},{"taxonomy":"post_tag","embeddable":true,"href":"https:\/\/sagavinaestartit.com\/ca\/wp-json\/wp\/v2\/tags?post=28655"}],"curies":[{"name":"wp","href":"https:\/\/api.w.org\/{rel}","templated":true}]}}