{"id":28647,"date":"2019-10-01T08:05:55","date_gmt":"2019-10-01T06:05:55","guid":{"rendered":"https:\/\/sagavinaestartit.com\/2019\/10\/01\/el-municipi-de-lestartit-sera-seu-del-campionat-despanya-fotosub-i-videosub-octubre-2019\/"},"modified":"2019-10-01T08:05:55","modified_gmt":"2019-10-01T06:05:55","slug":"el-municipi-de-lestartit-sera-seu-del-campionat-despanya-fotosub-i-videosub-octubre-2019","status":"publish","type":"post","link":"https:\/\/sagavinaestartit.com\/ca\/el-municipi-de-lestartit-sera-seu-del-campionat-despanya-fotosub-i-videosub-octubre-2019\/","title":{"rendered":"El municipi de L&#8217;Estartit ser\u00e0 seu del Campionat d&#8217;Espanya Fotosub i Videosub &#8211; Octubre 2019"},"content":{"rendered":"<p style=\"text-align: justify;\">Del 9 al 13 d&#8217;octubre a partir de les 8 del mat\u00ed els fons marins de la <strong>Reserva Natural de les Illes Medes-Costa Montgr\u00ed<\/strong> seran escenari d&#8217;un gran esdeveniment esportiu, com \u00e9s el <strong>Campionat d&#8217;Espanya de Fotosub i Videosub.<\/strong><\/p>\n<p style=\"text-align: justify;\">Aquestes dues disciplines fan refer\u00e8ncia a la presa de fotografies i v\u00eddeos subaqu\u00e0tics amb l&#8217;atenci\u00f3 posada en la vida marina o en el registre de companys durant la immersi\u00f3.<\/p>\n<p style=\"text-align: justify;\">Per dedicar-se a aquestes disciplines es necessiten coneixements de busseig, perqu\u00e8 a m\u00e9s del control de la pressi\u00f3, de la profunditat i la flotabilitat tamb\u00e9 cal tenir en compte el maneig de la c\u00e0mera.<\/p>\n<p style=\"text-align: justify;\">En el marc del campionat celebrat a <strong>l&#8217;Estartit <\/strong>hi haur\u00e0 els millors especialistes del panorama nacional, en aquestes dues modalitats.<\/p>\n<p style=\"text-align: justify;\">Per obtenir m\u00e9s informaci\u00f3 de l&#8217;esdeveniment, consulteu el seg\u00fcent link: <\/p>\n","protected":false},"excerpt":{"rendered":"<p>Del 9 al 13 d&#8217;octubre a partir de les 8 del mat\u00ed els fons marins de la Reserva Natural de les Illes Medes-Costa Montgr\u00ed seran escenari d&#8217;un gran esdeveniment esportiu, com \u00e9s el Campionat d&#8217;Espanya de Fotosub i Videosub. Aquestes  [&#8230;]<\/p>\n","protected":false},"author":1,"featured_media":13626,"comment_status":"open","ping_status":"open","sticky":false,"template":"","format":"standard","meta":{"footnotes":""},"categories":[119],"tags":[],"class_list":["post-28647","post","type-post","status-publish","format-standard","has-post-thumbnail","hentry","category-novetats"],"yoast_head":"<!-- This site is optimized with the Yoast SEO plugin v27.1.1 - https:\/\/yoast.com\/product\/yoast-seo-wordpress\/ -->\n<title>El municipi de L&#039;Estartit ser\u00e0 seu del Campionat d&#039;Espanya Fotosub i Videosub - Octubre 2019 | Apartaments a l&#039;Estartit<\/title>\n<meta name=\"robots\" content=\"index, follow, max-snippet:-1, max-image-preview:large, max-video-preview:-1\" \/>\n<link rel=\"canonical\" href=\"https:\/\/sagavinaestartit.com\/ca\/el-municipi-de-lestartit-sera-seu-del-campionat-despanya-fotosub-i-videosub-octubre-2019\/\" \/>\n<meta property=\"og:locale\" content=\"ca_ES\" \/>\n<meta property=\"og:type\" content=\"article\" \/>\n<meta property=\"og:title\" content=\"El municipi de L&#039;Estartit ser\u00e0 seu del Campionat d&#039;Espanya Fotosub i Videosub - Octubre 2019 | Apartaments a l&#039;Estartit\" \/>\n<meta property=\"og:description\" content=\"Del 9 al 13 d&#8217;octubre a partir de les 8 del mat\u00ed els fons marins de la Reserva Natural de les Illes Medes-Costa Montgr\u00ed seran escenari d&#8217;un gran esdeveniment esportiu, com \u00e9s el Campionat d&#8217;Espanya de Fotosub i Videosub. Aquestes [...]\" \/>\n<meta property=\"og:url\" content=\"https:\/\/sagavinaestartit.com\/ca\/el-municipi-de-lestartit-sera-seu-del-campionat-despanya-fotosub-i-videosub-octubre-2019\/\" \/>\n<meta property=\"og:site_name\" content=\"Apartaments a l&#039;Estartit\" \/>\n<meta property=\"article:published_time\" content=\"2019-10-01T06:05:55+00:00\" \/>\n<meta property=\"og:image\" content=\"https:\/\/sagavinaestartit.com\/wp-content\/uploads\/2019\/10\/fotosub-y-videosub-1.jpg\" \/>\n\t<meta property=\"og:image:width\" content=\"335\" \/>\n\t<meta property=\"og:image:height\" content=\"224\" \/>\n\t<meta property=\"og:image:type\" content=\"image\/jpeg\" \/>\n<meta name=\"author\" content=\"tecnico_alojapro\" \/>\n<meta name=\"twitter:card\" content=\"summary_large_image\" \/>\n<meta name=\"twitter:label1\" content=\"Escrit per\" \/>\n\t<meta name=\"twitter:data1\" content=\"tecnico_alojapro\" \/>\n\t<meta name=\"twitter:label2\" content=\"Temps estimat de lectura\" \/>\n\t<meta name=\"twitter:data2\" content=\"1 minut\" \/>\n<script type=\"application\/ld+json\" class=\"yoast-schema-graph\">{\"@context\":\"https:\/\/schema.org\",\"@graph\":[{\"@type\":\"Article\",\"@id\":\"https:\/\/sagavinaestartit.com\/ca\/el-municipi-de-lestartit-sera-seu-del-campionat-despanya-fotosub-i-videosub-octubre-2019\/#article\",\"isPartOf\":{\"@id\":\"https:\/\/sagavinaestartit.com\/ca\/el-municipi-de-lestartit-sera-seu-del-campionat-despanya-fotosub-i-videosub-octubre-2019\/\"},\"author\":{\"name\":\"tecnico_alojapro\",\"@id\":\"https:\/\/sagavinaestartit.com\/ca\/#\/schema\/person\/72b3f9a420869474351007377bde83c0\"},\"headline\":\"El municipi de L&#8217;Estartit ser\u00e0 seu del Campionat d&#8217;Espanya Fotosub i Videosub &#8211; Octubre 2019\",\"datePublished\":\"2019-10-01T06:05:55+00:00\",\"mainEntityOfPage\":{\"@id\":\"https:\/\/sagavinaestartit.com\/ca\/el-municipi-de-lestartit-sera-seu-del-campionat-despanya-fotosub-i-videosub-octubre-2019\/\"},\"wordCount\":158,\"commentCount\":0,\"publisher\":{\"@id\":\"https:\/\/sagavinaestartit.com\/ca\/#organization\"},\"image\":{\"@id\":\"https:\/\/sagavinaestartit.com\/ca\/el-municipi-de-lestartit-sera-seu-del-campionat-despanya-fotosub-i-videosub-octubre-2019\/#primaryimage\"},\"thumbnailUrl\":\"https:\/\/sagavinaestartit.com\/wp-content\/uploads\/2019\/10\/fotosub-y-videosub-1.jpg\",\"articleSection\":[\"Novetats\"],\"inLanguage\":\"ca\",\"potentialAction\":[{\"@type\":\"CommentAction\",\"name\":\"Comment\",\"target\":[\"https:\/\/sagavinaestartit.com\/ca\/el-municipi-de-lestartit-sera-seu-del-campionat-despanya-fotosub-i-videosub-octubre-2019\/#respond\"]}]},{\"@type\":\"WebPage\",\"@id\":\"https:\/\/sagavinaestartit.com\/ca\/el-municipi-de-lestartit-sera-seu-del-campionat-despanya-fotosub-i-videosub-octubre-2019\/\",\"url\":\"https:\/\/sagavinaestartit.com\/ca\/el-municipi-de-lestartit-sera-seu-del-campionat-despanya-fotosub-i-videosub-octubre-2019\/\",\"name\":\"El municipi de L'Estartit ser\u00e0 seu del Campionat d'Espanya Fotosub i Videosub - Octubre 2019 | Apartaments a l'Estartit\",\"isPartOf\":{\"@id\":\"https:\/\/sagavinaestartit.com\/ca\/#website\"},\"primaryImageOfPage\":{\"@id\":\"https:\/\/sagavinaestartit.com\/ca\/el-municipi-de-lestartit-sera-seu-del-campionat-despanya-fotosub-i-videosub-octubre-2019\/#primaryimage\"},\"image\":{\"@id\":\"https:\/\/sagavinaestartit.com\/ca\/el-municipi-de-lestartit-sera-seu-del-campionat-despanya-fotosub-i-videosub-octubre-2019\/#primaryimage\"},\"thumbnailUrl\":\"https:\/\/sagavinaestartit.com\/wp-content\/uploads\/2019\/10\/fotosub-y-videosub-1.jpg\",\"datePublished\":\"2019-10-01T06:05:55+00:00\",\"breadcrumb\":{\"@id\":\"https:\/\/sagavinaestartit.com\/ca\/el-municipi-de-lestartit-sera-seu-del-campionat-despanya-fotosub-i-videosub-octubre-2019\/#breadcrumb\"},\"inLanguage\":\"ca\",\"potentialAction\":[{\"@type\":\"ReadAction\",\"target\":[\"https:\/\/sagavinaestartit.com\/ca\/el-municipi-de-lestartit-sera-seu-del-campionat-despanya-fotosub-i-videosub-octubre-2019\/\"]}]},{\"@type\":\"ImageObject\",\"inLanguage\":\"ca\",\"@id\":\"https:\/\/sagavinaestartit.com\/ca\/el-municipi-de-lestartit-sera-seu-del-campionat-despanya-fotosub-i-videosub-octubre-2019\/#primaryimage\",\"url\":\"https:\/\/sagavinaestartit.com\/wp-content\/uploads\/2019\/10\/fotosub-y-videosub-1.jpg\",\"contentUrl\":\"https:\/\/sagavinaestartit.com\/wp-content\/uploads\/2019\/10\/fotosub-y-videosub-1.jpg\",\"width\":335,\"height\":224,\"caption\":\"CREATOR: gd-jpeg v1.0 (using IJG JPEG v80), quality = 80\"},{\"@type\":\"BreadcrumbList\",\"@id\":\"https:\/\/sagavinaestartit.com\/ca\/el-municipi-de-lestartit-sera-seu-del-campionat-despanya-fotosub-i-videosub-octubre-2019\/#breadcrumb\",\"itemListElement\":[{\"@type\":\"ListItem\",\"position\":1,\"name\":\"Portada\",\"item\":\"https:\/\/sagavinaestartit.com\/ca\/home\/\"},{\"@type\":\"ListItem\",\"position\":2,\"name\":\"El municipi de L&#8217;Estartit ser\u00e0 seu del Campionat d&#8217;Espanya Fotosub i Videosub &#8211; Octubre 2019\"}]},{\"@type\":\"WebSite\",\"@id\":\"https:\/\/sagavinaestartit.com\/ca\/#website\",\"url\":\"https:\/\/sagavinaestartit.com\/ca\/\",\"name\":\"Sa Gavina Apartaments\",\"description\":\"Sa Gavina Apartaments\",\"publisher\":{\"@id\":\"https:\/\/sagavinaestartit.com\/ca\/#organization\"},\"potentialAction\":[{\"@type\":\"SearchAction\",\"target\":{\"@type\":\"EntryPoint\",\"urlTemplate\":\"https:\/\/sagavinaestartit.com\/ca\/?s={search_term_string}\"},\"query-input\":{\"@type\":\"PropertyValueSpecification\",\"valueRequired\":true,\"valueName\":\"search_term_string\"}}],\"inLanguage\":\"ca\"},{\"@type\":\"Organization\",\"@id\":\"https:\/\/sagavinaestartit.com\/ca\/#organization\",\"name\":\"Sa Gavina Apartaments\",\"url\":\"https:\/\/sagavinaestartit.com\/ca\/\",\"logo\":{\"@type\":\"ImageObject\",\"inLanguage\":\"ca\",\"@id\":\"https:\/\/sagavinaestartit.com\/ca\/#\/schema\/logo\/image\/\",\"url\":\"https:\/\/sagavinaestartit.com\/wp-content\/uploads\/2024\/12\/3-1.png\",\"contentUrl\":\"https:\/\/sagavinaestartit.com\/wp-content\/uploads\/2024\/12\/3-1.png\",\"width\":500,\"height\":200,\"caption\":\"Sa Gavina Apartaments\"},\"image\":{\"@id\":\"https:\/\/sagavinaestartit.com\/ca\/#\/schema\/logo\/image\/\"}},{\"@type\":\"Person\",\"@id\":\"https:\/\/sagavinaestartit.com\/ca\/#\/schema\/person\/72b3f9a420869474351007377bde83c0\",\"name\":\"tecnico_alojapro\",\"sameAs\":[\"https:\/\/sagavinaestartit.com\"]}]}<\/script>\n<!-- \/ Yoast SEO plugin. -->","yoast_head_json":{"title":"El municipi de L'Estartit ser\u00e0 seu del Campionat d'Espanya Fotosub i Videosub - Octubre 2019 | Apartaments a l'Estartit","robots":{"index":"index","follow":"follow","max-snippet":"max-snippet:-1","max-image-preview":"max-image-preview:large","max-video-preview":"max-video-preview:-1"},"canonical":"https:\/\/sagavinaestartit.com\/ca\/el-municipi-de-lestartit-sera-seu-del-campionat-despanya-fotosub-i-videosub-octubre-2019\/","og_locale":"ca_ES","og_type":"article","og_title":"El municipi de L'Estartit ser\u00e0 seu del Campionat d'Espanya Fotosub i Videosub - Octubre 2019 | Apartaments a l'Estartit","og_description":"Del 9 al 13 d&#8217;octubre a partir de les 8 del mat\u00ed els fons marins de la Reserva Natural de les Illes Medes-Costa Montgr\u00ed seran escenari d&#8217;un gran esdeveniment esportiu, com \u00e9s el Campionat d&#8217;Espanya de Fotosub i Videosub. Aquestes [...]","og_url":"https:\/\/sagavinaestartit.com\/ca\/el-municipi-de-lestartit-sera-seu-del-campionat-despanya-fotosub-i-videosub-octubre-2019\/","og_site_name":"Apartaments a l'Estartit","article_published_time":"2019-10-01T06:05:55+00:00","og_image":[{"width":335,"height":224,"url":"https:\/\/sagavinaestartit.com\/wp-content\/uploads\/2019\/10\/fotosub-y-videosub-1.jpg","type":"image\/jpeg"}],"author":"tecnico_alojapro","twitter_card":"summary_large_image","twitter_misc":{"Escrit per":"tecnico_alojapro","Temps estimat de lectura":"1 minut"},"schema":{"@context":"https:\/\/schema.org","@graph":[{"@type":"Article","@id":"https:\/\/sagavinaestartit.com\/ca\/el-municipi-de-lestartit-sera-seu-del-campionat-despanya-fotosub-i-videosub-octubre-2019\/#article","isPartOf":{"@id":"https:\/\/sagavinaestartit.com\/ca\/el-municipi-de-lestartit-sera-seu-del-campionat-despanya-fotosub-i-videosub-octubre-2019\/"},"author":{"name":"tecnico_alojapro","@id":"https:\/\/sagavinaestartit.com\/ca\/#\/schema\/person\/72b3f9a420869474351007377bde83c0"},"headline":"El municipi de L&#8217;Estartit ser\u00e0 seu del Campionat d&#8217;Espanya Fotosub i Videosub &#8211; Octubre 2019","datePublished":"2019-10-01T06:05:55+00:00","mainEntityOfPage":{"@id":"https:\/\/sagavinaestartit.com\/ca\/el-municipi-de-lestartit-sera-seu-del-campionat-despanya-fotosub-i-videosub-octubre-2019\/"},"wordCount":158,"commentCount":0,"publisher":{"@id":"https:\/\/sagavinaestartit.com\/ca\/#organization"},"image":{"@id":"https:\/\/sagavinaestartit.com\/ca\/el-municipi-de-lestartit-sera-seu-del-campionat-despanya-fotosub-i-videosub-octubre-2019\/#primaryimage"},"thumbnailUrl":"https:\/\/sagavinaestartit.com\/wp-content\/uploads\/2019\/10\/fotosub-y-videosub-1.jpg","articleSection":["Novetats"],"inLanguage":"ca","potentialAction":[{"@type":"CommentAction","name":"Comment","target":["https:\/\/sagavinaestartit.com\/ca\/el-municipi-de-lestartit-sera-seu-del-campionat-despanya-fotosub-i-videosub-octubre-2019\/#respond"]}]},{"@type":"WebPage","@id":"https:\/\/sagavinaestartit.com\/ca\/el-municipi-de-lestartit-sera-seu-del-campionat-despanya-fotosub-i-videosub-octubre-2019\/","url":"https:\/\/sagavinaestartit.com\/ca\/el-municipi-de-lestartit-sera-seu-del-campionat-despanya-fotosub-i-videosub-octubre-2019\/","name":"El municipi de L'Estartit ser\u00e0 seu del Campionat d'Espanya Fotosub i Videosub - Octubre 2019 | Apartaments a l'Estartit","isPartOf":{"@id":"https:\/\/sagavinaestartit.com\/ca\/#website"},"primaryImageOfPage":{"@id":"https:\/\/sagavinaestartit.com\/ca\/el-municipi-de-lestartit-sera-seu-del-campionat-despanya-fotosub-i-videosub-octubre-2019\/#primaryimage"},"image":{"@id":"https:\/\/sagavinaestartit.com\/ca\/el-municipi-de-lestartit-sera-seu-del-campionat-despanya-fotosub-i-videosub-octubre-2019\/#primaryimage"},"thumbnailUrl":"https:\/\/sagavinaestartit.com\/wp-content\/uploads\/2019\/10\/fotosub-y-videosub-1.jpg","datePublished":"2019-10-01T06:05:55+00:00","breadcrumb":{"@id":"https:\/\/sagavinaestartit.com\/ca\/el-municipi-de-lestartit-sera-seu-del-campionat-despanya-fotosub-i-videosub-octubre-2019\/#breadcrumb"},"inLanguage":"ca","potentialAction":[{"@type":"ReadAction","target":["https:\/\/sagavinaestartit.com\/ca\/el-municipi-de-lestartit-sera-seu-del-campionat-despanya-fotosub-i-videosub-octubre-2019\/"]}]},{"@type":"ImageObject","inLanguage":"ca","@id":"https:\/\/sagavinaestartit.com\/ca\/el-municipi-de-lestartit-sera-seu-del-campionat-despanya-fotosub-i-videosub-octubre-2019\/#primaryimage","url":"https:\/\/sagavinaestartit.com\/wp-content\/uploads\/2019\/10\/fotosub-y-videosub-1.jpg","contentUrl":"https:\/\/sagavinaestartit.com\/wp-content\/uploads\/2019\/10\/fotosub-y-videosub-1.jpg","width":335,"height":224,"caption":"CREATOR: gd-jpeg v1.0 (using IJG JPEG v80), quality = 80"},{"@type":"BreadcrumbList","@id":"https:\/\/sagavinaestartit.com\/ca\/el-municipi-de-lestartit-sera-seu-del-campionat-despanya-fotosub-i-videosub-octubre-2019\/#breadcrumb","itemListElement":[{"@type":"ListItem","position":1,"name":"Portada","item":"https:\/\/sagavinaestartit.com\/ca\/home\/"},{"@type":"ListItem","position":2,"name":"El municipi de L&#8217;Estartit ser\u00e0 seu del Campionat d&#8217;Espanya Fotosub i Videosub &#8211; Octubre 2019"}]},{"@type":"WebSite","@id":"https:\/\/sagavinaestartit.com\/ca\/#website","url":"https:\/\/sagavinaestartit.com\/ca\/","name":"Sa Gavina Apartaments","description":"Sa Gavina Apartaments","publisher":{"@id":"https:\/\/sagavinaestartit.com\/ca\/#organization"},"potentialAction":[{"@type":"SearchAction","target":{"@type":"EntryPoint","urlTemplate":"https:\/\/sagavinaestartit.com\/ca\/?s={search_term_string}"},"query-input":{"@type":"PropertyValueSpecification","valueRequired":true,"valueName":"search_term_string"}}],"inLanguage":"ca"},{"@type":"Organization","@id":"https:\/\/sagavinaestartit.com\/ca\/#organization","name":"Sa Gavina Apartaments","url":"https:\/\/sagavinaestartit.com\/ca\/","logo":{"@type":"ImageObject","inLanguage":"ca","@id":"https:\/\/sagavinaestartit.com\/ca\/#\/schema\/logo\/image\/","url":"https:\/\/sagavinaestartit.com\/wp-content\/uploads\/2024\/12\/3-1.png","contentUrl":"https:\/\/sagavinaestartit.com\/wp-content\/uploads\/2024\/12\/3-1.png","width":500,"height":200,"caption":"Sa Gavina Apartaments"},"image":{"@id":"https:\/\/sagavinaestartit.com\/ca\/#\/schema\/logo\/image\/"}},{"@type":"Person","@id":"https:\/\/sagavinaestartit.com\/ca\/#\/schema\/person\/72b3f9a420869474351007377bde83c0","name":"tecnico_alojapro","sameAs":["https:\/\/sagavinaestartit.com"]}]}},"_links":{"self":[{"href":"https:\/\/sagavinaestartit.com\/ca\/wp-json\/wp\/v2\/posts\/28647","targetHints":{"allow":["GET"]}}],"collection":[{"href":"https:\/\/sagavinaestartit.com\/ca\/wp-json\/wp\/v2\/posts"}],"about":[{"href":"https:\/\/sagavinaestartit.com\/ca\/wp-json\/wp\/v2\/types\/post"}],"author":[{"embeddable":true,"href":"https:\/\/sagavinaestartit.com\/ca\/wp-json\/wp\/v2\/users\/1"}],"replies":[{"embeddable":true,"href":"https:\/\/sagavinaestartit.com\/ca\/wp-json\/wp\/v2\/comments?post=28647"}],"version-history":[{"count":0,"href":"https:\/\/sagavinaestartit.com\/ca\/wp-json\/wp\/v2\/posts\/28647\/revisions"}],"wp:featuredmedia":[{"embeddable":true,"href":"https:\/\/sagavinaestartit.com\/ca\/wp-json\/wp\/v2\/media\/13626"}],"wp:attachment":[{"href":"https:\/\/sagavinaestartit.com\/ca\/wp-json\/wp\/v2\/media?parent=28647"}],"wp:term":[{"taxonomy":"category","embeddable":true,"href":"https:\/\/sagavinaestartit.com\/ca\/wp-json\/wp\/v2\/categories?post=28647"},{"taxonomy":"post_tag","embeddable":true,"href":"https:\/\/sagavinaestartit.com\/ca\/wp-json\/wp\/v2\/tags?post=28647"}],"curies":[{"name":"wp","href":"https:\/\/api.w.org\/{rel}","templated":true}]}}