{"id":28637,"date":"2018-01-26T14:00:44","date_gmt":"2018-01-26T13:00:44","guid":{"rendered":"https:\/\/sagavinaestartit.com\/2018\/01\/26\/itineraris-de-senderisme-amb-la-teva-visita-als-nostres-apartaments-de-lloguer-a-lestartit\/"},"modified":"2018-01-26T14:00:44","modified_gmt":"2018-01-26T13:00:44","slug":"itineraris-de-senderisme-amb-la-teva-visita-als-nostres-apartaments-de-lloguer-a-lestartit","status":"publish","type":"post","link":"https:\/\/sagavinaestartit.com\/ca\/itineraris-de-senderisme-amb-la-teva-visita-als-nostres-apartaments-de-lloguer-a-lestartit\/","title":{"rendered":"Itineraris de senderisme amb la teva visita als nostres apartaments de lloguer a l&#8217;Estartit."},"content":{"rendered":"<p style=\"font-weight: 400;\">Ets amant del senderisme i del trail running? Aprofita la teva visita\u00a0<strong>als nostres apartaments de lloguer a l&#8217;Estartit<\/strong>\u00a0per descobrir rutes guiades de gran recorregut (GR), rutes de petit recorregut (PR), senders locals i l&#8217;anomenada\u00a0Xarxa Itiner\u00e0nnia.<\/p>\n<p style=\"font-weight: 400;\"><strong>La xarxa Itiner\u00e0nnia<\/strong><\/p>\n<p style=\"font-weight: 400;\">Consisteix en una xarxa de senders de 2.500 km que uneix les comarques del Ripoll\u00e8s, la Garrotxa i l&#8217;Alt Empord\u00e0. El seu principal objectiu \u00e9s que el participant gaudeixi del territori a trav\u00e9s d&#8217;antigues vies de comunicaci\u00f3 entre pobles descobrint actius naturals i culturals de les tres comarques.<\/p>\n<p style=\"font-weight: 400;\">D&#8217;aquesta manera \u00e9s possible caminar dels Pirineus fins al mar i del mar fins als Pirineus; descobrir qualsevol rac\u00f3 a peu endinsant-se per racons emblem\u00e0tics i descobrir paratges de gran bellesa amb una gran oferta d&#8217;activitats i restaurants on assaborir la gastronomia t\u00edpica.<\/p>\n<p style=\"font-weight: 400;\"><strong>Rutes guiades de senderisme, itineraris guiats de natura i trail running<\/strong><\/p>\n<p style=\"font-weight: 400;\">Si el que vols en la teva visita als\u00a0<strong>nostres apartaments de lloguer a l&#8217;Estartit<\/strong>\u00a0\u00e9s anar sobre segur, et recomanem les\u00a0rutes guiades de senderisme, impulsades per un llarg llistat d&#8217;associacions i ag\u00e8ncies, i que et portaran per paisatges de les muntanyes del Pirineu de Girona i pels camins que voregen la Mediterr\u00e0nia &#8211; els anomenats\u00a0<strong>camins de Ronda<\/strong>, ideals per con\u00e8ixer platges i cales de la Costa Brava.<\/p>\n<p style=\"font-weight: 400;\">Quant als\u00a0<strong>itineraris guiats de natura<\/strong>, tens la possibilitat de descobrir paisatges protegits del Pirineu de Girona acompanyat per especialistes que et descobriran tots els secrets de la fauna i la flora del territori.<\/p>\n<p style=\"font-weight: 400;\">Finalment, i si tamb\u00e9 sols practicar el\u00a0<strong>trail running<\/strong>, tens l&#8217;oportunitat de practicar el teu esport favorit per pistes, camins i senders del Pirineu de Girona i la Costa Brava.<\/p>\n<p style=\"font-weight: 400;\">T&#8217;animes? No trobar\u00e0s un millor escenari &#8230;<\/p>\n","protected":false},"excerpt":{"rendered":"<p>Ets amant del senderisme i del trail running? Aprofita la teva visita\u00a0als nostres apartaments de lloguer a l&#8217;Estartit\u00a0per descobrir rutes guiades de gran recorregut (GR), rutes de petit recorregut (PR), senders locals i l&#8217;anomenada\u00a0Xarxa Itiner\u00e0nnia. La xarxa Itiner\u00e0nnia Consisteix en  [&#8230;]<\/p>\n","protected":false},"author":1,"featured_media":13498,"comment_status":"open","ping_status":"open","sticky":false,"template":"","format":"standard","meta":{"footnotes":""},"categories":[116],"tags":[],"class_list":["post-28637","post","type-post","status-publish","format-standard","has-post-thumbnail","hentry","category-activitats-a-lestartit"],"yoast_head":"<!-- This site is optimized with the Yoast SEO plugin v27.1.1 - https:\/\/yoast.com\/product\/yoast-seo-wordpress\/ -->\n<title>Itineraris de senderisme amb la teva visita als nostres apartaments de lloguer a l&#039;Estartit. | Apartaments a l&#039;Estartit<\/title>\n<meta name=\"robots\" content=\"index, follow, max-snippet:-1, max-image-preview:large, max-video-preview:-1\" \/>\n<link rel=\"canonical\" href=\"https:\/\/sagavinaestartit.com\/ca\/itineraris-de-senderisme-amb-la-teva-visita-als-nostres-apartaments-de-lloguer-a-lestartit\/\" \/>\n<meta property=\"og:locale\" content=\"ca_ES\" \/>\n<meta property=\"og:type\" content=\"article\" \/>\n<meta property=\"og:title\" content=\"Itineraris de senderisme amb la teva visita als nostres apartaments de lloguer a l&#039;Estartit. | Apartaments a l&#039;Estartit\" \/>\n<meta property=\"og:description\" content=\"Ets amant del senderisme i del trail running? Aprofita la teva visita\u00a0als nostres apartaments de lloguer a l&#8217;Estartit\u00a0per descobrir rutes guiades de gran recorregut (GR), rutes de petit recorregut (PR), senders locals i l&#8217;anomenada\u00a0Xarxa Itiner\u00e0nnia. La xarxa Itiner\u00e0nnia Consisteix en [...]\" \/>\n<meta property=\"og:url\" content=\"https:\/\/sagavinaestartit.com\/ca\/itineraris-de-senderisme-amb-la-teva-visita-als-nostres-apartaments-de-lloguer-a-lestartit\/\" \/>\n<meta property=\"og:site_name\" content=\"Apartaments a l&#039;Estartit\" \/>\n<meta property=\"article:published_time\" content=\"2018-01-26T13:00:44+00:00\" \/>\n<meta property=\"og:image\" content=\"https:\/\/sagavinaestartit.com\/wp-content\/uploads\/2018\/01\/senderismo_estartit.jpg\" \/>\n\t<meta property=\"og:image:width\" content=\"600\" \/>\n\t<meta property=\"og:image:height\" content=\"400\" \/>\n\t<meta property=\"og:image:type\" content=\"image\/jpeg\" \/>\n<meta name=\"author\" content=\"tecnico_alojapro\" \/>\n<meta name=\"twitter:card\" content=\"summary_large_image\" \/>\n<meta name=\"twitter:label1\" content=\"Escrit per\" \/>\n\t<meta name=\"twitter:data1\" content=\"tecnico_alojapro\" \/>\n\t<meta name=\"twitter:label2\" content=\"Temps estimat de lectura\" \/>\n\t<meta name=\"twitter:data2\" content=\"1 minut\" \/>\n<script type=\"application\/ld+json\" class=\"yoast-schema-graph\">{\"@context\":\"https:\/\/schema.org\",\"@graph\":[{\"@type\":\"Article\",\"@id\":\"https:\/\/sagavinaestartit.com\/ca\/itineraris-de-senderisme-amb-la-teva-visita-als-nostres-apartaments-de-lloguer-a-lestartit\/#article\",\"isPartOf\":{\"@id\":\"https:\/\/sagavinaestartit.com\/ca\/itineraris-de-senderisme-amb-la-teva-visita-als-nostres-apartaments-de-lloguer-a-lestartit\/\"},\"author\":{\"name\":\"tecnico_alojapro\",\"@id\":\"https:\/\/sagavinaestartit.com\/ca\/#\/schema\/person\/72b3f9a420869474351007377bde83c0\"},\"headline\":\"Itineraris de senderisme amb la teva visita als nostres apartaments de lloguer a l&#8217;Estartit.\",\"datePublished\":\"2018-01-26T13:00:44+00:00\",\"mainEntityOfPage\":{\"@id\":\"https:\/\/sagavinaestartit.com\/ca\/itineraris-de-senderisme-amb-la-teva-visita-als-nostres-apartaments-de-lloguer-a-lestartit\/\"},\"wordCount\":317,\"commentCount\":0,\"publisher\":{\"@id\":\"https:\/\/sagavinaestartit.com\/ca\/#organization\"},\"image\":{\"@id\":\"https:\/\/sagavinaestartit.com\/ca\/itineraris-de-senderisme-amb-la-teva-visita-als-nostres-apartaments-de-lloguer-a-lestartit\/#primaryimage\"},\"thumbnailUrl\":\"https:\/\/sagavinaestartit.com\/wp-content\/uploads\/2018\/01\/senderismo_estartit.jpg\",\"articleSection\":[\"Activitats a l'Estartit\"],\"inLanguage\":\"ca\",\"potentialAction\":[{\"@type\":\"CommentAction\",\"name\":\"Comment\",\"target\":[\"https:\/\/sagavinaestartit.com\/ca\/itineraris-de-senderisme-amb-la-teva-visita-als-nostres-apartaments-de-lloguer-a-lestartit\/#respond\"]}]},{\"@type\":\"WebPage\",\"@id\":\"https:\/\/sagavinaestartit.com\/ca\/itineraris-de-senderisme-amb-la-teva-visita-als-nostres-apartaments-de-lloguer-a-lestartit\/\",\"url\":\"https:\/\/sagavinaestartit.com\/ca\/itineraris-de-senderisme-amb-la-teva-visita-als-nostres-apartaments-de-lloguer-a-lestartit\/\",\"name\":\"Itineraris de senderisme amb la teva visita als nostres apartaments de lloguer a l'Estartit. | Apartaments a l'Estartit\",\"isPartOf\":{\"@id\":\"https:\/\/sagavinaestartit.com\/ca\/#website\"},\"primaryImageOfPage\":{\"@id\":\"https:\/\/sagavinaestartit.com\/ca\/itineraris-de-senderisme-amb-la-teva-visita-als-nostres-apartaments-de-lloguer-a-lestartit\/#primaryimage\"},\"image\":{\"@id\":\"https:\/\/sagavinaestartit.com\/ca\/itineraris-de-senderisme-amb-la-teva-visita-als-nostres-apartaments-de-lloguer-a-lestartit\/#primaryimage\"},\"thumbnailUrl\":\"https:\/\/sagavinaestartit.com\/wp-content\/uploads\/2018\/01\/senderismo_estartit.jpg\",\"datePublished\":\"2018-01-26T13:00:44+00:00\",\"breadcrumb\":{\"@id\":\"https:\/\/sagavinaestartit.com\/ca\/itineraris-de-senderisme-amb-la-teva-visita-als-nostres-apartaments-de-lloguer-a-lestartit\/#breadcrumb\"},\"inLanguage\":\"ca\",\"potentialAction\":[{\"@type\":\"ReadAction\",\"target\":[\"https:\/\/sagavinaestartit.com\/ca\/itineraris-de-senderisme-amb-la-teva-visita-als-nostres-apartaments-de-lloguer-a-lestartit\/\"]}]},{\"@type\":\"ImageObject\",\"inLanguage\":\"ca\",\"@id\":\"https:\/\/sagavinaestartit.com\/ca\/itineraris-de-senderisme-amb-la-teva-visita-als-nostres-apartaments-de-lloguer-a-lestartit\/#primaryimage\",\"url\":\"https:\/\/sagavinaestartit.com\/wp-content\/uploads\/2018\/01\/senderismo_estartit.jpg\",\"contentUrl\":\"https:\/\/sagavinaestartit.com\/wp-content\/uploads\/2018\/01\/senderismo_estartit.jpg\",\"width\":600,\"height\":400},{\"@type\":\"BreadcrumbList\",\"@id\":\"https:\/\/sagavinaestartit.com\/ca\/itineraris-de-senderisme-amb-la-teva-visita-als-nostres-apartaments-de-lloguer-a-lestartit\/#breadcrumb\",\"itemListElement\":[{\"@type\":\"ListItem\",\"position\":1,\"name\":\"Portada\",\"item\":\"https:\/\/sagavinaestartit.com\/ca\/home\/\"},{\"@type\":\"ListItem\",\"position\":2,\"name\":\"Itineraris de senderisme amb la teva visita als nostres apartaments de lloguer a l&#8217;Estartit.\"}]},{\"@type\":\"WebSite\",\"@id\":\"https:\/\/sagavinaestartit.com\/ca\/#website\",\"url\":\"https:\/\/sagavinaestartit.com\/ca\/\",\"name\":\"Sa Gavina Apartaments\",\"description\":\"Sa Gavina Apartaments\",\"publisher\":{\"@id\":\"https:\/\/sagavinaestartit.com\/ca\/#organization\"},\"potentialAction\":[{\"@type\":\"SearchAction\",\"target\":{\"@type\":\"EntryPoint\",\"urlTemplate\":\"https:\/\/sagavinaestartit.com\/ca\/?s={search_term_string}\"},\"query-input\":{\"@type\":\"PropertyValueSpecification\",\"valueRequired\":true,\"valueName\":\"search_term_string\"}}],\"inLanguage\":\"ca\"},{\"@type\":\"Organization\",\"@id\":\"https:\/\/sagavinaestartit.com\/ca\/#organization\",\"name\":\"Sa Gavina Apartaments\",\"url\":\"https:\/\/sagavinaestartit.com\/ca\/\",\"logo\":{\"@type\":\"ImageObject\",\"inLanguage\":\"ca\",\"@id\":\"https:\/\/sagavinaestartit.com\/ca\/#\/schema\/logo\/image\/\",\"url\":\"https:\/\/sagavinaestartit.com\/wp-content\/uploads\/2024\/12\/3-1.png\",\"contentUrl\":\"https:\/\/sagavinaestartit.com\/wp-content\/uploads\/2024\/12\/3-1.png\",\"width\":500,\"height\":200,\"caption\":\"Sa Gavina Apartaments\"},\"image\":{\"@id\":\"https:\/\/sagavinaestartit.com\/ca\/#\/schema\/logo\/image\/\"}},{\"@type\":\"Person\",\"@id\":\"https:\/\/sagavinaestartit.com\/ca\/#\/schema\/person\/72b3f9a420869474351007377bde83c0\",\"name\":\"tecnico_alojapro\",\"sameAs\":[\"https:\/\/sagavinaestartit.com\"]}]}<\/script>\n<!-- \/ Yoast SEO plugin. -->","yoast_head_json":{"title":"Itineraris de senderisme amb la teva visita als nostres apartaments de lloguer a l'Estartit. | Apartaments a l'Estartit","robots":{"index":"index","follow":"follow","max-snippet":"max-snippet:-1","max-image-preview":"max-image-preview:large","max-video-preview":"max-video-preview:-1"},"canonical":"https:\/\/sagavinaestartit.com\/ca\/itineraris-de-senderisme-amb-la-teva-visita-als-nostres-apartaments-de-lloguer-a-lestartit\/","og_locale":"ca_ES","og_type":"article","og_title":"Itineraris de senderisme amb la teva visita als nostres apartaments de lloguer a l'Estartit. | Apartaments a l'Estartit","og_description":"Ets amant del senderisme i del trail running? Aprofita la teva visita\u00a0als nostres apartaments de lloguer a l&#8217;Estartit\u00a0per descobrir rutes guiades de gran recorregut (GR), rutes de petit recorregut (PR), senders locals i l&#8217;anomenada\u00a0Xarxa Itiner\u00e0nnia. La xarxa Itiner\u00e0nnia Consisteix en [...]","og_url":"https:\/\/sagavinaestartit.com\/ca\/itineraris-de-senderisme-amb-la-teva-visita-als-nostres-apartaments-de-lloguer-a-lestartit\/","og_site_name":"Apartaments a l'Estartit","article_published_time":"2018-01-26T13:00:44+00:00","og_image":[{"width":600,"height":400,"url":"https:\/\/sagavinaestartit.com\/wp-content\/uploads\/2018\/01\/senderismo_estartit.jpg","type":"image\/jpeg"}],"author":"tecnico_alojapro","twitter_card":"summary_large_image","twitter_misc":{"Escrit per":"tecnico_alojapro","Temps estimat de lectura":"1 minut"},"schema":{"@context":"https:\/\/schema.org","@graph":[{"@type":"Article","@id":"https:\/\/sagavinaestartit.com\/ca\/itineraris-de-senderisme-amb-la-teva-visita-als-nostres-apartaments-de-lloguer-a-lestartit\/#article","isPartOf":{"@id":"https:\/\/sagavinaestartit.com\/ca\/itineraris-de-senderisme-amb-la-teva-visita-als-nostres-apartaments-de-lloguer-a-lestartit\/"},"author":{"name":"tecnico_alojapro","@id":"https:\/\/sagavinaestartit.com\/ca\/#\/schema\/person\/72b3f9a420869474351007377bde83c0"},"headline":"Itineraris de senderisme amb la teva visita als nostres apartaments de lloguer a l&#8217;Estartit.","datePublished":"2018-01-26T13:00:44+00:00","mainEntityOfPage":{"@id":"https:\/\/sagavinaestartit.com\/ca\/itineraris-de-senderisme-amb-la-teva-visita-als-nostres-apartaments-de-lloguer-a-lestartit\/"},"wordCount":317,"commentCount":0,"publisher":{"@id":"https:\/\/sagavinaestartit.com\/ca\/#organization"},"image":{"@id":"https:\/\/sagavinaestartit.com\/ca\/itineraris-de-senderisme-amb-la-teva-visita-als-nostres-apartaments-de-lloguer-a-lestartit\/#primaryimage"},"thumbnailUrl":"https:\/\/sagavinaestartit.com\/wp-content\/uploads\/2018\/01\/senderismo_estartit.jpg","articleSection":["Activitats a l'Estartit"],"inLanguage":"ca","potentialAction":[{"@type":"CommentAction","name":"Comment","target":["https:\/\/sagavinaestartit.com\/ca\/itineraris-de-senderisme-amb-la-teva-visita-als-nostres-apartaments-de-lloguer-a-lestartit\/#respond"]}]},{"@type":"WebPage","@id":"https:\/\/sagavinaestartit.com\/ca\/itineraris-de-senderisme-amb-la-teva-visita-als-nostres-apartaments-de-lloguer-a-lestartit\/","url":"https:\/\/sagavinaestartit.com\/ca\/itineraris-de-senderisme-amb-la-teva-visita-als-nostres-apartaments-de-lloguer-a-lestartit\/","name":"Itineraris de senderisme amb la teva visita als nostres apartaments de lloguer a l'Estartit. | Apartaments a l'Estartit","isPartOf":{"@id":"https:\/\/sagavinaestartit.com\/ca\/#website"},"primaryImageOfPage":{"@id":"https:\/\/sagavinaestartit.com\/ca\/itineraris-de-senderisme-amb-la-teva-visita-als-nostres-apartaments-de-lloguer-a-lestartit\/#primaryimage"},"image":{"@id":"https:\/\/sagavinaestartit.com\/ca\/itineraris-de-senderisme-amb-la-teva-visita-als-nostres-apartaments-de-lloguer-a-lestartit\/#primaryimage"},"thumbnailUrl":"https:\/\/sagavinaestartit.com\/wp-content\/uploads\/2018\/01\/senderismo_estartit.jpg","datePublished":"2018-01-26T13:00:44+00:00","breadcrumb":{"@id":"https:\/\/sagavinaestartit.com\/ca\/itineraris-de-senderisme-amb-la-teva-visita-als-nostres-apartaments-de-lloguer-a-lestartit\/#breadcrumb"},"inLanguage":"ca","potentialAction":[{"@type":"ReadAction","target":["https:\/\/sagavinaestartit.com\/ca\/itineraris-de-senderisme-amb-la-teva-visita-als-nostres-apartaments-de-lloguer-a-lestartit\/"]}]},{"@type":"ImageObject","inLanguage":"ca","@id":"https:\/\/sagavinaestartit.com\/ca\/itineraris-de-senderisme-amb-la-teva-visita-als-nostres-apartaments-de-lloguer-a-lestartit\/#primaryimage","url":"https:\/\/sagavinaestartit.com\/wp-content\/uploads\/2018\/01\/senderismo_estartit.jpg","contentUrl":"https:\/\/sagavinaestartit.com\/wp-content\/uploads\/2018\/01\/senderismo_estartit.jpg","width":600,"height":400},{"@type":"BreadcrumbList","@id":"https:\/\/sagavinaestartit.com\/ca\/itineraris-de-senderisme-amb-la-teva-visita-als-nostres-apartaments-de-lloguer-a-lestartit\/#breadcrumb","itemListElement":[{"@type":"ListItem","position":1,"name":"Portada","item":"https:\/\/sagavinaestartit.com\/ca\/home\/"},{"@type":"ListItem","position":2,"name":"Itineraris de senderisme amb la teva visita als nostres apartaments de lloguer a l&#8217;Estartit."}]},{"@type":"WebSite","@id":"https:\/\/sagavinaestartit.com\/ca\/#website","url":"https:\/\/sagavinaestartit.com\/ca\/","name":"Sa Gavina Apartaments","description":"Sa Gavina Apartaments","publisher":{"@id":"https:\/\/sagavinaestartit.com\/ca\/#organization"},"potentialAction":[{"@type":"SearchAction","target":{"@type":"EntryPoint","urlTemplate":"https:\/\/sagavinaestartit.com\/ca\/?s={search_term_string}"},"query-input":{"@type":"PropertyValueSpecification","valueRequired":true,"valueName":"search_term_string"}}],"inLanguage":"ca"},{"@type":"Organization","@id":"https:\/\/sagavinaestartit.com\/ca\/#organization","name":"Sa Gavina Apartaments","url":"https:\/\/sagavinaestartit.com\/ca\/","logo":{"@type":"ImageObject","inLanguage":"ca","@id":"https:\/\/sagavinaestartit.com\/ca\/#\/schema\/logo\/image\/","url":"https:\/\/sagavinaestartit.com\/wp-content\/uploads\/2024\/12\/3-1.png","contentUrl":"https:\/\/sagavinaestartit.com\/wp-content\/uploads\/2024\/12\/3-1.png","width":500,"height":200,"caption":"Sa Gavina Apartaments"},"image":{"@id":"https:\/\/sagavinaestartit.com\/ca\/#\/schema\/logo\/image\/"}},{"@type":"Person","@id":"https:\/\/sagavinaestartit.com\/ca\/#\/schema\/person\/72b3f9a420869474351007377bde83c0","name":"tecnico_alojapro","sameAs":["https:\/\/sagavinaestartit.com"]}]}},"_links":{"self":[{"href":"https:\/\/sagavinaestartit.com\/ca\/wp-json\/wp\/v2\/posts\/28637","targetHints":{"allow":["GET"]}}],"collection":[{"href":"https:\/\/sagavinaestartit.com\/ca\/wp-json\/wp\/v2\/posts"}],"about":[{"href":"https:\/\/sagavinaestartit.com\/ca\/wp-json\/wp\/v2\/types\/post"}],"author":[{"embeddable":true,"href":"https:\/\/sagavinaestartit.com\/ca\/wp-json\/wp\/v2\/users\/1"}],"replies":[{"embeddable":true,"href":"https:\/\/sagavinaestartit.com\/ca\/wp-json\/wp\/v2\/comments?post=28637"}],"version-history":[{"count":0,"href":"https:\/\/sagavinaestartit.com\/ca\/wp-json\/wp\/v2\/posts\/28637\/revisions"}],"wp:featuredmedia":[{"embeddable":true,"href":"https:\/\/sagavinaestartit.com\/ca\/wp-json\/wp\/v2\/media\/13498"}],"wp:attachment":[{"href":"https:\/\/sagavinaestartit.com\/ca\/wp-json\/wp\/v2\/media?parent=28637"}],"wp:term":[{"taxonomy":"category","embeddable":true,"href":"https:\/\/sagavinaestartit.com\/ca\/wp-json\/wp\/v2\/categories?post=28637"},{"taxonomy":"post_tag","embeddable":true,"href":"https:\/\/sagavinaestartit.com\/ca\/wp-json\/wp\/v2\/tags?post=28637"}],"curies":[{"name":"wp","href":"https:\/\/api.w.org\/{rel}","templated":true}]}}