{"id":28625,"date":"2018-04-18T02:35:10","date_gmt":"2018-04-18T00:35:10","guid":{"rendered":"https:\/\/sagavinaestartit.com\/2018\/04\/18\/apartaments-sa-gavina-a-lestartit-a-15-minuts-de-les-jornades-gastronomiques-de-la-poma\/"},"modified":"2018-04-18T02:35:10","modified_gmt":"2018-04-18T00:35:10","slug":"apartaments-sa-gavina-a-lestartit-a-15-minuts-de-les-jornades-gastronomiques-de-la-poma","status":"publish","type":"post","link":"https:\/\/sagavinaestartit.com\/ca\/apartaments-sa-gavina-a-lestartit-a-15-minuts-de-les-jornades-gastronomiques-de-la-poma\/","title":{"rendered":"Apartaments Sa Gavina a l&#8217;Estartit a 15 minuts de les jornades gastron\u00f2miques de la poma"},"content":{"rendered":"<p>Durant el mes d&#8217;octubre podr\u00e0s gaudir de nombroses i variades receptes amb la poma com a protagonista.<\/p>\n<p>Allotja&#8217;t als nostres apartaments de lloguer a l&#8217;Estartit, despr\u00e9s d&#8217;un agradable passeig podr\u00e0s gaudir de les Jornades Gastron\u00f2miques de la Poma.<\/p>\n<p>Restaurants com Alauda de Jocs, Club N\u00e0utic Estartit, La Sal, etc \u00a0ofereixen men\u00fas especials on la poma \u00e9s l&#8217;ingredient principal: C\u00f2ctel de poma Granny Smith en dues textures acompanyada de xips fumats de poma Golden, milfulls de poma Golden amb botifarra negra, pasta de full de poma Golden amb gelat de vainilla, &#8230; que aprofiti!<\/p>\n","protected":false},"excerpt":{"rendered":"<p>Durant el mes d&#8217;octubre podr\u00e0s gaudir de nombroses i variades receptes amb la poma com a protagonista. Allotja&#8217;t als nostres apartaments de lloguer a l&#8217;Estartit, despr\u00e9s d&#8217;un agradable passeig podr\u00e0s gaudir de les Jornades Gastron\u00f2miques de la Poma. Restaurants com  [&#8230;]<\/p>\n","protected":false},"author":1,"featured_media":13341,"comment_status":"open","ping_status":"open","sticky":false,"template":"","format":"standard","meta":{"footnotes":""},"categories":[116],"tags":[],"class_list":["post-28625","post","type-post","status-publish","format-standard","has-post-thumbnail","hentry","category-activitats-a-lestartit"],"yoast_head":"<!-- This site is optimized with the Yoast SEO plugin v27.1.1 - https:\/\/yoast.com\/product\/yoast-seo-wordpress\/ -->\n<title>Apartaments Sa Gavina a l&#039;Estartit a 15 minuts de les jornades gastron\u00f2miques de la poma | Apartaments a l&#039;Estartit<\/title>\n<meta name=\"robots\" content=\"index, follow, max-snippet:-1, max-image-preview:large, max-video-preview:-1\" \/>\n<link rel=\"canonical\" href=\"https:\/\/sagavinaestartit.com\/ca\/apartaments-sa-gavina-a-lestartit-a-15-minuts-de-les-jornades-gastronomiques-de-la-poma\/\" \/>\n<meta property=\"og:locale\" content=\"ca_ES\" \/>\n<meta property=\"og:type\" content=\"article\" \/>\n<meta property=\"og:title\" content=\"Apartaments Sa Gavina a l&#039;Estartit a 15 minuts de les jornades gastron\u00f2miques de la poma | Apartaments a l&#039;Estartit\" \/>\n<meta property=\"og:description\" content=\"Durant el mes d&#8217;octubre podr\u00e0s gaudir de nombroses i variades receptes amb la poma com a protagonista. Allotja&#8217;t als nostres apartaments de lloguer a l&#8217;Estartit, despr\u00e9s d&#8217;un agradable passeig podr\u00e0s gaudir de les Jornades Gastron\u00f2miques de la Poma. Restaurants com [...]\" \/>\n<meta property=\"og:url\" content=\"https:\/\/sagavinaestartit.com\/ca\/apartaments-sa-gavina-a-lestartit-a-15-minuts-de-les-jornades-gastronomiques-de-la-poma\/\" \/>\n<meta property=\"og:site_name\" content=\"Apartaments a l&#039;Estartit\" \/>\n<meta property=\"article:published_time\" content=\"2018-04-18T00:35:10+00:00\" \/>\n<meta property=\"og:image\" content=\"https:\/\/sagavinaestartit.com\/wp-content\/uploads\/2018\/04\/gastronomicas-de-la-manzana-estartit-1.jpg\" \/>\n\t<meta property=\"og:image:width\" content=\"600\" \/>\n\t<meta property=\"og:image:height\" content=\"400\" \/>\n\t<meta property=\"og:image:type\" content=\"image\/jpeg\" \/>\n<meta name=\"author\" content=\"tecnico_alojapro\" \/>\n<meta name=\"twitter:card\" content=\"summary_large_image\" \/>\n<meta name=\"twitter:label1\" content=\"Escrit per\" \/>\n\t<meta name=\"twitter:data1\" content=\"tecnico_alojapro\" \/>\n<script type=\"application\/ld+json\" class=\"yoast-schema-graph\">{\"@context\":\"https:\/\/schema.org\",\"@graph\":[{\"@type\":\"Article\",\"@id\":\"https:\/\/sagavinaestartit.com\/ca\/apartaments-sa-gavina-a-lestartit-a-15-minuts-de-les-jornades-gastronomiques-de-la-poma\/#article\",\"isPartOf\":{\"@id\":\"https:\/\/sagavinaestartit.com\/ca\/apartaments-sa-gavina-a-lestartit-a-15-minuts-de-les-jornades-gastronomiques-de-la-poma\/\"},\"author\":{\"name\":\"tecnico_alojapro\",\"@id\":\"https:\/\/sagavinaestartit.com\/ca\/#\/schema\/person\/72b3f9a420869474351007377bde83c0\"},\"headline\":\"Apartaments Sa Gavina a l&#8217;Estartit a 15 minuts de les jornades gastron\u00f2miques de la poma\",\"datePublished\":\"2018-04-18T00:35:10+00:00\",\"mainEntityOfPage\":{\"@id\":\"https:\/\/sagavinaestartit.com\/ca\/apartaments-sa-gavina-a-lestartit-a-15-minuts-de-les-jornades-gastronomiques-de-la-poma\/\"},\"wordCount\":120,\"commentCount\":0,\"publisher\":{\"@id\":\"https:\/\/sagavinaestartit.com\/ca\/#organization\"},\"image\":{\"@id\":\"https:\/\/sagavinaestartit.com\/ca\/apartaments-sa-gavina-a-lestartit-a-15-minuts-de-les-jornades-gastronomiques-de-la-poma\/#primaryimage\"},\"thumbnailUrl\":\"https:\/\/sagavinaestartit.com\/wp-content\/uploads\/2018\/04\/gastronomicas-de-la-manzana-estartit-1.jpg\",\"articleSection\":[\"Activitats a l'Estartit\"],\"inLanguage\":\"ca\",\"potentialAction\":[{\"@type\":\"CommentAction\",\"name\":\"Comment\",\"target\":[\"https:\/\/sagavinaestartit.com\/ca\/apartaments-sa-gavina-a-lestartit-a-15-minuts-de-les-jornades-gastronomiques-de-la-poma\/#respond\"]}]},{\"@type\":\"WebPage\",\"@id\":\"https:\/\/sagavinaestartit.com\/ca\/apartaments-sa-gavina-a-lestartit-a-15-minuts-de-les-jornades-gastronomiques-de-la-poma\/\",\"url\":\"https:\/\/sagavinaestartit.com\/ca\/apartaments-sa-gavina-a-lestartit-a-15-minuts-de-les-jornades-gastronomiques-de-la-poma\/\",\"name\":\"Apartaments Sa Gavina a l'Estartit a 15 minuts de les jornades gastron\u00f2miques de la poma | Apartaments a l'Estartit\",\"isPartOf\":{\"@id\":\"https:\/\/sagavinaestartit.com\/ca\/#website\"},\"primaryImageOfPage\":{\"@id\":\"https:\/\/sagavinaestartit.com\/ca\/apartaments-sa-gavina-a-lestartit-a-15-minuts-de-les-jornades-gastronomiques-de-la-poma\/#primaryimage\"},\"image\":{\"@id\":\"https:\/\/sagavinaestartit.com\/ca\/apartaments-sa-gavina-a-lestartit-a-15-minuts-de-les-jornades-gastronomiques-de-la-poma\/#primaryimage\"},\"thumbnailUrl\":\"https:\/\/sagavinaestartit.com\/wp-content\/uploads\/2018\/04\/gastronomicas-de-la-manzana-estartit-1.jpg\",\"datePublished\":\"2018-04-18T00:35:10+00:00\",\"breadcrumb\":{\"@id\":\"https:\/\/sagavinaestartit.com\/ca\/apartaments-sa-gavina-a-lestartit-a-15-minuts-de-les-jornades-gastronomiques-de-la-poma\/#breadcrumb\"},\"inLanguage\":\"ca\",\"potentialAction\":[{\"@type\":\"ReadAction\",\"target\":[\"https:\/\/sagavinaestartit.com\/ca\/apartaments-sa-gavina-a-lestartit-a-15-minuts-de-les-jornades-gastronomiques-de-la-poma\/\"]}]},{\"@type\":\"ImageObject\",\"inLanguage\":\"ca\",\"@id\":\"https:\/\/sagavinaestartit.com\/ca\/apartaments-sa-gavina-a-lestartit-a-15-minuts-de-les-jornades-gastronomiques-de-la-poma\/#primaryimage\",\"url\":\"https:\/\/sagavinaestartit.com\/wp-content\/uploads\/2018\/04\/gastronomicas-de-la-manzana-estartit-1.jpg\",\"contentUrl\":\"https:\/\/sagavinaestartit.com\/wp-content\/uploads\/2018\/04\/gastronomicas-de-la-manzana-estartit-1.jpg\",\"width\":600,\"height\":400},{\"@type\":\"BreadcrumbList\",\"@id\":\"https:\/\/sagavinaestartit.com\/ca\/apartaments-sa-gavina-a-lestartit-a-15-minuts-de-les-jornades-gastronomiques-de-la-poma\/#breadcrumb\",\"itemListElement\":[{\"@type\":\"ListItem\",\"position\":1,\"name\":\"Portada\",\"item\":\"https:\/\/sagavinaestartit.com\/ca\/home\/\"},{\"@type\":\"ListItem\",\"position\":2,\"name\":\"Apartaments Sa Gavina a l&#8217;Estartit a 15 minuts de les jornades gastron\u00f2miques de la poma\"}]},{\"@type\":\"WebSite\",\"@id\":\"https:\/\/sagavinaestartit.com\/ca\/#website\",\"url\":\"https:\/\/sagavinaestartit.com\/ca\/\",\"name\":\"Sa Gavina Apartaments\",\"description\":\"Sa Gavina Apartaments\",\"publisher\":{\"@id\":\"https:\/\/sagavinaestartit.com\/ca\/#organization\"},\"potentialAction\":[{\"@type\":\"SearchAction\",\"target\":{\"@type\":\"EntryPoint\",\"urlTemplate\":\"https:\/\/sagavinaestartit.com\/ca\/?s={search_term_string}\"},\"query-input\":{\"@type\":\"PropertyValueSpecification\",\"valueRequired\":true,\"valueName\":\"search_term_string\"}}],\"inLanguage\":\"ca\"},{\"@type\":\"Organization\",\"@id\":\"https:\/\/sagavinaestartit.com\/ca\/#organization\",\"name\":\"Sa Gavina Apartaments\",\"url\":\"https:\/\/sagavinaestartit.com\/ca\/\",\"logo\":{\"@type\":\"ImageObject\",\"inLanguage\":\"ca\",\"@id\":\"https:\/\/sagavinaestartit.com\/ca\/#\/schema\/logo\/image\/\",\"url\":\"https:\/\/sagavinaestartit.com\/wp-content\/uploads\/2024\/12\/3-1.png\",\"contentUrl\":\"https:\/\/sagavinaestartit.com\/wp-content\/uploads\/2024\/12\/3-1.png\",\"width\":500,\"height\":200,\"caption\":\"Sa Gavina Apartaments\"},\"image\":{\"@id\":\"https:\/\/sagavinaestartit.com\/ca\/#\/schema\/logo\/image\/\"}},{\"@type\":\"Person\",\"@id\":\"https:\/\/sagavinaestartit.com\/ca\/#\/schema\/person\/72b3f9a420869474351007377bde83c0\",\"name\":\"tecnico_alojapro\",\"sameAs\":[\"https:\/\/sagavinaestartit.com\"]}]}<\/script>\n<!-- \/ Yoast SEO plugin. -->","yoast_head_json":{"title":"Apartaments Sa Gavina a l'Estartit a 15 minuts de les jornades gastron\u00f2miques de la poma | Apartaments a l'Estartit","robots":{"index":"index","follow":"follow","max-snippet":"max-snippet:-1","max-image-preview":"max-image-preview:large","max-video-preview":"max-video-preview:-1"},"canonical":"https:\/\/sagavinaestartit.com\/ca\/apartaments-sa-gavina-a-lestartit-a-15-minuts-de-les-jornades-gastronomiques-de-la-poma\/","og_locale":"ca_ES","og_type":"article","og_title":"Apartaments Sa Gavina a l'Estartit a 15 minuts de les jornades gastron\u00f2miques de la poma | Apartaments a l'Estartit","og_description":"Durant el mes d&#8217;octubre podr\u00e0s gaudir de nombroses i variades receptes amb la poma com a protagonista. Allotja&#8217;t als nostres apartaments de lloguer a l&#8217;Estartit, despr\u00e9s d&#8217;un agradable passeig podr\u00e0s gaudir de les Jornades Gastron\u00f2miques de la Poma. Restaurants com [...]","og_url":"https:\/\/sagavinaestartit.com\/ca\/apartaments-sa-gavina-a-lestartit-a-15-minuts-de-les-jornades-gastronomiques-de-la-poma\/","og_site_name":"Apartaments a l'Estartit","article_published_time":"2018-04-18T00:35:10+00:00","og_image":[{"width":600,"height":400,"url":"https:\/\/sagavinaestartit.com\/wp-content\/uploads\/2018\/04\/gastronomicas-de-la-manzana-estartit-1.jpg","type":"image\/jpeg"}],"author":"tecnico_alojapro","twitter_card":"summary_large_image","twitter_misc":{"Escrit per":"tecnico_alojapro"},"schema":{"@context":"https:\/\/schema.org","@graph":[{"@type":"Article","@id":"https:\/\/sagavinaestartit.com\/ca\/apartaments-sa-gavina-a-lestartit-a-15-minuts-de-les-jornades-gastronomiques-de-la-poma\/#article","isPartOf":{"@id":"https:\/\/sagavinaestartit.com\/ca\/apartaments-sa-gavina-a-lestartit-a-15-minuts-de-les-jornades-gastronomiques-de-la-poma\/"},"author":{"name":"tecnico_alojapro","@id":"https:\/\/sagavinaestartit.com\/ca\/#\/schema\/person\/72b3f9a420869474351007377bde83c0"},"headline":"Apartaments Sa Gavina a l&#8217;Estartit a 15 minuts de les jornades gastron\u00f2miques de la poma","datePublished":"2018-04-18T00:35:10+00:00","mainEntityOfPage":{"@id":"https:\/\/sagavinaestartit.com\/ca\/apartaments-sa-gavina-a-lestartit-a-15-minuts-de-les-jornades-gastronomiques-de-la-poma\/"},"wordCount":120,"commentCount":0,"publisher":{"@id":"https:\/\/sagavinaestartit.com\/ca\/#organization"},"image":{"@id":"https:\/\/sagavinaestartit.com\/ca\/apartaments-sa-gavina-a-lestartit-a-15-minuts-de-les-jornades-gastronomiques-de-la-poma\/#primaryimage"},"thumbnailUrl":"https:\/\/sagavinaestartit.com\/wp-content\/uploads\/2018\/04\/gastronomicas-de-la-manzana-estartit-1.jpg","articleSection":["Activitats a l'Estartit"],"inLanguage":"ca","potentialAction":[{"@type":"CommentAction","name":"Comment","target":["https:\/\/sagavinaestartit.com\/ca\/apartaments-sa-gavina-a-lestartit-a-15-minuts-de-les-jornades-gastronomiques-de-la-poma\/#respond"]}]},{"@type":"WebPage","@id":"https:\/\/sagavinaestartit.com\/ca\/apartaments-sa-gavina-a-lestartit-a-15-minuts-de-les-jornades-gastronomiques-de-la-poma\/","url":"https:\/\/sagavinaestartit.com\/ca\/apartaments-sa-gavina-a-lestartit-a-15-minuts-de-les-jornades-gastronomiques-de-la-poma\/","name":"Apartaments Sa Gavina a l'Estartit a 15 minuts de les jornades gastron\u00f2miques de la poma | Apartaments a l'Estartit","isPartOf":{"@id":"https:\/\/sagavinaestartit.com\/ca\/#website"},"primaryImageOfPage":{"@id":"https:\/\/sagavinaestartit.com\/ca\/apartaments-sa-gavina-a-lestartit-a-15-minuts-de-les-jornades-gastronomiques-de-la-poma\/#primaryimage"},"image":{"@id":"https:\/\/sagavinaestartit.com\/ca\/apartaments-sa-gavina-a-lestartit-a-15-minuts-de-les-jornades-gastronomiques-de-la-poma\/#primaryimage"},"thumbnailUrl":"https:\/\/sagavinaestartit.com\/wp-content\/uploads\/2018\/04\/gastronomicas-de-la-manzana-estartit-1.jpg","datePublished":"2018-04-18T00:35:10+00:00","breadcrumb":{"@id":"https:\/\/sagavinaestartit.com\/ca\/apartaments-sa-gavina-a-lestartit-a-15-minuts-de-les-jornades-gastronomiques-de-la-poma\/#breadcrumb"},"inLanguage":"ca","potentialAction":[{"@type":"ReadAction","target":["https:\/\/sagavinaestartit.com\/ca\/apartaments-sa-gavina-a-lestartit-a-15-minuts-de-les-jornades-gastronomiques-de-la-poma\/"]}]},{"@type":"ImageObject","inLanguage":"ca","@id":"https:\/\/sagavinaestartit.com\/ca\/apartaments-sa-gavina-a-lestartit-a-15-minuts-de-les-jornades-gastronomiques-de-la-poma\/#primaryimage","url":"https:\/\/sagavinaestartit.com\/wp-content\/uploads\/2018\/04\/gastronomicas-de-la-manzana-estartit-1.jpg","contentUrl":"https:\/\/sagavinaestartit.com\/wp-content\/uploads\/2018\/04\/gastronomicas-de-la-manzana-estartit-1.jpg","width":600,"height":400},{"@type":"BreadcrumbList","@id":"https:\/\/sagavinaestartit.com\/ca\/apartaments-sa-gavina-a-lestartit-a-15-minuts-de-les-jornades-gastronomiques-de-la-poma\/#breadcrumb","itemListElement":[{"@type":"ListItem","position":1,"name":"Portada","item":"https:\/\/sagavinaestartit.com\/ca\/home\/"},{"@type":"ListItem","position":2,"name":"Apartaments Sa Gavina a l&#8217;Estartit a 15 minuts de les jornades gastron\u00f2miques de la poma"}]},{"@type":"WebSite","@id":"https:\/\/sagavinaestartit.com\/ca\/#website","url":"https:\/\/sagavinaestartit.com\/ca\/","name":"Sa Gavina Apartaments","description":"Sa Gavina Apartaments","publisher":{"@id":"https:\/\/sagavinaestartit.com\/ca\/#organization"},"potentialAction":[{"@type":"SearchAction","target":{"@type":"EntryPoint","urlTemplate":"https:\/\/sagavinaestartit.com\/ca\/?s={search_term_string}"},"query-input":{"@type":"PropertyValueSpecification","valueRequired":true,"valueName":"search_term_string"}}],"inLanguage":"ca"},{"@type":"Organization","@id":"https:\/\/sagavinaestartit.com\/ca\/#organization","name":"Sa Gavina Apartaments","url":"https:\/\/sagavinaestartit.com\/ca\/","logo":{"@type":"ImageObject","inLanguage":"ca","@id":"https:\/\/sagavinaestartit.com\/ca\/#\/schema\/logo\/image\/","url":"https:\/\/sagavinaestartit.com\/wp-content\/uploads\/2024\/12\/3-1.png","contentUrl":"https:\/\/sagavinaestartit.com\/wp-content\/uploads\/2024\/12\/3-1.png","width":500,"height":200,"caption":"Sa Gavina Apartaments"},"image":{"@id":"https:\/\/sagavinaestartit.com\/ca\/#\/schema\/logo\/image\/"}},{"@type":"Person","@id":"https:\/\/sagavinaestartit.com\/ca\/#\/schema\/person\/72b3f9a420869474351007377bde83c0","name":"tecnico_alojapro","sameAs":["https:\/\/sagavinaestartit.com"]}]}},"_links":{"self":[{"href":"https:\/\/sagavinaestartit.com\/ca\/wp-json\/wp\/v2\/posts\/28625","targetHints":{"allow":["GET"]}}],"collection":[{"href":"https:\/\/sagavinaestartit.com\/ca\/wp-json\/wp\/v2\/posts"}],"about":[{"href":"https:\/\/sagavinaestartit.com\/ca\/wp-json\/wp\/v2\/types\/post"}],"author":[{"embeddable":true,"href":"https:\/\/sagavinaestartit.com\/ca\/wp-json\/wp\/v2\/users\/1"}],"replies":[{"embeddable":true,"href":"https:\/\/sagavinaestartit.com\/ca\/wp-json\/wp\/v2\/comments?post=28625"}],"version-history":[{"count":0,"href":"https:\/\/sagavinaestartit.com\/ca\/wp-json\/wp\/v2\/posts\/28625\/revisions"}],"wp:featuredmedia":[{"embeddable":true,"href":"https:\/\/sagavinaestartit.com\/ca\/wp-json\/wp\/v2\/media\/13341"}],"wp:attachment":[{"href":"https:\/\/sagavinaestartit.com\/ca\/wp-json\/wp\/v2\/media?parent=28625"}],"wp:term":[{"taxonomy":"category","embeddable":true,"href":"https:\/\/sagavinaestartit.com\/ca\/wp-json\/wp\/v2\/categories?post=28625"},{"taxonomy":"post_tag","embeddable":true,"href":"https:\/\/sagavinaestartit.com\/ca\/wp-json\/wp\/v2\/tags?post=28625"}],"curies":[{"name":"wp","href":"https:\/\/api.w.org\/{rel}","templated":true}]}}