{"id":28619,"date":"2018-04-18T10:38:44","date_gmt":"2018-04-18T08:38:44","guid":{"rendered":"https:\/\/sagavinaestartit.com\/2018\/04\/18\/lestany-de-banyoles-i-besalu\/"},"modified":"2018-04-18T10:38:44","modified_gmt":"2018-04-18T08:38:44","slug":"lestany-de-banyoles-i-besalu","status":"publish","type":"post","link":"https:\/\/sagavinaestartit.com\/ca\/lestany-de-banyoles-i-besalu\/","title":{"rendered":"L&#8217;estany de Banyoles i Besal\u00fa"},"content":{"rendered":"<p style=\"text-align: justify;\">L\u2019Estany de Banyoles est\u00e0 a la comarca del Pla de l\u2019Estany molt propera a la comarca del Baix Empord\u00e0 (Costa Brava).<\/p>\n<p style=\"text-align: justify;\">L\u2019estany de Banyoles est\u00e0 situat a 50 km. dels apartaments Sa Gavina Gaud\u00ed i Sa Gavina Medes de l\u2019Estartit i, amb una extensi\u00f3 de 110 kil\u00f2metres quadrats, \u00e9s el llac natural m\u00e9s gran de Catalunya i l\u2019any 1992 va ser declarat Espai d\u2019Inter\u00e8s Nacional.<\/p>\n<p style=\"text-align: justify;\">S\u00f3n moltes les aus, especialment \u00e0necs, aix\u00ed com amfibis, r\u00e8ptils i peixos que viuen en aquest llac aix\u00ed com plantes que viuen en els voltants o parcial o totalment submergides.<\/p>\n<p style=\"text-align: justify;\">Les activitats que poden realitzar-se s\u00f3n passejos en barques tur\u00edstiques o a peu al voltant els 6,5 km de per\u00edmetre del llac aix\u00ed com la pesca (sense mort), rem, pirag\u00fcisme, nataci\u00f3,etc.<\/p>\n<p style=\"text-align: justify;\">Una altra activitat familiar \u00e9s el tren tur\u00edstic amb un recorregut de 50 minuts \u00a0pel sud del llac fins a l\u2019esgl\u00e9sia rom\u00e0nica de Santa Maria de Porqueres.<\/p>\n<p style=\"text-align: justify;\">Besal\u00fa \u00e9s un petit poble medieval, \u00a0a 20 km de Banyoles, molt visitat pel turisme familiar. \u00c9s considerat com un dels principals conjunts medievals \u00a0millor conservats de Catalunya amb el Monestir de Sant Pere i el Barri jueu amb un impressionant espai de banys jueus. Tamb\u00e9 \u00e9s molt recomanable visitar el pont rom\u00e0nic sobre el riu Fluvi\u00e0.<\/p>\n","protected":false},"excerpt":{"rendered":"<p>L\u2019Estany de Banyoles est\u00e0 a la comarca del Pla de l\u2019Estany molt propera a la comarca del Baix Empord\u00e0 (Costa Brava). L\u2019estany de Banyoles est\u00e0 situat a 50 km. dels apartaments Sa Gavina Gaud\u00ed i Sa Gavina Medes de l\u2019Estartit  [&#8230;]<\/p>\n","protected":false},"author":1,"featured_media":13266,"comment_status":"open","ping_status":"open","sticky":false,"template":"","format":"standard","meta":{"footnotes":""},"categories":[116],"tags":[],"class_list":["post-28619","post","type-post","status-publish","format-standard","has-post-thumbnail","hentry","category-activitats-a-lestartit"],"yoast_head":"<!-- This site is optimized with the Yoast SEO plugin v27.1.1 - https:\/\/yoast.com\/product\/yoast-seo-wordpress\/ -->\n<title>L&#039;estany de Banyoles i Besal\u00fa | Apartaments a l&#039;Estartit<\/title>\n<meta name=\"robots\" content=\"index, follow, max-snippet:-1, max-image-preview:large, max-video-preview:-1\" \/>\n<link rel=\"canonical\" href=\"https:\/\/sagavinaestartit.com\/ca\/lestany-de-banyoles-i-besalu\/\" \/>\n<meta property=\"og:locale\" content=\"ca_ES\" \/>\n<meta property=\"og:type\" content=\"article\" \/>\n<meta property=\"og:title\" content=\"L&#039;estany de Banyoles i Besal\u00fa | Apartaments a l&#039;Estartit\" \/>\n<meta property=\"og:description\" content=\"L\u2019Estany de Banyoles est\u00e0 a la comarca del Pla de l\u2019Estany molt propera a la comarca del Baix Empord\u00e0 (Costa Brava). L\u2019estany de Banyoles est\u00e0 situat a 50 km. dels apartaments Sa Gavina Gaud\u00ed i Sa Gavina Medes de l\u2019Estartit [...]\" \/>\n<meta property=\"og:url\" content=\"https:\/\/sagavinaestartit.com\/ca\/lestany-de-banyoles-i-besalu\/\" \/>\n<meta property=\"og:site_name\" content=\"Apartaments a l&#039;Estartit\" \/>\n<meta property=\"article:published_time\" content=\"2018-04-18T08:38:44+00:00\" \/>\n<meta property=\"og:image\" content=\"https:\/\/sagavinaestartit.com\/wp-content\/uploads\/2018\/04\/girona-1.jpg\" \/>\n\t<meta property=\"og:image:width\" content=\"600\" \/>\n\t<meta property=\"og:image:height\" content=\"400\" \/>\n\t<meta property=\"og:image:type\" content=\"image\/jpeg\" \/>\n<meta name=\"author\" content=\"tecnico_alojapro\" \/>\n<meta name=\"twitter:card\" content=\"summary_large_image\" \/>\n<meta name=\"twitter:label1\" content=\"Escrit per\" \/>\n\t<meta name=\"twitter:data1\" content=\"tecnico_alojapro\" \/>\n\t<meta name=\"twitter:label2\" content=\"Temps estimat de lectura\" \/>\n\t<meta name=\"twitter:data2\" content=\"1 minut\" \/>\n<script type=\"application\/ld+json\" class=\"yoast-schema-graph\">{\"@context\":\"https:\/\/schema.org\",\"@graph\":[{\"@type\":\"Article\",\"@id\":\"https:\/\/sagavinaestartit.com\/ca\/lestany-de-banyoles-i-besalu\/#article\",\"isPartOf\":{\"@id\":\"https:\/\/sagavinaestartit.com\/ca\/lestany-de-banyoles-i-besalu\/\"},\"author\":{\"name\":\"tecnico_alojapro\",\"@id\":\"https:\/\/sagavinaestartit.com\/ca\/#\/schema\/person\/72b3f9a420869474351007377bde83c0\"},\"headline\":\"L&#8217;estany de Banyoles i Besal\u00fa\",\"datePublished\":\"2018-04-18T08:38:44+00:00\",\"mainEntityOfPage\":{\"@id\":\"https:\/\/sagavinaestartit.com\/ca\/lestany-de-banyoles-i-besalu\/\"},\"wordCount\":231,\"commentCount\":0,\"publisher\":{\"@id\":\"https:\/\/sagavinaestartit.com\/ca\/#organization\"},\"image\":{\"@id\":\"https:\/\/sagavinaestartit.com\/ca\/lestany-de-banyoles-i-besalu\/#primaryimage\"},\"thumbnailUrl\":\"https:\/\/sagavinaestartit.com\/wp-content\/uploads\/2018\/04\/girona-1.jpg\",\"articleSection\":[\"Activitats a l'Estartit\"],\"inLanguage\":\"ca\",\"potentialAction\":[{\"@type\":\"CommentAction\",\"name\":\"Comment\",\"target\":[\"https:\/\/sagavinaestartit.com\/ca\/lestany-de-banyoles-i-besalu\/#respond\"]}]},{\"@type\":\"WebPage\",\"@id\":\"https:\/\/sagavinaestartit.com\/ca\/lestany-de-banyoles-i-besalu\/\",\"url\":\"https:\/\/sagavinaestartit.com\/ca\/lestany-de-banyoles-i-besalu\/\",\"name\":\"L'estany de Banyoles i Besal\u00fa | Apartaments a l'Estartit\",\"isPartOf\":{\"@id\":\"https:\/\/sagavinaestartit.com\/ca\/#website\"},\"primaryImageOfPage\":{\"@id\":\"https:\/\/sagavinaestartit.com\/ca\/lestany-de-banyoles-i-besalu\/#primaryimage\"},\"image\":{\"@id\":\"https:\/\/sagavinaestartit.com\/ca\/lestany-de-banyoles-i-besalu\/#primaryimage\"},\"thumbnailUrl\":\"https:\/\/sagavinaestartit.com\/wp-content\/uploads\/2018\/04\/girona-1.jpg\",\"datePublished\":\"2018-04-18T08:38:44+00:00\",\"breadcrumb\":{\"@id\":\"https:\/\/sagavinaestartit.com\/ca\/lestany-de-banyoles-i-besalu\/#breadcrumb\"},\"inLanguage\":\"ca\",\"potentialAction\":[{\"@type\":\"ReadAction\",\"target\":[\"https:\/\/sagavinaestartit.com\/ca\/lestany-de-banyoles-i-besalu\/\"]}]},{\"@type\":\"ImageObject\",\"inLanguage\":\"ca\",\"@id\":\"https:\/\/sagavinaestartit.com\/ca\/lestany-de-banyoles-i-besalu\/#primaryimage\",\"url\":\"https:\/\/sagavinaestartit.com\/wp-content\/uploads\/2018\/04\/girona-1.jpg\",\"contentUrl\":\"https:\/\/sagavinaestartit.com\/wp-content\/uploads\/2018\/04\/girona-1.jpg\",\"width\":600,\"height\":400},{\"@type\":\"BreadcrumbList\",\"@id\":\"https:\/\/sagavinaestartit.com\/ca\/lestany-de-banyoles-i-besalu\/#breadcrumb\",\"itemListElement\":[{\"@type\":\"ListItem\",\"position\":1,\"name\":\"Portada\",\"item\":\"https:\/\/sagavinaestartit.com\/ca\/home\/\"},{\"@type\":\"ListItem\",\"position\":2,\"name\":\"L&#8217;estany de Banyoles i Besal\u00fa\"}]},{\"@type\":\"WebSite\",\"@id\":\"https:\/\/sagavinaestartit.com\/ca\/#website\",\"url\":\"https:\/\/sagavinaestartit.com\/ca\/\",\"name\":\"Sa Gavina Apartaments\",\"description\":\"Sa Gavina Apartaments\",\"publisher\":{\"@id\":\"https:\/\/sagavinaestartit.com\/ca\/#organization\"},\"potentialAction\":[{\"@type\":\"SearchAction\",\"target\":{\"@type\":\"EntryPoint\",\"urlTemplate\":\"https:\/\/sagavinaestartit.com\/ca\/?s={search_term_string}\"},\"query-input\":{\"@type\":\"PropertyValueSpecification\",\"valueRequired\":true,\"valueName\":\"search_term_string\"}}],\"inLanguage\":\"ca\"},{\"@type\":\"Organization\",\"@id\":\"https:\/\/sagavinaestartit.com\/ca\/#organization\",\"name\":\"Sa Gavina Apartaments\",\"url\":\"https:\/\/sagavinaestartit.com\/ca\/\",\"logo\":{\"@type\":\"ImageObject\",\"inLanguage\":\"ca\",\"@id\":\"https:\/\/sagavinaestartit.com\/ca\/#\/schema\/logo\/image\/\",\"url\":\"https:\/\/sagavinaestartit.com\/wp-content\/uploads\/2024\/12\/3-1.png\",\"contentUrl\":\"https:\/\/sagavinaestartit.com\/wp-content\/uploads\/2024\/12\/3-1.png\",\"width\":500,\"height\":200,\"caption\":\"Sa Gavina Apartaments\"},\"image\":{\"@id\":\"https:\/\/sagavinaestartit.com\/ca\/#\/schema\/logo\/image\/\"}},{\"@type\":\"Person\",\"@id\":\"https:\/\/sagavinaestartit.com\/ca\/#\/schema\/person\/72b3f9a420869474351007377bde83c0\",\"name\":\"tecnico_alojapro\",\"sameAs\":[\"https:\/\/sagavinaestartit.com\"]}]}<\/script>\n<!-- \/ Yoast SEO plugin. -->","yoast_head_json":{"title":"L'estany de Banyoles i Besal\u00fa | Apartaments a l'Estartit","robots":{"index":"index","follow":"follow","max-snippet":"max-snippet:-1","max-image-preview":"max-image-preview:large","max-video-preview":"max-video-preview:-1"},"canonical":"https:\/\/sagavinaestartit.com\/ca\/lestany-de-banyoles-i-besalu\/","og_locale":"ca_ES","og_type":"article","og_title":"L'estany de Banyoles i Besal\u00fa | Apartaments a l'Estartit","og_description":"L\u2019Estany de Banyoles est\u00e0 a la comarca del Pla de l\u2019Estany molt propera a la comarca del Baix Empord\u00e0 (Costa Brava). L\u2019estany de Banyoles est\u00e0 situat a 50 km. dels apartaments Sa Gavina Gaud\u00ed i Sa Gavina Medes de l\u2019Estartit [...]","og_url":"https:\/\/sagavinaestartit.com\/ca\/lestany-de-banyoles-i-besalu\/","og_site_name":"Apartaments a l'Estartit","article_published_time":"2018-04-18T08:38:44+00:00","og_image":[{"width":600,"height":400,"url":"https:\/\/sagavinaestartit.com\/wp-content\/uploads\/2018\/04\/girona-1.jpg","type":"image\/jpeg"}],"author":"tecnico_alojapro","twitter_card":"summary_large_image","twitter_misc":{"Escrit per":"tecnico_alojapro","Temps estimat de lectura":"1 minut"},"schema":{"@context":"https:\/\/schema.org","@graph":[{"@type":"Article","@id":"https:\/\/sagavinaestartit.com\/ca\/lestany-de-banyoles-i-besalu\/#article","isPartOf":{"@id":"https:\/\/sagavinaestartit.com\/ca\/lestany-de-banyoles-i-besalu\/"},"author":{"name":"tecnico_alojapro","@id":"https:\/\/sagavinaestartit.com\/ca\/#\/schema\/person\/72b3f9a420869474351007377bde83c0"},"headline":"L&#8217;estany de Banyoles i Besal\u00fa","datePublished":"2018-04-18T08:38:44+00:00","mainEntityOfPage":{"@id":"https:\/\/sagavinaestartit.com\/ca\/lestany-de-banyoles-i-besalu\/"},"wordCount":231,"commentCount":0,"publisher":{"@id":"https:\/\/sagavinaestartit.com\/ca\/#organization"},"image":{"@id":"https:\/\/sagavinaestartit.com\/ca\/lestany-de-banyoles-i-besalu\/#primaryimage"},"thumbnailUrl":"https:\/\/sagavinaestartit.com\/wp-content\/uploads\/2018\/04\/girona-1.jpg","articleSection":["Activitats a l'Estartit"],"inLanguage":"ca","potentialAction":[{"@type":"CommentAction","name":"Comment","target":["https:\/\/sagavinaestartit.com\/ca\/lestany-de-banyoles-i-besalu\/#respond"]}]},{"@type":"WebPage","@id":"https:\/\/sagavinaestartit.com\/ca\/lestany-de-banyoles-i-besalu\/","url":"https:\/\/sagavinaestartit.com\/ca\/lestany-de-banyoles-i-besalu\/","name":"L'estany de Banyoles i Besal\u00fa | Apartaments a l'Estartit","isPartOf":{"@id":"https:\/\/sagavinaestartit.com\/ca\/#website"},"primaryImageOfPage":{"@id":"https:\/\/sagavinaestartit.com\/ca\/lestany-de-banyoles-i-besalu\/#primaryimage"},"image":{"@id":"https:\/\/sagavinaestartit.com\/ca\/lestany-de-banyoles-i-besalu\/#primaryimage"},"thumbnailUrl":"https:\/\/sagavinaestartit.com\/wp-content\/uploads\/2018\/04\/girona-1.jpg","datePublished":"2018-04-18T08:38:44+00:00","breadcrumb":{"@id":"https:\/\/sagavinaestartit.com\/ca\/lestany-de-banyoles-i-besalu\/#breadcrumb"},"inLanguage":"ca","potentialAction":[{"@type":"ReadAction","target":["https:\/\/sagavinaestartit.com\/ca\/lestany-de-banyoles-i-besalu\/"]}]},{"@type":"ImageObject","inLanguage":"ca","@id":"https:\/\/sagavinaestartit.com\/ca\/lestany-de-banyoles-i-besalu\/#primaryimage","url":"https:\/\/sagavinaestartit.com\/wp-content\/uploads\/2018\/04\/girona-1.jpg","contentUrl":"https:\/\/sagavinaestartit.com\/wp-content\/uploads\/2018\/04\/girona-1.jpg","width":600,"height":400},{"@type":"BreadcrumbList","@id":"https:\/\/sagavinaestartit.com\/ca\/lestany-de-banyoles-i-besalu\/#breadcrumb","itemListElement":[{"@type":"ListItem","position":1,"name":"Portada","item":"https:\/\/sagavinaestartit.com\/ca\/home\/"},{"@type":"ListItem","position":2,"name":"L&#8217;estany de Banyoles i Besal\u00fa"}]},{"@type":"WebSite","@id":"https:\/\/sagavinaestartit.com\/ca\/#website","url":"https:\/\/sagavinaestartit.com\/ca\/","name":"Sa Gavina Apartaments","description":"Sa Gavina Apartaments","publisher":{"@id":"https:\/\/sagavinaestartit.com\/ca\/#organization"},"potentialAction":[{"@type":"SearchAction","target":{"@type":"EntryPoint","urlTemplate":"https:\/\/sagavinaestartit.com\/ca\/?s={search_term_string}"},"query-input":{"@type":"PropertyValueSpecification","valueRequired":true,"valueName":"search_term_string"}}],"inLanguage":"ca"},{"@type":"Organization","@id":"https:\/\/sagavinaestartit.com\/ca\/#organization","name":"Sa Gavina Apartaments","url":"https:\/\/sagavinaestartit.com\/ca\/","logo":{"@type":"ImageObject","inLanguage":"ca","@id":"https:\/\/sagavinaestartit.com\/ca\/#\/schema\/logo\/image\/","url":"https:\/\/sagavinaestartit.com\/wp-content\/uploads\/2024\/12\/3-1.png","contentUrl":"https:\/\/sagavinaestartit.com\/wp-content\/uploads\/2024\/12\/3-1.png","width":500,"height":200,"caption":"Sa Gavina Apartaments"},"image":{"@id":"https:\/\/sagavinaestartit.com\/ca\/#\/schema\/logo\/image\/"}},{"@type":"Person","@id":"https:\/\/sagavinaestartit.com\/ca\/#\/schema\/person\/72b3f9a420869474351007377bde83c0","name":"tecnico_alojapro","sameAs":["https:\/\/sagavinaestartit.com"]}]}},"_links":{"self":[{"href":"https:\/\/sagavinaestartit.com\/ca\/wp-json\/wp\/v2\/posts\/28619","targetHints":{"allow":["GET"]}}],"collection":[{"href":"https:\/\/sagavinaestartit.com\/ca\/wp-json\/wp\/v2\/posts"}],"about":[{"href":"https:\/\/sagavinaestartit.com\/ca\/wp-json\/wp\/v2\/types\/post"}],"author":[{"embeddable":true,"href":"https:\/\/sagavinaestartit.com\/ca\/wp-json\/wp\/v2\/users\/1"}],"replies":[{"embeddable":true,"href":"https:\/\/sagavinaestartit.com\/ca\/wp-json\/wp\/v2\/comments?post=28619"}],"version-history":[{"count":0,"href":"https:\/\/sagavinaestartit.com\/ca\/wp-json\/wp\/v2\/posts\/28619\/revisions"}],"wp:featuredmedia":[{"embeddable":true,"href":"https:\/\/sagavinaestartit.com\/ca\/wp-json\/wp\/v2\/media\/13266"}],"wp:attachment":[{"href":"https:\/\/sagavinaestartit.com\/ca\/wp-json\/wp\/v2\/media?parent=28619"}],"wp:term":[{"taxonomy":"category","embeddable":true,"href":"https:\/\/sagavinaestartit.com\/ca\/wp-json\/wp\/v2\/categories?post=28619"},{"taxonomy":"post_tag","embeddable":true,"href":"https:\/\/sagavinaestartit.com\/ca\/wp-json\/wp\/v2\/tags?post=28619"}],"curies":[{"name":"wp","href":"https:\/\/api.w.org\/{rel}","templated":true}]}}